{"id":75956,"date":"2023-07-26T08:27:12","date_gmt":"2023-07-26T11:27:12","guid":{"rendered":"https:\/\/corrientesdetarde.com\/?p=75956"},"modified":"2023-07-26T08:27:24","modified_gmt":"2023-07-26T11:27:24","slug":"mattel-presento-la-primera-barbie-con-sindrome-de-down","status":"publish","type":"post","link":"https:\/\/corrientesdetarde.com\/index.php\/informacion-general\/mattel-presento-la-primera-barbie-con-sindrome-de-down\/","title":{"rendered":"Mattel present\u00f3 la primera Barbie con s\u00edndrome de Down"},"content":{"rendered":"\n<p>El fabricante de juguetes estadounidense Mattel present\u00f3 hoy una nueva Barbie que representa a una persona con s\u00edndrome de Down, en un intento de que m\u00e1s ni\u00f1os se vean a s\u00ed mismos en la popular mu\u00f1eca.<\/p>\n\n\n\n<p>El nuevo modelo se lanz\u00f3 al mercado gracias a una colaboraci\u00f3n con la Sociedad Nacional del S\u00edndrome de Down (NDSS, por sus siglas en ingl\u00e9s), para garantizar que represente con precisi\u00f3n a alguien con la condici\u00f3n, dijo la compa\u00f1\u00eda.<\/p>\n\n\n\n<p><br>&#8220;Barbie juega un papel importante en las experiencias tempranas de un ni\u00f1o, y estamos dedicados a hacer nuestra parte para contrarrestar el estigma social a trav\u00e9s del juego&#8221;, dijo Lisa McKnight, vicepresidenta ejecutiva y directora global de Barbie y mu\u00f1ecas en Mattel.<\/p>\n\n\n\n<p>El nuevo modelo ya est\u00e1 disponible en Internet y saldr\u00e1 a la venta en las tiendas este verano boreal.<\/p>\n\n\n\n<p>La mu\u00f1eca es m\u00e1s peque\u00f1a que la Barbie media, tiene el torso m\u00e1s largo que el resto del cuerpo, las orejas m\u00e1s peque\u00f1as, el puente de la nariz plano y los ojos almendrados, rasgos habituales en las personas con s\u00edndrome de Down.<\/p>\n\n\n\n<p>&nbsp;<br>Adem\u00e1s, el estampado de su vestido incluye mariposas y flores amarillas y azules, s\u00edmbolos asociados con la concienciaci\u00f3n acerca de este s\u00edndrome.<\/p>\n\n\n\n<p>&#8220;Esta Barbie sirve como un recordatorio de que nunca debemos subestimar el poder de la representaci\u00f3n&#8221;, se\u00f1al\u00f3 Kandi Pickard, presidenta de NDSS: &#8220;Es un gran paso adelante para la inclusi\u00f3n y un momento que estamos celebrando&#8221;.<\/p>\n\n\n\n<p>La trisom\u00eda 21, tambi\u00e9n conocida como s\u00edndrome de Down, es una condici\u00f3n cromos\u00f3mica cong\u00e9nita que resulta de la presencia de un cromosoma de m\u00e1s en el par 21 (de un total de 23).<\/p>\n\n\n\n<p>Adem\u00e1s de sus caracter\u00edsticas f\u00edsicas, da lugar a una discapacidad intelectual generalmente de leve a moderada.<\/p>\n\n\n\n<p>Tras d\u00e9cadas ofreciendo una Barbie blanca y rubia, en los \u00faltimos a\u00f1os Mattel ha incrementado sus esfuerzos por diversificar el perfil de la famosa mu\u00f1eca. A principios de 2016, la empresa californiana lanz\u00f3 versiones &#8220;redondas&#8221;, &#8220;peque\u00f1as&#8221; y &#8220;altas&#8221; de Barbie; ahora cuenta con 175 modelos diferentes.<\/p>\n\n\n\n<p>El nuevo lanzamiento de la mu\u00f1eca se produce cuando se espera que una pel\u00edcula sobre Barbie, protagonizada por Margot Robbie y Ryan Gosling, llegue a las pantallas en julio.&nbsp;<\/p>\n","protected":false},"excerpt":{"rendered":"<p>El fabricante de juguetes estadounidense Mattel present\u00f3 hoy una nueva Barbie que representa a una persona con s\u00edndrome de Down, en un intento de que m\u00e1s ni\u00f1os se vean a&hellip; <\/p>\n","protected":false},"author":1,"featured_media":75969,"comment_status":"closed","ping_status":"open","sticky":false,"template":"","format":"standard","meta":{"footnotes":""},"categories":[1],"tags":[],"class_list":["post-75956","post","type-post","status-publish","format-standard","has-post-thumbnail","hentry","category-informacion-general"],"_links":{"self":[{"href":"https:\/\/corrientesdetarde.com\/index.php\/wp-json\/wp\/v2\/posts\/75956","targetHints":{"allow":["GET"]}}],"collection":[{"href":"https:\/\/corrientesdetarde.com\/index.php\/wp-json\/wp\/v2\/posts"}],"about":[{"href":"https:\/\/corrientesdetarde.com\/index.php\/wp-json\/wp\/v2\/types\/post"}],"author":[{"embeddable":true,"href":"https:\/\/corrientesdetarde.com\/index.php\/wp-json\/wp\/v2\/users\/1"}],"replies":[{"embeddable":true,"href":"https:\/\/corrientesdetarde.com\/index.php\/wp-json\/wp\/v2\/comments?post=75956"}],"version-history":[{"count":1,"href":"https:\/\/corrientesdetarde.com\/index.php\/wp-json\/wp\/v2\/posts\/75956\/revisions"}],"predecessor-version":[{"id":75970,"href":"https:\/\/corrientesdetarde.com\/index.php\/wp-json\/wp\/v2\/posts\/75956\/revisions\/75970"}],"wp:featuredmedia":[{"embeddable":true,"href":"https:\/\/corrientesdetarde.com\/index.php\/wp-json\/wp\/v2\/media\/75969"}],"wp:attachment":[{"href":"https:\/\/corrientesdetarde.com\/index.php\/wp-json\/wp\/v2\/media?parent=75956"}],"wp:term":[{"taxonomy":"category","embeddable":true,"href":"https:\/\/corrientesdetarde.com\/index.php\/wp-json\/wp\/v2\/categories?post=75956"},{"taxonomy":"post_tag","embeddable":true,"href":"https:\/\/corrientesdetarde.com\/index.php\/wp-json\/wp\/v2\/tags?post=75956"}],"curies":[{"name":"wp","href":"https:\/\/api.w.org\/{rel}","templated":true}]}}