{"id":75971,"date":"2023-07-26T08:35:39","date_gmt":"2023-07-26T11:35:39","guid":{"rendered":"https:\/\/corrientesdetarde.com\/?p=75971"},"modified":"2023-07-26T08:35:51","modified_gmt":"2023-07-26T11:35:51","slug":"valdes-ante-bullrich-en-corrientes-ya-estamos-juntos-para-el-cambio","status":"publish","type":"post","link":"https:\/\/corrientesdetarde.com\/index.php\/politica\/valdes-ante-bullrich-en-corrientes-ya-estamos-juntos-para-el-cambio\/","title":{"rendered":"Vald\u00e9s ante Bullrich: &#8220;En Corrientes, ya estamos juntos para el cambio&#8221;"},"content":{"rendered":"\n<p>El gobernador Gustavo Vald\u00e9s encabez\u00f3 este martes, junto a la precandidata a presidente de la&nbsp;Naci\u00f3n, Patricia Bullrich, un multitudinario acto de campa\u00f1a rumbo a las PASO del 13 de agosto, destacando la lista de unidad que logr\u00f3 la alianza que lidera en la provincia. &#8220;En Corrientes, ya estamos juntos para el cambio&#8221;, afirm\u00f3 el mandatario en la ocasi\u00f3n, sosteniendo que &#8220;en estas elecciones nosotros vamos a construir el futuro de los correntinos, pero fundamentalmente, el futuro de todos los argentinos&#8221;, y que para ello, Bullrich es &#8220;una de las personas en la cual nosotros depositamos una esperanza&#8221;.<\/p>\n\n\n\n<p>El acto se desarroll\u00f3 pasadas las 15 en el sal\u00f3n Lapacho del club San Mart\u00edn de la ciudad de Corrientes con la presencia de una multitud de militantes. Acompa\u00f1aron all\u00ed a Vald\u00e9s y Bullrich,&nbsp;el vicegobernador Pedro Braillard Poccard, el senador nacional Eduardo Vischi, el intendente Eduardo Tassano, el senador provincial Sergio Flinta y los precandidatos de ECO+Vamos Corrientes: a&nbsp;diputados nacionales, Alfredo Vallejos e Ingrid Jetter, y a parlamentaria del Mercosur, Ana Mi\u00f1o.<\/p>\n\n\n\n<p>Vald\u00e9s sostuvo en la oportunidad que estos postulantes tienen &#8220;sangre correntina &#8216;jaiteva&#8217; (&#8220;de verdad&#8221; en guaran\u00ed), porque tenemos historia, pero lo que queremos es construir el futuro juntos y para eso hay que trabajar y despu\u00e9s salir a generar nuestras potencialidades con pol\u00edticas p\u00fablicas de industrializaci\u00f3n y ver qu\u00e9 hacemos con los planes sociales y la inflaci\u00f3n&#8221;. Sostuvo luego que el oficialismo (Uni\u00f3n por la Patria) no ganar\u00e1 las pr\u00f3ximas elecciones, porque sigue &#8220;sin rumbo, generando cada vez m\u00e1s pobres&#8221; y ante este panorama, asegur\u00f3 que &#8220;nosotros ac\u00e1 en Corrientes, ya estamos juntos para el cambio&#8221;.<\/p>\n\n\n\n<p>As\u00ed fue que el Gobernador le dijo a Bullrich: &#8220;Vos sos una de las personas en la cual nosotros depositamos una esperanza para que todos estemos juntos luchando por el futuro, Patricia, mucha suerte y a ganar por una Argentina grande&#8221; y pidi\u00f3&nbsp;a los correntinos que &#8220;en las pr\u00f3ximas PASO voten con convicci\u00f3n y esperanza, porque en estas elecciones nosotros vamos a construir el futuro de los correntinos, pero fundamentalmente, el futuro de todos los argentinos&#8221;.<\/p>\n\n\n\n<p>Seguidamente, Bullrich sostuvo que &#8220;estamos listos para un cambio tan profundo que implica cambiar un r\u00e9gimen econ\u00f3mico de descapitalizaci\u00f3n, desinversi\u00f3n material, social, educativa y cultural, porque hoy estamos ante una Argentina que necesita que ese cambio de r\u00e9gimen tenga un modelo en el que todas las provincias tengan el lugar que tienen que tener en el Gobierno nacional, el cual tiene que ser la&nbsp;s\u00edntesis de los intereses de cada uno de los argentinos, viva en la provincia que viva, no podemos volver a tener un Gobierno nacional con mayor\u00eda de funcionarios porte\u00f1os o del Gran Buenos Aires, porque la comprensi\u00f3n de cada rinc\u00f3n del pa\u00eds tiene que estar plasmado en ese cambio&#8221;.<\/p>\n\n\n\n<p>Luego se\u00f1al\u00f3 que su plan de gobierno se sustenta en tres ejes: 1) Seguridad y lucha contra el narcotr\u00e1fico; 2) Educaci\u00f3n; y 3) Econom\u00eda sana.<\/p>\n\n\n\n<figure class=\"wp-block-image size-large\"><img loading=\"lazy\" decoding=\"async\" width=\"1024\" height=\"683\" src=\"https:\/\/corrientesdetarde.com\/wp-content\/uploads\/2023\/07\/image-626-1024x683.png\" alt=\"\" class=\"wp-image-75973\" srcset=\"https:\/\/corrientesdetarde.com\/wp-content\/uploads\/2023\/07\/image-626-1024x683.png 1024w, https:\/\/corrientesdetarde.com\/wp-content\/uploads\/2023\/07\/image-626-300x200.png 300w, https:\/\/corrientesdetarde.com\/wp-content\/uploads\/2023\/07\/image-626-768x512.png 768w, https:\/\/corrientesdetarde.com\/wp-content\/uploads\/2023\/07\/image-626-1536x1024.png 1536w, https:\/\/corrientesdetarde.com\/wp-content\/uploads\/2023\/07\/image-626.png 1599w\" sizes=\"auto, (max-width: 1024px) 100vw, 1024px\" \/><\/figure>\n\n\n\n<p>En materia de seguridad, Bullrich plante\u00f3 &#8220;ordenar los principios, cuidar y formar a las fuerzas, darles un buen salario, y as\u00ed logramos que proteja a la gente&#8221;, mientras que en la lucha contra el narcotr\u00e1fico plante\u00f3 el necesario control en las fronteras para que no ingrese al pa\u00eds, mediante la tecnolog\u00eda que ya se hab\u00eda adquirido, pero que el actual Gobierno nacional decidi\u00f3 no usarla.&nbsp;<\/p>\n\n\n\n<p>En cuanto a educaci\u00f3n, Bullrich propuso la aplicaci\u00f3n de un mecanismo de evaluaci\u00f3n que pueda medir el nivel de aprendizaje en todo el pa\u00eds, garantizar 190 d\u00edas de clases anuales, profundizar la actualizaci\u00f3n docente y que las ofertas acad\u00e9micas, tanto de\u00a0nivel medio como superior respondan a las necesidades de las econom\u00edas regionales. Al respecto, explicit\u00f3 su compromiso de impulsar una nueva universidad nacional en Corrientes para la zona sur y costa del r\u00edo Uruguay de la provincia.<\/p>\n\n\n\n<p>Y finalmente, la precandidata de Juntos por el Cambio plante\u00f3 la necesidad de tener una &#8220;econom\u00eda sana&#8221;, arengando:\u00a0&#8220;basta de tener, como dice (Sergio) Massa, un Estado lleno de \u00f1oquis de La C\u00e1mpora, tenemos que tener un Estado que sea para la gente&#8221;. Al respecto, dej\u00f3 en claro su compromiso: &#8220;Si me toca ser Presidente, el Estado nacional y todos los funcionarios van a ser los m\u00e1s austeros que recuerde la historia argentina. Y desde el 1 de junio del a\u00f1o que viene, donde se necesite, quienes ingresen al Estado ser\u00e1 por examen&#8221;. Luego fustig\u00f3 al actual Gobierno nacional porque &#8220;en los \u00faltimos dos a\u00f1os ingresaron al Estado 50 mil empleados, con dos a\u00f1os de pandemia y un Estado paralizado. \u00bfPara qu\u00e9? Para tener cargos y despu\u00e9s decir que nosotros queremos sacar a la gente del Estado&#8221;. Y aclar\u00f3: &#8220;Nosotros queremos pagarle bien a la Salud, la Seguridad, a los docentes, tener fuerzas armadas dignas y por eso tenemos un gran desaf\u00edo: llevar las ideas con coraje y cuando quieran trabarnos esas ideas poniendo piedras en el camino, sacarlas y convertirlas en casas, puentes y en definitiva, en una construcci\u00f3n positiva, por eso le voy a poner todo el coraje que hay que poner, como lo tienen los correntinos, porque son un pueblo coraje, el que necesitamos para cambiar la Argentina como Corrientes viene cambiando&#8221;.<\/p>\n","protected":false},"excerpt":{"rendered":"<p>El gobernador Gustavo Vald\u00e9s encabez\u00f3 este martes, junto a la precandidata a presidente de la&nbsp;Naci\u00f3n, Patricia Bullrich, un multitudinario acto de campa\u00f1a rumbo a las PASO del 13 de agosto,&hellip; <\/p>\n","protected":false},"author":1,"featured_media":75974,"comment_status":"closed","ping_status":"open","sticky":false,"template":"","format":"standard","meta":{"footnotes":""},"categories":[8,3],"tags":[],"class_list":["post-75971","post","type-post","status-publish","format-standard","has-post-thumbnail","hentry","category-locales","category-politica"],"_links":{"self":[{"href":"https:\/\/corrientesdetarde.com\/index.php\/wp-json\/wp\/v2\/posts\/75971","targetHints":{"allow":["GET"]}}],"collection":[{"href":"https:\/\/corrientesdetarde.com\/index.php\/wp-json\/wp\/v2\/posts"}],"about":[{"href":"https:\/\/corrientesdetarde.com\/index.php\/wp-json\/wp\/v2\/types\/post"}],"author":[{"embeddable":true,"href":"https:\/\/corrientesdetarde.com\/index.php\/wp-json\/wp\/v2\/users\/1"}],"replies":[{"embeddable":true,"href":"https:\/\/corrientesdetarde.com\/index.php\/wp-json\/wp\/v2\/comments?post=75971"}],"version-history":[{"count":1,"href":"https:\/\/corrientesdetarde.com\/index.php\/wp-json\/wp\/v2\/posts\/75971\/revisions"}],"predecessor-version":[{"id":75975,"href":"https:\/\/corrientesdetarde.com\/index.php\/wp-json\/wp\/v2\/posts\/75971\/revisions\/75975"}],"wp:featuredmedia":[{"embeddable":true,"href":"https:\/\/corrientesdetarde.com\/index.php\/wp-json\/wp\/v2\/media\/75974"}],"wp:attachment":[{"href":"https:\/\/corrientesdetarde.com\/index.php\/wp-json\/wp\/v2\/media?parent=75971"}],"wp:term":[{"taxonomy":"category","embeddable":true,"href":"https:\/\/corrientesdetarde.com\/index.php\/wp-json\/wp\/v2\/categories?post=75971"},{"taxonomy":"post_tag","embeddable":true,"href":"https:\/\/corrientesdetarde.com\/index.php\/wp-json\/wp\/v2\/tags?post=75971"}],"curies":[{"name":"wp","href":"https:\/\/api.w.org\/{rel}","templated":true}]}}