{"id":75972,"date":"2023-07-26T08:40:13","date_gmt":"2023-07-26T11:40:13","guid":{"rendered":"https:\/\/corrientesdetarde.com\/?p=75972"},"modified":"2023-07-26T08:40:14","modified_gmt":"2023-07-26T11:40:14","slug":"incomodo-y-en-plena-campana-el-kirchnerismo-justifica-su-silencio-frente-al-acuerdo-con-el-fmi","status":"publish","type":"post","link":"https:\/\/corrientesdetarde.com\/index.php\/politica\/incomodo-y-en-plena-campana-el-kirchnerismo-justifica-su-silencio-frente-al-acuerdo-con-el-fmi\/","title":{"rendered":"Inc\u00f3modo y en plena campa\u00f1a, el kirchnerismo justifica su silencio frente al acuerdo con el FMI"},"content":{"rendered":"\n<p>Seg\u00fan un an\u00e1lisis del Diario La Naci\u00f3n, en plena campa\u00f1a electoral, el kirchnerismo duro ha optado por mantener un silencio inc\u00f3modo respecto al acuerdo con el Fondo Monetario Internacional (FMI), alcanzado por el titular de Hacienda y precandidato presidencial, Sergio Massa.<\/p>\n\n\n\n<p>En el pasado, las negociaciones con el FMI provocaron divisiones dentro del oficialismo, especialmente con M\u00e1ximo Kirchner renunciando a la presidencia del bloque de diputados. Sin embargo, el temor por la situaci\u00f3n econ\u00f3mica y la cercan\u00eda de las elecciones, donde el kirchnerismo ha respaldado a Massa, han evitado las cr\u00edticas p\u00fablicas al respecto y han impuesto el mutismo.<\/p>\n\n\n\n<p>El ala dura del kirchnerismo considera que Massa es su propio y mejor portavoz, y tratan de acotar el tema del acuerdo con el FMI para evitar ruidos internos durante la campa\u00f1a. Su estrategia es necesaria en otros temas que se consideran m\u00e1s relevantes para la gente y apartar el FMI de la discusi\u00f3n electoral, a pesar de que obviamente afecta a la situaci\u00f3n econ\u00f3mica del pa\u00eds.<\/p>\n\n\n\n<p>La econom\u00eda es uno de los principales obst\u00e1culos que enfrenta el oficialismo en las pr\u00f3ximas elecciones, y reconoce que es un elemento en contra a la hora de definir los votos. El kirchnerismo duro ha decidido mantener distancia del tema del acuerdo con el FMI y no emitir opiniones al respecto, mostr\u00e1ndose inc\u00f3modos ante este asunto que no encaja con su discurso tradicional.<\/p>\n\n\n\n<p>El FMI public\u00f3 un mensaje v\u00eda redes sociales anunciando un principio de entendimiento con Argentina, lo cual present\u00f3 alivio al Ministerio de Econom\u00eda. Sergio Massa defendi\u00f3 lo obtenido en el acuerdo, mientras el resto del kirchnerismo mantuvo su silencio inicial. Parece que esta postura se mantendr\u00e1, aunque la inestabilidad del d\u00f3lar agrega preocupaci\u00f3n en el oficialismo.<\/p>\n\n\n\n<p>Los dirigentes kirchneristas considerando que es momento de dejar que Massa tenga la centralidad en el tema y que \u00e9l y sus voceros defiendan el acuerdo. No se siente en posici\u00f3n de hablar a favor o en contra, y prefiere respaldar a Massa aunque esto implique incomodidad con el tema del FMI.<\/p>\n\n\n\n<p>En conclusi\u00f3n, el kirchnerismo duro ha optado por el silencio y evitar pronunciarse sobre el acuerdo con el FMI para no desordenar la campa\u00f1a de Massa, a pesar de que esta postura puede resultar inc\u00f3moda y contrastante con su discurso tradicional sobre el Fondo.<\/p>\n","protected":false},"excerpt":{"rendered":"<p>Seg\u00fan un an\u00e1lisis del Diario La Naci\u00f3n, en plena campa\u00f1a electoral, el kirchnerismo duro ha optado por mantener un silencio inc\u00f3modo respecto al acuerdo con el Fondo Monetario Internacional (FMI),&hellip; <\/p>\n","protected":false},"author":11,"featured_media":75981,"comment_status":"closed","ping_status":"open","sticky":false,"template":"","format":"standard","meta":{"footnotes":""},"categories":[3],"tags":[443,903,229,902,99],"class_list":["post-75972","post","type-post","status-publish","format-standard","has-post-thumbnail","hentry","category-politica","tag-campana","tag-duro","tag-fmi","tag-kirchnerismo","tag-massa"],"_links":{"self":[{"href":"https:\/\/corrientesdetarde.com\/index.php\/wp-json\/wp\/v2\/posts\/75972","targetHints":{"allow":["GET"]}}],"collection":[{"href":"https:\/\/corrientesdetarde.com\/index.php\/wp-json\/wp\/v2\/posts"}],"about":[{"href":"https:\/\/corrientesdetarde.com\/index.php\/wp-json\/wp\/v2\/types\/post"}],"author":[{"embeddable":true,"href":"https:\/\/corrientesdetarde.com\/index.php\/wp-json\/wp\/v2\/users\/11"}],"replies":[{"embeddable":true,"href":"https:\/\/corrientesdetarde.com\/index.php\/wp-json\/wp\/v2\/comments?post=75972"}],"version-history":[{"count":1,"href":"https:\/\/corrientesdetarde.com\/index.php\/wp-json\/wp\/v2\/posts\/75972\/revisions"}],"predecessor-version":[{"id":75982,"href":"https:\/\/corrientesdetarde.com\/index.php\/wp-json\/wp\/v2\/posts\/75972\/revisions\/75982"}],"wp:featuredmedia":[{"embeddable":true,"href":"https:\/\/corrientesdetarde.com\/index.php\/wp-json\/wp\/v2\/media\/75981"}],"wp:attachment":[{"href":"https:\/\/corrientesdetarde.com\/index.php\/wp-json\/wp\/v2\/media?parent=75972"}],"wp:term":[{"taxonomy":"category","embeddable":true,"href":"https:\/\/corrientesdetarde.com\/index.php\/wp-json\/wp\/v2\/categories?post=75972"},{"taxonomy":"post_tag","embeddable":true,"href":"https:\/\/corrientesdetarde.com\/index.php\/wp-json\/wp\/v2\/tags?post=75972"}],"curies":[{"name":"wp","href":"https:\/\/api.w.org\/{rel}","templated":true}]}}