{"id":75977,"date":"2023-07-26T09:35:21","date_gmt":"2023-07-26T12:35:21","guid":{"rendered":"https:\/\/corrientesdetarde.com\/?p=75977"},"modified":"2023-07-26T09:35:33","modified_gmt":"2023-07-26T12:35:33","slug":"recibo-amenazas-todos-los-dias-me-siento-desprotegida-por-la-justicia","status":"publish","type":"post","link":"https:\/\/corrientesdetarde.com\/index.php\/policiales\/recibo-amenazas-todos-los-dias-me-siento-desprotegida-por-la-justicia\/","title":{"rendered":"&#8220;Recibo amenazas todos los d\u00edas, me siento desprotegida por la Justicia&#8221;"},"content":{"rendered":"\n<p>&#8220;Hace un a\u00f1o y medio que sufr\u00ed y sigo sufriendo amenazas hasta con arma de fuego&#8221;, fueron las primeras palabras de Mayra S. a diario \u00e9poca tras explicar que su expareja tiene varias denuncias por violencia de g\u00e9nero y que hasta el momento se siente desprotegida por la Justicia. &#8220;No se qu\u00e9 esperan, temo hasta cuando voy a trabajar&#8221;, expres\u00f3 la mujer.<\/p>\n\n\n\n<p>A su expareja, Juan Carlos A. de 31 a\u00f1os, se le ha formalizado la imputaci\u00f3n el 14 de junio pasado, por los delitos de &#8220;lesiones leves calificadas por mediar relaci\u00f3n de pareja y violencia de g\u00e9nero, abuso sexual con acceso carnal, coacci\u00f3n agravada por el empleo de arma (dos hechos) y amenazas simples en situaci\u00f3n de violencia de g\u00e9nero en concurso real&#8221;.<\/p>\n\n\n\n<p>La \u00faltima orden de perimetral que recibi\u00f3 Mayra fue en junio pasado desde la Oficina Judicial de la ciudad de Bella Vista interviniendo en el car\u00e1cter de Juez de Garant\u00edas y el doctor Sergio Germ\u00e1n Freitag como fiscal del caso.<\/p>\n\n\n\n<p>&#8220;No cumple la prohibici\u00f3n de acercamiento&#8221;, dijo Mayra quien record\u00f3 que en un radio de 200 metros el denunciado no puede acercarse ni en su domicilio como tampoco en su lugar de trabajo, situaciones que asegura las viola permanentemente.<\/p>\n\n\n\n<p>&#8220;No puedo ir tranquila a trabajar porque tanto \u00e9l como sus familiares aparecen. Ayer (por el lunes) me dijeron en fiscal\u00eda que el procedimiento es as\u00ed, que me tienen que entrevistar de nuevo y necesito denunciar otra vez para que avance la causa; mientras tanto \u00e9l sigue libre&#8221;, dijo preocupada la mujer a \u00e9poca.<\/p>\n\n\n\n<p>&#8220;La verdad no me siento protegida. Recibo amenazas constantemente. Fui a la comisar\u00eda porque me hizo llegar una amenaza y de ah\u00ed me mandaron a Fiscal\u00eda para ampliar la denuncia, que ya la tengo hecha desde el a\u00f1o pasado&#8221;, explic\u00f3.<\/p>\n\n\n\n<p>&#8220;Este a\u00f1o lo volv\u00ed a denunciar hace dos meses y las hostigaciones contin\u00faan. C\u00f3mo puede ser que denuncio que viola la perimetral y no tenga respuestas&#8221;, se pregunt\u00f3 Mayra quien cont\u00f3 que hace un a\u00f1o y medio mantuvo una relaci\u00f3n de pareja con Juan Carlos A. y desde entonces sufr\u00edo violencia verbal, f\u00edsicas y hasta abuso sexual.<\/p>\n\n\n\n<h2 class=\"wp-block-heading\">Justicia<\/h2>\n\n\n\n<p>Mayra cansada de ir y venir de la Fiscal\u00eda a la comisar\u00eda, y viceversa, decidi\u00f3 hacer p\u00fablico el caso y as\u00ed dejar al menos de manifiesto su preocupaci\u00f3n por su vida.<\/p>\n\n\n\n<p>&#8220;Temo cada vez que salgo a trabajar que algo me suceda. Espero justicia y parece que no basta con las denuncias&#8221;, se lament\u00f3 la mujer.<\/p>\n\n\n\n<p>El hombre trabaja en un autoservicio mayorista en la localidad de Bella Vista, cont\u00f3 Mayra quien se mostr\u00f3 molesta, ya que &#8220;\u00e9l puede caminar como si nada por las calles, burl\u00e1ndose y trabajando sin temor&#8221;, agreg\u00f3.<\/p>\n\n\n\n<p>&#8220;No tengo si quiera un bot\u00f3n antip\u00e1nico, solo un papel que hace referencia a una perimetral que ni respeta&#8221;, dijo.<\/p>\n\n\n\n<p>Reiter\u00f3 ante este medio el pedido de ayuda por parte de la Justicia para poder seguir tranquila su vida y que el denunciado &#8220;pague el da\u00f1o que ocasion\u00f3 todos estos a\u00f1os&#8221;.<\/p>\n","protected":false},"excerpt":{"rendered":"<p>&#8220;Hace un a\u00f1o y medio que sufr\u00ed y sigo sufriendo amenazas hasta con arma de fuego&#8221;, fueron las primeras palabras de Mayra S. a diario \u00e9poca tras explicar que su&hellip; <\/p>\n","protected":false},"author":1,"featured_media":75986,"comment_status":"closed","ping_status":"open","sticky":false,"template":"","format":"standard","meta":{"footnotes":""},"categories":[33],"tags":[],"class_list":["post-75977","post","type-post","status-publish","format-standard","has-post-thumbnail","hentry","category-policiales"],"_links":{"self":[{"href":"https:\/\/corrientesdetarde.com\/index.php\/wp-json\/wp\/v2\/posts\/75977","targetHints":{"allow":["GET"]}}],"collection":[{"href":"https:\/\/corrientesdetarde.com\/index.php\/wp-json\/wp\/v2\/posts"}],"about":[{"href":"https:\/\/corrientesdetarde.com\/index.php\/wp-json\/wp\/v2\/types\/post"}],"author":[{"embeddable":true,"href":"https:\/\/corrientesdetarde.com\/index.php\/wp-json\/wp\/v2\/users\/1"}],"replies":[{"embeddable":true,"href":"https:\/\/corrientesdetarde.com\/index.php\/wp-json\/wp\/v2\/comments?post=75977"}],"version-history":[{"count":1,"href":"https:\/\/corrientesdetarde.com\/index.php\/wp-json\/wp\/v2\/posts\/75977\/revisions"}],"predecessor-version":[{"id":75987,"href":"https:\/\/corrientesdetarde.com\/index.php\/wp-json\/wp\/v2\/posts\/75977\/revisions\/75987"}],"wp:featuredmedia":[{"embeddable":true,"href":"https:\/\/corrientesdetarde.com\/index.php\/wp-json\/wp\/v2\/media\/75986"}],"wp:attachment":[{"href":"https:\/\/corrientesdetarde.com\/index.php\/wp-json\/wp\/v2\/media?parent=75977"}],"wp:term":[{"taxonomy":"category","embeddable":true,"href":"https:\/\/corrientesdetarde.com\/index.php\/wp-json\/wp\/v2\/categories?post=75977"},{"taxonomy":"post_tag","embeddable":true,"href":"https:\/\/corrientesdetarde.com\/index.php\/wp-json\/wp\/v2\/tags?post=75977"}],"curies":[{"name":"wp","href":"https:\/\/api.w.org\/{rel}","templated":true}]}}