{"id":75985,"date":"2023-07-26T09:40:38","date_gmt":"2023-07-26T12:40:38","guid":{"rendered":"https:\/\/corrientesdetarde.com\/?p=75985"},"modified":"2023-07-26T09:40:49","modified_gmt":"2023-07-26T12:40:49","slug":"ingeniero-budge-encontraron-a-un-hombre-de-39-anos-descuartizado-dentro-de-una-valija","status":"publish","type":"post","link":"https:\/\/corrientesdetarde.com\/index.php\/crimen-y-justicia\/ingeniero-budge-encontraron-a-un-hombre-de-39-anos-descuartizado-dentro-de-una-valija\/","title":{"rendered":"Ingeniero Budge: encontraron a un hombre de 39 a\u00f1os descuartizado dentro de una valija"},"content":{"rendered":"\n<p><strong>Un hombre de 39 a\u00f1os vinculado con el alquiler de veh\u00edculos de alta gama y motos de agua fue encontrado muerto el domingo pasado.\u00a0<\/strong>El hallazgo lo protagonizaron dos\u00a0j\u00f3venes\u00a0que jugaban a la pelota en los alrededores del\u00a0<strong>arroyo del Rey<\/strong>, en la localidad de\u00a0<strong>Ingeniero Budge<\/strong>,\u00a0<strong>Lomas de Zamora<\/strong>, y\u00a0<strong>se toparon con una valija<\/strong>. All\u00ed dentro\u00a0<strong>hab\u00eda restos humanos<\/strong>, m\u00e1s precisamente miembros superiores e inferiores. Luego de conocer las autoridades lo ocurrido, en las \u00faltimas horas la Polic\u00eda Cient\u00edfica logr\u00f3 identificar a la\u00a0v\u00edctima:\u00a0<strong>Fernando P\u00e9rez Algaba<\/strong>.<\/p>\n\n\n\n<p>Fuentes de la investigaci\u00f3n confirmaron a\u00a0<em>Diario Conurbano\u00a0<\/em>que\u00a0<strong>los tatuajes que ten\u00edan los brazos y las dos piernas fueron piezas claves para identificar el cuerpo<\/strong>. Dentro de la valija adem\u00e1s hab\u00eda documentaci\u00f3n de una familia.<\/p>\n\n\n<div class=\"wp-block-image\">\n<figure class=\"alignleft\"><img decoding=\"async\" src=\"https:\/\/resizer.glanacion.com\/resizer\/v2\/fernando-perez-LORBXWUPSFGNZGXPBYAM265I7E.jpg?auth=f76c9574299b580a26d4cefe89d67ebca49804187b152f74c0eb07e2b6a65ddb&amp;width=420&amp;height=298&amp;quality=70&amp;smart=true\" alt=\"Fernando P\u00e9rez Algaba\"\/><figcaption>Fernando P\u00e9rez AlgabaInstagram<\/figcaption><\/figure>\n<\/div>\n\n\n<p>El fiscal de la causa, Marcelo Dom\u00ednguez, de la UFI N.\u00ba 5 de Lomas de Zamora, dispuso por ello el&nbsp;<strong>allanamiento&nbsp;<\/strong>de la vivienda de esas personas. Si bien reconocieron la valija como propia, aseguraron que hab\u00eda sido robada a un familiar,&nbsp;<strong>una mujer trans que qued\u00f3 detenida en el marco de la investigaci\u00f3n.<\/strong><\/p>\n\n\n\n<p>De acuerdo a la reconstrucci\u00f3n hecha hasta el momento,&nbsp;<strong>P\u00e9rez Algaba hab\u00eda llegado al pa\u00eds recientemente proveniente de Espa\u00f1a<\/strong>&nbsp;y el 13 de julio \u00faltimo hab\u00eda alquilado, a trav\u00e9s de las redes sociales, un departamento en la calle Olaz\u00e1bal, en el municipio de Ituzaing\u00f3.<\/p>\n\n\n\n<p><strong>Apodado \u201cLechuga\u201d<\/strong>, era reconocido en el mundo de la venta y el alquiler de autos de alta gama. \u201cComenc\u00e9 a trabajar a los 14 a\u00f1os, me inici\u00e9 con una bicicleta y una caja y empec\u00e9 a vender s\u00e1ndwiches en las remiser\u00edas. Dos a\u00f1os despu\u00e9s de eso fui repartidor de pizzas con una motito; luego trabaj\u00e9 en los comercios de la zona del barrio donde viv\u00eda, ya sea de heladero, en todo tipo de restaurantes y pizzer\u00edas\u201d, hab\u00eda contado el hombre en una\u00a0entrevista en\u00a0<em>\u00c1mbito Financiero<\/em>, publicada el 10 de marzo de este a\u00f1o.<\/p>\n\n\n\n<p>A\u00f1os despu\u00e9s de esos primeros trabajos compr\u00f3 una moto para revenderla y ah\u00ed fue que se acerc\u00f3 al rubro de la compra-venta de autom\u00f3viles y motos de agua. \u201cViajaba mucho a Paraguay para comprar ruedas, era mucho m\u00e1s barato que en la Argentina. Esto me permit\u00eda remodelar los autos y revenderlos a un mejor precio\u201d, cont\u00f3 P\u00e9rez Algaba.<\/p>\n\n\n\n<p>El empresario adem\u00e1s estaba metido en el mundo de las criptomonedas y hasta fue piloto del TC Regional. En enero de 2022 su cara se hizo viral tras protagonizar un incidente con un inspector de tr\u00e1nsito de Mar del Plata, a quien le peg\u00f3 luego de&nbsp;<strong>negarse a hacer un control de alcoholemia.<\/strong><\/p>\n","protected":false},"excerpt":{"rendered":"<p>Un hombre de 39 a\u00f1os vinculado con el alquiler de veh\u00edculos de alta gama y motos de agua fue encontrado muerto el domingo pasado.\u00a0El hallazgo lo protagonizaron dos\u00a0j\u00f3venes\u00a0que jugaban a&hellip; <\/p>\n","protected":false},"author":1,"featured_media":75991,"comment_status":"closed","ping_status":"open","sticky":false,"template":"","format":"standard","meta":{"footnotes":""},"categories":[5],"tags":[],"class_list":["post-75985","post","type-post","status-publish","format-standard","has-post-thumbnail","hentry","category-crimen-y-justicia"],"_links":{"self":[{"href":"https:\/\/corrientesdetarde.com\/index.php\/wp-json\/wp\/v2\/posts\/75985","targetHints":{"allow":["GET"]}}],"collection":[{"href":"https:\/\/corrientesdetarde.com\/index.php\/wp-json\/wp\/v2\/posts"}],"about":[{"href":"https:\/\/corrientesdetarde.com\/index.php\/wp-json\/wp\/v2\/types\/post"}],"author":[{"embeddable":true,"href":"https:\/\/corrientesdetarde.com\/index.php\/wp-json\/wp\/v2\/users\/1"}],"replies":[{"embeddable":true,"href":"https:\/\/corrientesdetarde.com\/index.php\/wp-json\/wp\/v2\/comments?post=75985"}],"version-history":[{"count":1,"href":"https:\/\/corrientesdetarde.com\/index.php\/wp-json\/wp\/v2\/posts\/75985\/revisions"}],"predecessor-version":[{"id":75992,"href":"https:\/\/corrientesdetarde.com\/index.php\/wp-json\/wp\/v2\/posts\/75985\/revisions\/75992"}],"wp:featuredmedia":[{"embeddable":true,"href":"https:\/\/corrientesdetarde.com\/index.php\/wp-json\/wp\/v2\/media\/75991"}],"wp:attachment":[{"href":"https:\/\/corrientesdetarde.com\/index.php\/wp-json\/wp\/v2\/media?parent=75985"}],"wp:term":[{"taxonomy":"category","embeddable":true,"href":"https:\/\/corrientesdetarde.com\/index.php\/wp-json\/wp\/v2\/categories?post=75985"},{"taxonomy":"post_tag","embeddable":true,"href":"https:\/\/corrientesdetarde.com\/index.php\/wp-json\/wp\/v2\/tags?post=75985"}],"curies":[{"name":"wp","href":"https:\/\/api.w.org\/{rel}","templated":true}]}}