{"id":76000,"date":"2023-07-26T10:55:41","date_gmt":"2023-07-26T13:55:41","guid":{"rendered":"https:\/\/corrientesdetarde.com\/?p=76000"},"modified":"2023-07-26T10:55:53","modified_gmt":"2023-07-26T13:55:53","slug":"tiene-21-anos-y-es-la-hija-de-diego-peretti-mora-y-su-proximo-debut-en-la-nueva-novela-de-eltrece","status":"publish","type":"post","link":"https:\/\/corrientesdetarde.com\/index.php\/espectaculos\/tiene-21-anos-y-es-la-hija-de-diego-peretti-mora-y-su-proximo-debut-en-la-nueva-novela-de-eltrece\/","title":{"rendered":"Tiene 21 a\u00f1os y es la hija de Diego Peretti: Mora y su pr\u00f3ximo debut en la nueva novela de eltrece"},"content":{"rendered":"\n<p><strong>Mora Peretti<\/strong>\u00a0corresponde a una nueva generaci\u00f3n de hijos de grandes actores argentinos, que poco a poco se hace notar en las diferentes ficciones de producci\u00f3n local o, m\u00e1s bien, en obras de teatro que funcionan como un puntapi\u00e9 inicial para el despegue rotundo en la televisi\u00f3n o el cine. En el caso de la hija de\u00a0<strong>Diego Peretti y Natalia Milazzo,<\/strong>\u00a0<strong>la joven de 21 a\u00f1os<\/strong>\u00a0comenz\u00f3 desde muy chica por el mismo camino que su padre.<\/p>\n\n\n\n<p>Conforme avanzaron los 2000, la aparici\u00f3n de los hijos de los actores y personajes de la far\u00e1ndula en la pantalla chica o en el cine se hizo cada vez m\u00e1s evidente. Como&nbsp;<strong>Johanna \u201cYoyi\u201d<\/strong>&nbsp;y&nbsp;<strong>Nicol\u00e1s Francella<\/strong>,&nbsp;<strong>Ricardo \u201cChino\u201d Dar\u00edn<\/strong>&nbsp;o&nbsp;<strong>Tom\u00e1s Kirzner<\/strong>&nbsp;(hijo de&nbsp;<strong>Adri\u00e1n Suar<\/strong>&nbsp;y&nbsp;<strong>Araceli Gonz\u00e1lez<\/strong>), se vieron estimulados desde temprana edad al mundo de la actuaci\u00f3n, lo que los llev\u00f3 a desarrollarse plenamente y&nbsp;<strong>con \u00e9xito en el mismo campo laboral que sus padres.<\/strong><\/p>\n\n\n<div class=\"wp-block-image\">\n<figure class=\"alignleft\"><img decoding=\"async\" src=\"https:\/\/resizer.glanacion.com\/resizer\/dY7FbvrMTBxSP3uxxNd1jgQPIpM=\/420x0\/filters:format(webp):quality(70)\/cloudfront-us-east-1.images.arcpublishing.com\/lanacionar\/G6IUEZC57FEH7LS4P73JB5NT3Y.jpg\" alt=\"Mora Peretti tiene 21 a\u00f1os y pr\u00f3ximamente debutar\u00e1 en una tira de Pol-ka\"\/><figcaption>Mora Peretti tiene 21 a\u00f1os y pr\u00f3ximamente debutar\u00e1 en una tira de Pol-ka(Fuente: Instagram\/@moraperetti_)<\/figcaption><\/figure>\n<\/div>\n\n\n<p>Quien destac\u00f3 en estos \u00faltimos d\u00edas fue&nbsp;<strong>Mora Peretti&nbsp;<\/strong>por su inminente aparici\u00f3n en una tira de Pol-Ka. La joven estudi\u00f3 teatro desde peque\u00f1a con&nbsp;<strong>Nora Moseinco<\/strong>&nbsp;y m\u00e1s tarde se form\u00f3 en interpretaci\u00f3n de guiones y textos en Timbre 4. La actriz&nbsp;<strong>debut\u00f3 en el cine junto a su padre y a Carla Peterson<\/strong>&nbsp;como hija de ambos, en el largometraje&nbsp;<em>Mam\u00e1 se fue de viaje<\/em>&nbsp;(2017). Luego trabaj\u00f3 en la obra&nbsp;<em>El juego,&nbsp;<\/em>en el M\u00e9todo Kair\u00f3s e integr\u00f3 el elenco de la serie&nbsp;<em>Medusa<\/em>, de Paramount+.<\/p>\n\n\n<div class=\"wp-block-image\">\n<figure class=\"alignright is-resized\"><img loading=\"lazy\" decoding=\"async\" src=\"https:\/\/resizer.glanacion.com\/resizer\/OsRJCc6ug-Urgyxg_3K96h-Eyys=\/420x0\/filters:format(webp):quality(70)\/cloudfront-us-east-1.images.arcpublishing.com\/lanacionar\/FCML6QFGZBCG5I6NB5M6AUUOFA.jpg\" alt=\"Mora Peretti debut\u00f3 en el cine con la pel\u00edcula: Mam\u00e1 se fue de viaje\" width=\"452\" height=\"452\"\/><figcaption>Mora Peretti debut\u00f3 en el cine con la pel\u00edcula: Mam\u00e1 se fue de viaje(Fuente: Instagram\/@moraperetti_)<\/figcaption><\/figure>\n<\/div>\n\n\n<p>En el presente, Mora es estudiante de la escuela de artistas de&nbsp;<strong>Cris Morena, Otro Mundo<\/strong>, espacio donde&nbsp;<strong>se entrena a los aspirantes a convertirse en los nuevos actores<\/strong>&nbsp;<strong>y actrices<\/strong>&nbsp;<strong>de Argentina<\/strong>.<\/p>\n\n\n\n<p>No obstante, el nombre de Mora reson\u00f3 porque forma parte del elenco de la nueva novela que\u00a0produjo Pol-ka:\u00a0<em>Buenos Chicos<\/em>. Esta misma se emitir\u00e1 a la par de la segunda temporada de\u00a0<em>Argentina, tierra de amor y venganza<\/em>\u00a0por la pantalla de\u00a0<em>eltrece<\/em>.<\/p>\n\n\n\n<p>En di\u00e1logo con la revista\u00a0<em><strong>\u00a1Hola! Argentina<\/strong><\/em>\u00a0d\u00edas atr\u00e1s, Mora\u00a0revel\u00f3 c\u00f3mo fue su inicio en la actuaci\u00f3n\u00a0y qu\u00e9 la llev\u00f3 a ello. \u201cEra muy t\u00edmida en el colegio,\u00a0<strong>no me llevaba bien con mis compa\u00f1eros y no ten\u00eda muchos amigos<\/strong>. Por eso, cuando estaba en sexto grado, mi psic\u00f3loga les aconsej\u00f3 a mis pap\u00e1s que empezara teatro\u00a0<strong>para desenvolverme mejor\u201d<\/strong>, se\u00f1al\u00f3.<\/p>\n\n\n<div class=\"wp-block-image\">\n<figure class=\"alignleft\"><img decoding=\"async\" src=\"https:\/\/resizer.glanacion.com\/resizer\/b_43y32epTQhkwtdCqMyRgDJ6Xo=\/420x0\/filters:format(webp):quality(70)\/cloudfront-us-east-1.images.arcpublishing.com\/lanacionar\/635Z2TYKTVCNRGNBXIVP3K3RDA.jpg\" alt=\"Mora Peretti trabajar\u00e1 en Buenos Muchachos, que se emitir\u00e1 por elTrece\"\/><figcaption>Mora Peretti trabajar\u00e1 en Buenos Muchachos, que se emitir\u00e1 por elTrece(Fuente: Instagram\/@moraperetti_)<\/figcaption><\/figure>\n<\/div>\n\n\n<p>A pesar de los miedos de su padre por ser actriz, ya que seg\u00fan ella, \u00e9l conoce bien cu\u00e1n&nbsp;<strong>\u201cfrustrante\u201d<\/strong>&nbsp;puede ser, advirti\u00f3: \u201cQuiero vivir de la actuaci\u00f3n,&nbsp;<strong>pero no me importa ser famosa.<\/strong>&nbsp;Ahora siento que estoy en un buen momento y&nbsp;<strong>lo quiero aprovechar,<\/strong>&nbsp;no estar pensando en si el d\u00eda de ma\u00f1ana voy a tener trabajo o no\u201d.<\/p>\n\n\n\n<h2 class=\"wp-block-heading\">De qu\u00e9 trata Buenos Chicos, la novela en la que Mora Peretti tendr\u00e1 su papel<\/h2>\n\n\n\n<p>La trama cuenta la historia de&nbsp;<strong>un grupo de j\u00f3venes<\/strong>&nbsp;de clase media que se conocieron en el secundario y viven intensamente sus historias de amor y amistad. Hasta que un d\u00eda<strong>&nbsp;se les presenta una situaci\u00f3n l\u00edmite que les va a cambiar la vida para siempre<\/strong>. Decididos a ayudar heroicamente a una de las chicas del grupo, que sufre&nbsp;<strong>un intento de abuso,<\/strong>&nbsp;terminan involucrados y siendo v\u00edctimas de una persona que los obliga a realizar ciertas acciones comprometedoras.<\/p>\n\n\n\n<p>El elenco de la misma est\u00e1 compuesto por&nbsp;<strong>Luciano C\u00e1ceres, Romina Gaetani<\/strong>, Brenda Gandini, Juan Palomino,&nbsp;<strong>Cachete Sierra&nbsp;<\/strong>y una serie de actores j\u00f3venes, entre los que destacan: Mora Peretti, Tom\u00e1s Kirzner, Santiago Achaga, Gina Mastronicola, Jer\u00f3nimo Giocondo Bosia, Agustina Tremari, Francisco V\u00e1zquez, Carolina Unrein, Lautaro Rodr\u00edguez, Ornella D\u00b4El\u00eda, Roc\u00edo Hern\u00e1ndez y Joaqu\u00edn Ferreira.<\/p>\n","protected":false},"excerpt":{"rendered":"<p>Mora Peretti\u00a0corresponde a una nueva generaci\u00f3n de hijos de grandes actores argentinos, que poco a poco se hace notar en las diferentes ficciones de producci\u00f3n local o, m\u00e1s bien, en&hellip; <\/p>\n","protected":false},"author":1,"featured_media":76005,"comment_status":"closed","ping_status":"open","sticky":false,"template":"","format":"standard","meta":{"footnotes":""},"categories":[19],"tags":[],"class_list":["post-76000","post","type-post","status-publish","format-standard","has-post-thumbnail","hentry","category-espectaculos"],"_links":{"self":[{"href":"https:\/\/corrientesdetarde.com\/index.php\/wp-json\/wp\/v2\/posts\/76000","targetHints":{"allow":["GET"]}}],"collection":[{"href":"https:\/\/corrientesdetarde.com\/index.php\/wp-json\/wp\/v2\/posts"}],"about":[{"href":"https:\/\/corrientesdetarde.com\/index.php\/wp-json\/wp\/v2\/types\/post"}],"author":[{"embeddable":true,"href":"https:\/\/corrientesdetarde.com\/index.php\/wp-json\/wp\/v2\/users\/1"}],"replies":[{"embeddable":true,"href":"https:\/\/corrientesdetarde.com\/index.php\/wp-json\/wp\/v2\/comments?post=76000"}],"version-history":[{"count":1,"href":"https:\/\/corrientesdetarde.com\/index.php\/wp-json\/wp\/v2\/posts\/76000\/revisions"}],"predecessor-version":[{"id":76006,"href":"https:\/\/corrientesdetarde.com\/index.php\/wp-json\/wp\/v2\/posts\/76000\/revisions\/76006"}],"wp:featuredmedia":[{"embeddable":true,"href":"https:\/\/corrientesdetarde.com\/index.php\/wp-json\/wp\/v2\/media\/76005"}],"wp:attachment":[{"href":"https:\/\/corrientesdetarde.com\/index.php\/wp-json\/wp\/v2\/media?parent=76000"}],"wp:term":[{"taxonomy":"category","embeddable":true,"href":"https:\/\/corrientesdetarde.com\/index.php\/wp-json\/wp\/v2\/categories?post=76000"},{"taxonomy":"post_tag","embeddable":true,"href":"https:\/\/corrientesdetarde.com\/index.php\/wp-json\/wp\/v2\/tags?post=76000"}],"curies":[{"name":"wp","href":"https:\/\/api.w.org\/{rel}","templated":true}]}}