{"id":76031,"date":"2023-07-26T13:41:03","date_gmt":"2023-07-26T16:41:03","guid":{"rendered":"https:\/\/corrientesdetarde.com\/?p=76031"},"modified":"2023-07-26T18:56:13","modified_gmt":"2023-07-26T21:56:13","slug":"dispositivo-de-seguridad-por-las-fiestas-patronales-en-honor-a-santa-ana-de-los-guacaras","status":"publish","type":"post","link":"https:\/\/corrientesdetarde.com\/index.php\/policiales\/dispositivo-de-seguridad-por-las-fiestas-patronales-en-honor-a-santa-ana-de-los-guacaras\/","title":{"rendered":"DISPOSITIVO DE SEGURIDAD POR LAS FIESTAS PATRONALES EN HONOR A SANTA ANA DE LOS GU\u00c1CARAS"},"content":{"rendered":"\n<p>Con motivo de la realizaci\u00f3n de las fiestas patronales en honor a su Santa Patrona \u201cSanta<br>Ana de los Gu\u00e1caras\u201d, en la localidad del mismo nombre, bajo el lema \u201cJESUCRISTO, SE\u00d1OR DE<br>LA HISTORIA, TE NECESITAMOS\u201d, del 17 al 26 de Julio del a\u00f1o en curso, siendo los actos<br>centrales el \u00faltimo d\u00eda mencionado; previ\u00e9ndose una masiva concurrencia de feligreses, que<br>llegar\u00e1n a dicha localidad por distintos medios (veh\u00edculos, motocicletas, a caballo, caminando,<br>etc.,), y conforme a las actividades programadas.<br>Desde el Ministerio de Seguridad, conjuntamente con la Subsecretaria de Seguridad y la<br>Polic\u00eda de la Provincia de Corrientes, a trav\u00e9s de la Direcci\u00f3n General de Coordinaci\u00f3n Interior,<br>la Unidad Regional I\u00ba-San Luis del Palmar, la Comisaria de Distrito Santa Ana; la Direcci\u00f3n<br>Planeamiento y Operaciones; la Direcci\u00f3n General de Seguridad Vial; de la Direcci\u00f3n General de<\/p>\n\n\n\n<p>Seguridad y Prevenci\u00f3n del Delito; entre otros organismos, han dispuesto un importante<br>operativo de seguridad, a implementarse durante y despu\u00e9s de la culminaci\u00f3n de todas las<br>actividades religiosas previstas (peregrinaci\u00f3n y actos varios), a fin de brindar seguridad a los<br>asistentes, peregrinos, m\u00f3viles y otras personas que se desplacen durante el trayecto que<br>comprende la peregrinaci\u00f3n.<br>Este Plan de Seguridad, se implementar\u00e1 bas\u00e1ndose en la distribuci\u00f3n estrat\u00e9gica de<br>recursos humanos y materiales, para evitar la alteraci\u00f3n del orden p\u00fablico y la comisi\u00f3n de<br>delitos, como as\u00ed tambi\u00e9n la seguridad vial y actuar ante cualquier circunstancia que amerite la<br>intervenci\u00f3n policial, para que el evento se desarrolle con total normalidad.<br>En el Plan de Seguridad, tendr\u00e1n especial intervenci\u00f3n efectivos de la Comisaria de Distrito<br>Santa Ana y de las distintas dependencias bajo la \u00f3rbita de la Unidad Regional I\u00ba de San Luis del<br>Palmar que depende de la Direcci\u00f3n General de Coordinaci\u00f3n e Interior, contando con la<br>estrecha colaboraci\u00f3n de la Unidad Especial de Tr\u00e1nsito y Caminera (Capital) de la Direcci\u00f3n<br>General de Seguridad Vial; Direcci\u00f3n General de Seguridad y Prevenci\u00f3n del Delito.<br>Teniendo en cuenta, la gran afluencia de personas que se desplazar\u00e1 sobre la ruta, se ha<br>dispuesto que el Personal Policial de los Controles Camineros permanentes y m\u00f3viles, ubicados<br>en la Ciudad Capital e Interior de la Provincia, informaran a los usuarios, respecto de la<br>existencia del evento religioso, para que adopten las medidas de seguridad adecuada.<br>Se reforzar\u00e1, todos los controles camineros en los accesos y egresos a la ciudad, desde el<br>inicio y hasta la finalizaci\u00f3n del presente dispositivo de seguridad <em>(del 17 al 26\/07\/23)<\/em>,<br>regul\u00e1ndose el tr\u00e1nsito sobre la Ruta Nacional N\u00ba 12 y las Rutas Provinciales N\u00ba5 y N\u00b043;<br>Control Caminero N\u00ba 1 (Ruta 1): Tendr\u00e1 la misi\u00f3n de INFORMAR, a los conductores de<br>veh\u00edculos que transitan la Ruta Nacional N\u00b012 con sentido de circulaci\u00f3n de Interior a Capital,<br>de que por un tramo de la citada Ruta Nacional y la Provincial N\u00ba43, se desplaza una<br>peregrinaci\u00f3n, para que adopten las medidas de precauci\u00f3n correspondientes, previ\u00e9ndose la<br>misma los d\u00edas 22 y 26-07-23, respectivamente.<br>Control Caminero N\u00ba3 (Ruta 3): Tendr\u00e1 similar funci\u00f3n al \u00edtem anterior, y adem\u00e1s brindar<br>informaci\u00f3n a conductores de veh\u00edculos que tengan por destino la localidad de Santa Ana,<br>sobre todo aquellos que tomen la v\u00eda de Avenida Centenario para luego ingresar por Ruta<br>Provincial 99.<br>Control Caminero N\u00ba 4 (Ruta 4): Tendr\u00e1 Similares funciones al \u00edtem anterior haciendo<br>especial hincapi\u00e9 sobre los veh\u00edculos de tr\u00e1nsito pesado. El Personal Policial destacado deber\u00e1<br>requerir permanentemente a los usuarios de la v\u00eda p\u00fablica, incluido los veh\u00edculos utilizados<br>como apoyo o transporte de peregrinos, el cumplimiento de la ley de tr\u00e1nsito y har\u00e1 observar<br>sus normas.<br>Asimismo, un m\u00f3vil Policial, acompa\u00f1ar\u00e1 la peregrinaci\u00f3n de los j\u00f3venes de la Di\u00f3cesis de<br>Pastoral de Juventud, que partir\u00e1 el 22-07-23, a partir de las 07:30 horas, desde la intersecci\u00f3n<br>de Ruta Nacional 12 y Ruta Provincial 43, hasta la Parroquia de Santa Ana y se instalar\u00e1 un<br>puesto de Regulaci\u00f3n del tr\u00e1nsito en la intersecci\u00f3n de Ruta Nacional 12 y Ruta Provincial 43, el<br>22-07-23, de 06:30 horas hasta la llegada de los Peregrinos a la Parroquia de Santa Ana. El 25-<br>07-23 de 17:00 horas hasta las 22:00 horas del 26-07-23.<br>Durante el desplazamiento de la peregrinaci\u00f3n instalar\u00e1 controles m\u00f3viles, con equipos<br>respectivos que, realizar\u00e1n la regulaci\u00f3n y\/o redireccionando el tr\u00e1nsito vehicular durante el<\/p>\n\n\n\n<p>paso de la misma, de ser necesario, colaborando en ello Personal de las Comisarias Cr\u00eda. 9na.<br>10\u00ba y 16ta. Urbana; Comisaria Ingenio Primer Correntino (seg\u00fan las jurisdicciones respectivas).<br>Por todo lo expuesto, se solicita la colaboraci\u00f3n de los se\u00f1ores conductores y<br>transportistas, que tomen las precauciones del caso a efectos de evitar accidentes y caos<br>vehicular, teniendo en cuenta el trayecto que comprende la peregrinaci\u00f3n, circulen<br>extremando las medidas de seguridad y las indicaciones de las autoridades tanto las<br>eclesi\u00e1sticas como policial, quienes se hallan velando por el mantenimiento del orden y la<br>seguridad p\u00fablica.<br>RECOMENDACIONES A TENER EN CUENTA<br>\u2022 Mantener el orden de la peregrinaci\u00f3n en el tr\u00e1nsito establecido por los organizadores;<br>respetando los lugares asignados y de esa manera no entorpecer el desplazamiento.<br>\u2022 Los feligreses, que se desplacen por cualquier medio, durante toda la peregrinaci\u00f3n<br>deber\u00e1n respetar las indicaciones de seguridad y no sobrepasar la l\u00ednea media de la ruta.<br>\u2022 En ning\u00fan caso se permitir\u00e1 la circulaci\u00f3n vehicular en doble fila, evitando de este modo<br>el congestionamiento vehicular.<br>\u2022 Los que circulen en motocicleta o bicicleta, deber\u00e1n hacerlo con la totalidad de los<br>elementos de seguridad (casco) y con chaleco refractario.<br>\u2022 A fin de evitar inconvenientes que afecten a la seguridad, la columna de peregrinos<br>deber\u00e1 desplazarse de la forma m\u00e1s compacta posible, evitando dispersiones lo que provocan<br>desorganizaci\u00f3n y descontrol.<br>\u2022 LOS PEREGRINOS QUE ASISTEN A ESTA IMPORTANTE MUESTRA DE FE DEBER\u00c1N<br>HACERLO CON LA MAXIMA COOPERACI\u00d3N, RESPONSABILIDAD Y RESPETO.<br>SEGURIDAD VIAL<br>\u2022 Los automovilistas ajenos al movimiento religioso, deber\u00e1n circular con prudencia,<br>respeto a las normas de tr\u00e1nsito, las indicaciones realizadas por el personal policial trav\u00e9s de los<br>distintos puestos fijos y m\u00f3viles y la totalidad de las documentaciones correspondientes.<br>\u2022 Los rodados deber\u00e1n poseer las condiciones \u00f3ptimas de seguridad y transitabilidad.<br>\u2022 Uso obligatorio del cintur\u00f3n de seguridad para todos los ocupantes del veh\u00edculo.<br>\u2022 No exceder las velocidades permitidas.<br>\u2022 Uso obligatorio de las luces bajasen forma permanente.<br>\u2022 Respetar las se\u00f1alizaciones y mantener la distancia de frenado en ruta (2 segundos).<br>\u2022 A los motociclistas se les exigir\u00e1, adem\u00e1s de las documentaciones correspondientes, el<br>uso del casco tanto para el conductor como el acompa\u00f1ante.<br>\u2022 Los menores de diez a\u00f1os deben viajar en los asientos traseros y con los cinturones de<br>seguridad colocados, los beb\u00e9s deber\u00e1n viajar con el Sistema de Retenci\u00f3n Infantil (SRI),<br>conforme la legislaci\u00f3n vigente.<\/p>\n\n\n\n<figure class=\"wp-block-image size-large\"><img loading=\"lazy\" decoding=\"async\" width=\"1024\" height=\"616\" src=\"https:\/\/corrientesdetarde.com\/wp-content\/uploads\/2023\/07\/SANTA-ANA-2-1024x616.jpeg\" alt=\"\" class=\"wp-image-76032\" srcset=\"https:\/\/corrientesdetarde.com\/wp-content\/uploads\/2023\/07\/SANTA-ANA-2-1024x616.jpeg 1024w, https:\/\/corrientesdetarde.com\/wp-content\/uploads\/2023\/07\/SANTA-ANA-2-300x180.jpeg 300w, https:\/\/corrientesdetarde.com\/wp-content\/uploads\/2023\/07\/SANTA-ANA-2-768x462.jpeg 768w, https:\/\/corrientesdetarde.com\/wp-content\/uploads\/2023\/07\/SANTA-ANA-2.jpeg 1162w\" sizes=\"auto, (max-width: 1024px) 100vw, 1024px\" \/><\/figure>\n\n\n\n<figure class=\"wp-block-image size-full\"><img loading=\"lazy\" decoding=\"async\" width=\"579\" height=\"825\" src=\"https:\/\/corrientesdetarde.com\/wp-content\/uploads\/2023\/07\/SANTA-ANA-1.jpeg\" alt=\"\" class=\"wp-image-76033\" srcset=\"https:\/\/corrientesdetarde.com\/wp-content\/uploads\/2023\/07\/SANTA-ANA-1.jpeg 579w, https:\/\/corrientesdetarde.com\/wp-content\/uploads\/2023\/07\/SANTA-ANA-1-211x300.jpeg 211w\" sizes=\"auto, (max-width: 579px) 100vw, 579px\" \/><\/figure>\n","protected":false},"excerpt":{"rendered":"<p>Con motivo de la realizaci\u00f3n de las fiestas patronales en honor a su Santa Patrona \u201cSantaAna de los Gu\u00e1caras\u201d, en la localidad del mismo nombre, bajo el lema \u201cJESUCRISTO, SE\u00d1OR&hellip; <\/p>\n","protected":false},"author":8,"featured_media":76032,"comment_status":"closed","ping_status":"open","sticky":false,"template":"","format":"standard","meta":{"footnotes":""},"categories":[33],"tags":[],"class_list":["post-76031","post","type-post","status-publish","format-standard","has-post-thumbnail","hentry","category-policiales"],"_links":{"self":[{"href":"https:\/\/corrientesdetarde.com\/index.php\/wp-json\/wp\/v2\/posts\/76031","targetHints":{"allow":["GET"]}}],"collection":[{"href":"https:\/\/corrientesdetarde.com\/index.php\/wp-json\/wp\/v2\/posts"}],"about":[{"href":"https:\/\/corrientesdetarde.com\/index.php\/wp-json\/wp\/v2\/types\/post"}],"author":[{"embeddable":true,"href":"https:\/\/corrientesdetarde.com\/index.php\/wp-json\/wp\/v2\/users\/8"}],"replies":[{"embeddable":true,"href":"https:\/\/corrientesdetarde.com\/index.php\/wp-json\/wp\/v2\/comments?post=76031"}],"version-history":[{"count":1,"href":"https:\/\/corrientesdetarde.com\/index.php\/wp-json\/wp\/v2\/posts\/76031\/revisions"}],"predecessor-version":[{"id":76034,"href":"https:\/\/corrientesdetarde.com\/index.php\/wp-json\/wp\/v2\/posts\/76031\/revisions\/76034"}],"wp:featuredmedia":[{"embeddable":true,"href":"https:\/\/corrientesdetarde.com\/index.php\/wp-json\/wp\/v2\/media\/76032"}],"wp:attachment":[{"href":"https:\/\/corrientesdetarde.com\/index.php\/wp-json\/wp\/v2\/media?parent=76031"}],"wp:term":[{"taxonomy":"category","embeddable":true,"href":"https:\/\/corrientesdetarde.com\/index.php\/wp-json\/wp\/v2\/categories?post=76031"},{"taxonomy":"post_tag","embeddable":true,"href":"https:\/\/corrientesdetarde.com\/index.php\/wp-json\/wp\/v2\/tags?post=76031"}],"curies":[{"name":"wp","href":"https:\/\/api.w.org\/{rel}","templated":true}]}}