{"id":76035,"date":"2023-07-26T13:50:08","date_gmt":"2023-07-26T16:50:08","guid":{"rendered":"https:\/\/corrientesdetarde.com\/?p=76035"},"modified":"2023-07-26T13:50:22","modified_gmt":"2023-07-26T16:50:22","slug":"idea-tambien-rechazo-las-medidas-cambiarias-y-le-reclamo-a-massa-por-el-nuevo-impuesto-a-las-importaciones","status":"publish","type":"post","link":"https:\/\/corrientesdetarde.com\/index.php\/economia\/idea-tambien-rechazo-las-medidas-cambiarias-y-le-reclamo-a-massa-por-el-nuevo-impuesto-a-las-importaciones\/","title":{"rendered":"IDEA tambi\u00e9n rechaz\u00f3 las medidas cambiarias y le reclam\u00f3 a Massa por el nuevo impuesto a las importaciones"},"content":{"rendered":"\n<p>El Instituto para el Desarrollo Empresarial de la Argentina asegur\u00f3 que se trat\u00f3 de una \u201cdecisi\u00f3n discrecional\u201d y que \u201catenta contra el crecimiento de la econom\u00eda\u201d.<\/p>\n\n\n\n<p>Tras las nuevas medidas cambiarias\u00a0del Gobierno el lunes con el objetivo de\u00a0frenar el drenaje de reservas en el marco de la renegociaci\u00f3n del acuerdo con el FMI, el\u00a0<strong>Instituto para<\/strong>\u00a0<strong>el Desarrollo Empresarial de la Argentina (IDEA)<\/strong>\u00a0manifest\u00f3 su preocupaci\u00f3n y\u00a0se sum\u00f3 a las cr\u00edticas de distintos sectores del empresariado nacional.<\/p>\n\n\n\n<p>\u201cVemos con preocupaci\u00f3n las \u00faltimas medidas econ\u00f3micas implementadas por el Poder Ejecutivo, que incluyen la creaci\u00f3n de nuevos impuestos y el aumento de los ya existentes, ya que tienen un impacto negativo en la actividad empresarial\u201d, inici\u00f3 el comunicado de IDEA.<\/p>\n\n\n\n<p>\u201cSientan un mal precedente donde&nbsp;<strong>el Poder Ejecutivo toma una decisi\u00f3n discrecional<\/strong>, eludiendo la discusi\u00f3n de los temas impositivos en el Congreso de la Naci\u00f3n, seg\u00fan lo dispuesto por la Constituci\u00f3n Nacional\u201d, a\u00f1adieron desde la entidad.<\/p>\n\n\n\n<p>En tanto, si bien celebraron \u201cla b\u00fasqueda de alternativas para evitar un nuevo incumplimiento de nuestros compromisos con los acreedores\u201d, advirtieron que \u201clos cambios de al\u00edcuotas y la imposici\u00f3n de nuevos grav\u00e1menes atentan contra dos de los principales problemas que condicionan el crecimiento de la econom\u00eda argentina desde hace tiempo: los&nbsp;<strong>cambios permanentes de las reglas de juego<\/strong>&nbsp;(esta medida afecta contratos ya establecidos) y la&nbsp;<strong>alt\u00edsima presi\u00f3n fiscal<\/strong>\u201d.<\/p>\n\n\n\n<figure class=\"wp-block-image\"><img decoding=\"async\" src=\"https:\/\/tn.com.ar\/resizer\/s8lUEwx8xwgjNQBGK2_oOgGLiIQ=\/767x0\/smart\/filters:format(webp)\/cloudfront-us-east-1.images.arcpublishing.com\/artear\/DLQKFWTXOZGOJIFJ2GYV7IDFMY.jpg\" alt=\"El ministro de Econom\u00eda, Sergio Massa, durante su participaci\u00f3n virtual en el encuentro Experiencia IDEA Energ\u00eda. (Foto: captura de pantalla).\"\/><\/figure>\n\n\n\n<p>Seg\u00fan IDEA,\u00a0<strong>\u201cla escasez de reservas internacionales permanecer\u00e1 mientras no se genere confianza\u201d<\/strong>. \u201cMedidas como las tomadas por el Gobierno en el d\u00eda de ayer s\u00f3lo contribuyen a agravar las inconsistencias macroecon\u00f3micas, sin atacar la ra\u00edz del problema\u201d, agregaron.<\/p>\n\n\n\n<p>En la jornada de ayer, la Uni\u00f3n Industrial Argentina (UIA), La Uni\u00f3n Industrial Argentina (UIA) la Asociaci\u00f3n Empresaria Argentina (AEA) y el foro de Convergencia Empresaria, \u00a0emitieron duros comunicados en el mismo sentido, donde advirtieron que la suba de impuestos a las importaciones que dispuso el ministro\u00a0<strong>Sergio Massa<\/strong>\u00a0afectar\u00e1n a la producci\u00f3n y har\u00e1n\u00a0<strong>caer las ventas al exterior<\/strong>.<\/p>\n\n\n\n<p>Bajo el t\u00edtulo&nbsp;<strong>\u201cM\u00e1s impuestos no es el camino\u201d<\/strong>, AEA se quej\u00f3 por un nuevo incremento de la presi\u00f3n tributaria \u201ccon medidas que impactan sobre la competitividad de las exportaciones y generan costos retroactivos sobre importaciones ya pautadas\u201d.<\/p>\n\n\n\n<p>La UIA, en tanto, alert\u00f3 por el<strong>&nbsp;impacto<\/strong>&nbsp;en el sector y pidi\u00f3<strong>&nbsp;\u201clograr un acuerdo con el Fondo Monetario<\/strong>&nbsp;Internacional que<strong>&nbsp;d\u00e9 previsibilidad<\/strong>&nbsp;a los compromisos externos y a la administraci\u00f3n de las reservas internacionales\u201d.<\/p>\n\n\n\n<figure class=\"wp-block-image\"><img decoding=\"async\" src=\"https:\/\/tn.com.ar\/resizer\/W5h1q4A5byvPpNRTofmNITAae2Q=\/767x0\/smart\/filters:format(webp)\/cloudfront-us-east-1.images.arcpublishing.com\/artear\/DJK62TZQ6VB7ZC4EWBLBQXQMAY.jpg\" alt=\"El presidente de la UIA, Daniel Funes de Rioja, se mostr\u00f3 en contra de las \u00faltimas medidas cambiarias tomadas por el ministro de Econom\u00eda, Sergio Massa (Foto: NA\/MARCELO CAPECE)\"\/><\/figure>\n\n\n\n<p>Para la entidad que conduce Daniel Funes de Rioja, \u201cresulta fundamental evitar el&nbsp;<strong>sesgo antiexportador<\/strong>&nbsp;y las distorsiones de precios que generan estos esquemas que impactan aleatoriamente en las cadenas de valor\u201d.<\/p>\n\n\n\n<p>La entidad se quej\u00f3 especialmente porque el encarecimiento del\u00a0<strong>acceso al d\u00f3lar oficia aplica a importaciones pautadas con anterioridad, \u201cgenerando costos retroactivos\u201d y \u201cun quiebre en la cadena de pagos\u201d.<\/strong><\/p>\n\n\n\n<p>En tanto, el&nbsp;<strong>Foro de Convergencia<\/strong>&nbsp;sostuvo que \u201cel anuncio del Poder Ejecutivo sobre la creaci\u00f3n de nuevos impuestos y el aumento de los ya existentes agrega un peso adicional a la carga tributaria que agobia desde hace tiempo a las empresas y a los ciudadanos en general, trabando la actividad productiva y desincentivando la inversi\u00f3n privada\u201d.<\/p>\n\n\n\n<p>\u201cEl d\u00e9ficit fiscal generado por el aumento del gasto p\u00fablico en todos los niveles de gobierno, las p\u00e9rdidas de las empresas del Estado, los subsidios a la energ\u00eda y el transporte y el financiamiento de dichas deudas a trav\u00e9s de la emisi\u00f3n monetaria, nos ha llevado a una tasa de inflaci\u00f3n muy elevada que constituye un impuesto adicional, especialmente sobre los sectores m\u00e1s vulnerables\u201d, indicaron.<\/p>\n","protected":false},"excerpt":{"rendered":"<p>El Instituto para el Desarrollo Empresarial de la Argentina asegur\u00f3 que se trat\u00f3 de una \u201cdecisi\u00f3n discrecional\u201d y que \u201catenta contra el crecimiento de la econom\u00eda\u201d. Tras las nuevas medidas&hellip; <\/p>\n","protected":false},"author":8,"featured_media":76036,"comment_status":"closed","ping_status":"open","sticky":false,"template":"","format":"standard","meta":{"footnotes":""},"categories":[20],"tags":[],"class_list":["post-76035","post","type-post","status-publish","format-standard","has-post-thumbnail","hentry","category-economia"],"_links":{"self":[{"href":"https:\/\/corrientesdetarde.com\/index.php\/wp-json\/wp\/v2\/posts\/76035","targetHints":{"allow":["GET"]}}],"collection":[{"href":"https:\/\/corrientesdetarde.com\/index.php\/wp-json\/wp\/v2\/posts"}],"about":[{"href":"https:\/\/corrientesdetarde.com\/index.php\/wp-json\/wp\/v2\/types\/post"}],"author":[{"embeddable":true,"href":"https:\/\/corrientesdetarde.com\/index.php\/wp-json\/wp\/v2\/users\/8"}],"replies":[{"embeddable":true,"href":"https:\/\/corrientesdetarde.com\/index.php\/wp-json\/wp\/v2\/comments?post=76035"}],"version-history":[{"count":1,"href":"https:\/\/corrientesdetarde.com\/index.php\/wp-json\/wp\/v2\/posts\/76035\/revisions"}],"predecessor-version":[{"id":76037,"href":"https:\/\/corrientesdetarde.com\/index.php\/wp-json\/wp\/v2\/posts\/76035\/revisions\/76037"}],"wp:featuredmedia":[{"embeddable":true,"href":"https:\/\/corrientesdetarde.com\/index.php\/wp-json\/wp\/v2\/media\/76036"}],"wp:attachment":[{"href":"https:\/\/corrientesdetarde.com\/index.php\/wp-json\/wp\/v2\/media?parent=76035"}],"wp:term":[{"taxonomy":"category","embeddable":true,"href":"https:\/\/corrientesdetarde.com\/index.php\/wp-json\/wp\/v2\/categories?post=76035"},{"taxonomy":"post_tag","embeddable":true,"href":"https:\/\/corrientesdetarde.com\/index.php\/wp-json\/wp\/v2\/tags?post=76035"}],"curies":[{"name":"wp","href":"https:\/\/api.w.org\/{rel}","templated":true}]}}