{"id":76038,"date":"2023-07-26T14:40:22","date_gmt":"2023-07-26T17:40:22","guid":{"rendered":"https:\/\/corrientesdetarde.com\/?p=76038"},"modified":"2023-07-26T14:40:28","modified_gmt":"2023-07-26T17:40:28","slug":"por-ley-se-creara-el-observatorio-provincial-de-seguridad-vial-o-se-vi","status":"publish","type":"post","link":"https:\/\/corrientesdetarde.com\/index.php\/politica\/por-ley-se-creara-el-observatorio-provincial-de-seguridad-vial-o-se-vi\/","title":{"rendered":"Por Ley se crear\u00e1 el Observatorio Provincial de Seguridad Vial (O.Se.Vi)"},"content":{"rendered":"\n<p><strong>La iniciativa responde al actual senador nacional Eduardo Vischi, quien durante su mandato como diputado provincial present\u00f3 el expediente, que fuera analizado en ambas c\u00e1maras. El objetivo final es disminuir y prevenir tasa de siniestralidad vial. Es Ley 6643 y pas\u00f3 al Poder Ejecutivo para promulgaci\u00f3n.<\/strong><\/p>\n\n\n\n<p>En la sesi\u00f3n 11 de la c\u00e1mara de Diputados, presidida por Pedro Cassani, se sancion\u00f3 la ley 6643 por la cual se establece la creaci\u00f3n del \u201cObservatorio Provincial de Seguridad Vial de la Provincia de Corrientes (<a href=\"http:\/\/o.se.vi\/\" target=\"_blank\" rel=\"noreferrer noopener\">O.Se.Vi<\/a>.) el cual funcionar\u00e1 org\u00e1nicamente en la \u00f3rbita del Ministerio de Seguridad, teniendo por prop\u00f3sito la elaboraci\u00f3n de informes estad\u00edsticos de los siniestros viales producidos en la provincia a trav\u00e9s de la investigaci\u00f3n de las infracciones y la producci\u00f3n de siniestros viales, de modo tal de formular evaluaciones de las causas, efectos, y posibles medidas preventivas, con el objeto de reducir la tasa de siniestralidad vial, en cada una de las localidades y rutas de la provincia\u201d.<\/p>\n\n\n\n<p>De esta manera, se colaborar\u00e1 en la elaboraci\u00f3n de un diagn\u00f3stico de situaci\u00f3n inicial que permita planificar el conjunto de estrategias para el desarrollo de pol\u00edticas p\u00fablicas tendientes a lograr la reducci\u00f3n de la siniestralidad vial; identificar actores y objetivos vinculados a la seguridad vial; relevar las fuentes y el circuito de la informaci\u00f3n referente a los siniestros viales, entre otros objetivos, en coordinaci\u00f3n con la Agencia Nacional de Seguridad Vial y los observatorios municipales.<\/p>\n\n\n\n<p>En la fundamentaci\u00f3n de la iniciativa el diputado Andr\u00e9s Ch\u00e1vez detall\u00f3 el aspecto t\u00e9cnico de la iniciativa poniendo \u00e9nfasis en su necesidad. En el mismo sentido, el diputado Javier S\u00e1ez afirm\u00f3 que es un paso importante para la provincia en el marco de un flagelo mundial.<\/p>\n\n\n\n<p>El proyecto del actual senador nacional Eduardo Vischi, pas\u00f3 al Poder Ejecutivo para su promulgaci\u00f3n y puesta en vigencia.<\/p>\n\n\n\n<p>Por otra parte, se otorg\u00f3 por unanimidad de votos media sanci\u00f3n al proyecto de ley de adhesi\u00f3n a la ley nacional 27.709 de creaci\u00f3n del Plan Federal de Capacitaci\u00f3n sobre los Derechos de los Ni\u00f1os, Ni\u00f1as y Adolescentes, m\u00e1s conocido como Ley Lucio, en referencia al caso Lucio Dupuy el ni\u00f1o de 5 a\u00f1os, brutalmente asesinado por su progenitora y la expareja de ella en Santa Rosa, La Pampa.<\/p>\n\n\n\n<p>\u201cSu homicidio, desarrollado el 26 de noviembre del 2021, fue la culminaci\u00f3n de meses y meses de maltrato infantil. La normativa que lleva su nombre, pretende prevenir estos abominables hechos\u201d, coinciden los diversos expedientes presentados sobre la misma tem\u00e1tica (Autor\u00eda: diputados Francisco Podest\u00e1, Ariel B\u00e1ez, Bloque partido Popular y bloque ELI).<\/p>\n\n\n\n<p><strong>Distinci\u00f3n a Diego Rinaldi<\/strong><\/p>\n\n\n\n<p>Previo a la sesi\u00f3n de marras, la c\u00e1mara de Diputados entreg\u00f3 la declaraci\u00f3n de inter\u00e9s \u2013aprobada por unanimidad del cuerpo- ante los logros universitarios obtenidos por Diego Rinaldi, ciudadano correntino, nacido en Goya, al considerarlo un \u201cejemplo para los j\u00f3venes\u201d.<\/p>\n\n\n\n<p>Durante el encuentro el diputado Norberto Ast hizo un repaso de dichos certificados acad\u00e9micos y el diputado Javier S\u00e1ez habl\u00f3 de la talla de su familia. \u201cEs un ejemplo de que se puede tener una banda de rock, hacer lo que a uno le gusta, y seguir estudiando, aportando a la ciencia\u201d, consider\u00f3.<\/p>\n\n\n\n<p>En el mismo sentido, el presidente de la c\u00e1mara parlamentaria, Pedro Cassani ponder\u00f3 \u201clos valores\u201d que inculcaron en Diego, los abuelos goyanos y sus padres. \u201cSu abuelo, fue uno de los comerciantes pioneros de Goya. Todos conocimos a Don Rinaldi\u201d, record\u00f3 para acotar que \u201ces importante recuperar el concepto del trabajo, de la superaci\u00f3n, que hoy se ve reflejada en Diego Rinaldi\u201d, sostuvo.<\/p>\n\n\n\n<p>Los t\u00edtulos que obtuvo, hasta el momento actual de su vida son: Bioqu\u00edmico (1997), Farmac\u00e9utico (2002), Licenciado en Ciencias Qu\u00edmicas (2007),&nbsp;&nbsp;Abogado (2023), Experto Internacional en Toxicolog\u00eda (2008),&nbsp;&nbsp;Mag\u00edster Internacional en Toxicolog\u00eda (2009), Magister&nbsp;&nbsp;en Ciencias Ambientales (2015), Doctor en Ciencias Qu\u00edmicas (2020), y Diplomatura en cannabis y sus usos medicinales (2022), entre muchos otros posgrados.<\/p>\n\n\n\n<p>Entre sus logros laborales, se puede citar, entre muchos otros que: desde 1997 al 2002 se desempe\u00f1\u00f3 en el Laboratorio Qu\u00edmico de la Polic\u00eda de la Provincia de Corrientes. All\u00ed cre\u00f3 la Secci\u00f3n Toxicolog\u00eda, colaborando en la determinaci\u00f3n de t\u00f3xicos para pacientes del Hospital Pedi\u00e1trico Juan Pablo II de la Ciudad de Corrientes.<\/p>\n\n\n\n<p>Desde el a\u00f1o 2003 se incorpora ad honorem al Cuerpo M\u00e9dico Forense del Poder Judicial de la Provincia de Corrientes. En el a\u00f1o 2005 gana concurso como Bioqu\u00edmico Forense en el Poder Judicial. Con un cr\u00e9dito personal adquiri\u00f3 un Cromat\u00f3grafo de gases usado y crea el primer laboratorio Forense en un peque\u00f1o espacio del Hospital Vidal donde funcionaba una Morgue Judicial.<\/p>\n\n\n\n<p>\u201cEn 2008 fue co-art\u00edfice del Instituto M\u00e9dico Forense, un organismo de vanguardia de las Ciencias Forenses del pa\u00eds y Mercosur.&nbsp;&nbsp;En 2010, cre\u00f3 la catedra Qu\u00edmica Forense en la FACENyA UNNE para alumnos de la Carrera de Bioqu\u00edmica, catedra que la sigue dando hasta la fecha de forma gratuita y ad honorem.&nbsp;&nbsp;Durante el a\u00f1o 2018 fue Codirector y coordinador de la primera Diplomatura en Toxicolog\u00eda Cl\u00ednica con orientaci\u00f3n a la Salud Publica, desarrollada en la Facultad de Medicina de la UNNE, con aval del Ministerio de Salud y del Colegio de Bioqu\u00edmicos de la Provincia del Chaco\u201d, record\u00f3 el autor de la iniciativa, el diputado Norberto Ast, quien mencion\u00f3 que adem\u00e1s, \u201ces rockero\u201d (banda La Murga).<\/p>\n\n\n\n<p>Desde noviembre de 2021 a mayo de 2023 fue convocado como Director T\u00e9cnico por la&nbsp;&nbsp;<a href=\"http:\/\/se.pro.fi\/\" target=\"_blank\" rel=\"noreferrer noopener\">SE.PRO.FI<\/a>&nbsp;(Sociedad del Estado para la producci\u00f3n y desarrollo experimental de Aceite Cannabis Medicinal en la Provincia de Corrientes) para la creaci\u00f3n de laboratorios y elecci\u00f3n de t\u00e9cnicas de trabajo, lo que fue logrado nuevamente con \u00e9xito.<\/p>\n\n\n\n<p>Actualmente es miembro de grupos de trabajo en materia de toxicolog\u00eda en pa\u00edses de Am\u00e9rica Latina, Espa\u00f1a, Portugal y el Caribe; da clases en Paraguay, dictando posgrados forenses y en coordinaci\u00f3n con la Polic\u00eda Nacional del vecino pa\u00eds y tiene solicitudes para ir a trabajar al Laboratorio de la Morgue Judicial de la Naci\u00f3n desde 2016 como as\u00ed tambi\u00e9n convocado a trabajar al Laboratorio de Toxicolog\u00eda del Gobierno del Reino de Espa\u00f1a desde 2019.<\/p>\n\n\n\n<p>Al momento de la entrega del reconocimiento, el distinguido dijo simplemente: \u201camo este pa\u00eds\u2026 voy a devolver al pa\u00eds, lo que el pa\u00eds me ha dado\u201d, concluy\u00f3 emocionado.<\/p>\n\n\n\n<figure class=\"wp-block-image size-full\"><img loading=\"lazy\" decoding=\"async\" width=\"1024\" height=\"683\" src=\"https:\/\/corrientesdetarde.com\/wp-content\/uploads\/2023\/07\/RINALDI-2.jpg\" alt=\"\" class=\"wp-image-76039\" srcset=\"https:\/\/corrientesdetarde.com\/wp-content\/uploads\/2023\/07\/RINALDI-2.jpg 1024w, https:\/\/corrientesdetarde.com\/wp-content\/uploads\/2023\/07\/RINALDI-2-300x200.jpg 300w, https:\/\/corrientesdetarde.com\/wp-content\/uploads\/2023\/07\/RINALDI-2-768x512.jpg 768w\" sizes=\"auto, (max-width: 1024px) 100vw, 1024px\" \/><\/figure>\n\n\n\n<figure class=\"wp-block-image size-full\"><img loading=\"lazy\" decoding=\"async\" width=\"1024\" height=\"683\" src=\"https:\/\/corrientesdetarde.com\/wp-content\/uploads\/2023\/07\/RINALDI-3.jpg\" alt=\"\" class=\"wp-image-76041\" srcset=\"https:\/\/corrientesdetarde.com\/wp-content\/uploads\/2023\/07\/RINALDI-3.jpg 1024w, https:\/\/corrientesdetarde.com\/wp-content\/uploads\/2023\/07\/RINALDI-3-300x200.jpg 300w, https:\/\/corrientesdetarde.com\/wp-content\/uploads\/2023\/07\/RINALDI-3-768x512.jpg 768w\" sizes=\"auto, (max-width: 1024px) 100vw, 1024px\" \/><\/figure>\n\n\n\n<figure class=\"wp-block-image size-full\"><img loading=\"lazy\" decoding=\"async\" width=\"1024\" height=\"683\" src=\"https:\/\/corrientesdetarde.com\/wp-content\/uploads\/2023\/07\/RINALDI.jpg\" alt=\"\" class=\"wp-image-76042\" srcset=\"https:\/\/corrientesdetarde.com\/wp-content\/uploads\/2023\/07\/RINALDI.jpg 1024w, https:\/\/corrientesdetarde.com\/wp-content\/uploads\/2023\/07\/RINALDI-300x200.jpg 300w, https:\/\/corrientesdetarde.com\/wp-content\/uploads\/2023\/07\/RINALDI-768x512.jpg 768w\" sizes=\"auto, (max-width: 1024px) 100vw, 1024px\" \/><\/figure>\n\n\n\n<figure class=\"wp-block-image size-full\"><img loading=\"lazy\" decoding=\"async\" width=\"1024\" height=\"683\" src=\"https:\/\/corrientesdetarde.com\/wp-content\/uploads\/2023\/07\/SESION-11-B.jpg\" alt=\"\" class=\"wp-image-76043\" srcset=\"https:\/\/corrientesdetarde.com\/wp-content\/uploads\/2023\/07\/SESION-11-B.jpg 1024w, https:\/\/corrientesdetarde.com\/wp-content\/uploads\/2023\/07\/SESION-11-B-300x200.jpg 300w, https:\/\/corrientesdetarde.com\/wp-content\/uploads\/2023\/07\/SESION-11-B-768x512.jpg 768w\" sizes=\"auto, (max-width: 1024px) 100vw, 1024px\" \/><\/figure>\n\n\n\n<figure class=\"wp-block-image size-full\"><img loading=\"lazy\" decoding=\"async\" width=\"1024\" height=\"683\" src=\"https:\/\/corrientesdetarde.com\/wp-content\/uploads\/2023\/07\/SESION-11-B-1.jpg\" alt=\"\" class=\"wp-image-76044\" srcset=\"https:\/\/corrientesdetarde.com\/wp-content\/uploads\/2023\/07\/SESION-11-B-1.jpg 1024w, https:\/\/corrientesdetarde.com\/wp-content\/uploads\/2023\/07\/SESION-11-B-1-300x200.jpg 300w, https:\/\/corrientesdetarde.com\/wp-content\/uploads\/2023\/07\/SESION-11-B-1-768x512.jpg 768w\" sizes=\"auto, (max-width: 1024px) 100vw, 1024px\" \/><\/figure>\n\n\n\n<figure class=\"wp-block-image size-full\"><img loading=\"lazy\" decoding=\"async\" width=\"1024\" height=\"683\" src=\"https:\/\/corrientesdetarde.com\/wp-content\/uploads\/2023\/07\/SESION-11-C.jpg\" alt=\"\" class=\"wp-image-76040\" srcset=\"https:\/\/corrientesdetarde.com\/wp-content\/uploads\/2023\/07\/SESION-11-C.jpg 1024w, https:\/\/corrientesdetarde.com\/wp-content\/uploads\/2023\/07\/SESION-11-C-300x200.jpg 300w, https:\/\/corrientesdetarde.com\/wp-content\/uploads\/2023\/07\/SESION-11-C-768x512.jpg 768w\" sizes=\"auto, (max-width: 1024px) 100vw, 1024px\" \/><\/figure>\n\n\n\n<figure class=\"wp-block-image size-full\"><img loading=\"lazy\" decoding=\"async\" width=\"1024\" height=\"683\" src=\"https:\/\/corrientesdetarde.com\/wp-content\/uploads\/2023\/07\/SESION-11-D.jpg\" alt=\"\" class=\"wp-image-76045\" srcset=\"https:\/\/corrientesdetarde.com\/wp-content\/uploads\/2023\/07\/SESION-11-D.jpg 1024w, https:\/\/corrientesdetarde.com\/wp-content\/uploads\/2023\/07\/SESION-11-D-300x200.jpg 300w, https:\/\/corrientesdetarde.com\/wp-content\/uploads\/2023\/07\/SESION-11-D-768x512.jpg 768w\" sizes=\"auto, (max-width: 1024px) 100vw, 1024px\" \/><\/figure>\n\n\n\n<figure class=\"wp-block-image size-full\"><img loading=\"lazy\" decoding=\"async\" width=\"1024\" height=\"683\" src=\"https:\/\/corrientesdetarde.com\/wp-content\/uploads\/2023\/07\/SESION-11.jpg\" alt=\"\" class=\"wp-image-76046\" srcset=\"https:\/\/corrientesdetarde.com\/wp-content\/uploads\/2023\/07\/SESION-11.jpg 1024w, https:\/\/corrientesdetarde.com\/wp-content\/uploads\/2023\/07\/SESION-11-300x200.jpg 300w, https:\/\/corrientesdetarde.com\/wp-content\/uploads\/2023\/07\/SESION-11-768x512.jpg 768w\" sizes=\"auto, (max-width: 1024px) 100vw, 1024px\" \/><\/figure>\n","protected":false},"excerpt":{"rendered":"<p>La iniciativa responde al actual senador nacional Eduardo Vischi, quien durante su mandato como diputado provincial present\u00f3 el expediente, que fuera analizado en ambas c\u00e1maras. El objetivo final es disminuir&hellip; <\/p>\n","protected":false},"author":8,"featured_media":76042,"comment_status":"closed","ping_status":"open","sticky":false,"template":"","format":"standard","meta":{"footnotes":""},"categories":[3],"tags":[],"class_list":["post-76038","post","type-post","status-publish","format-standard","has-post-thumbnail","hentry","category-politica"],"_links":{"self":[{"href":"https:\/\/corrientesdetarde.com\/index.php\/wp-json\/wp\/v2\/posts\/76038","targetHints":{"allow":["GET"]}}],"collection":[{"href":"https:\/\/corrientesdetarde.com\/index.php\/wp-json\/wp\/v2\/posts"}],"about":[{"href":"https:\/\/corrientesdetarde.com\/index.php\/wp-json\/wp\/v2\/types\/post"}],"author":[{"embeddable":true,"href":"https:\/\/corrientesdetarde.com\/index.php\/wp-json\/wp\/v2\/users\/8"}],"replies":[{"embeddable":true,"href":"https:\/\/corrientesdetarde.com\/index.php\/wp-json\/wp\/v2\/comments?post=76038"}],"version-history":[{"count":1,"href":"https:\/\/corrientesdetarde.com\/index.php\/wp-json\/wp\/v2\/posts\/76038\/revisions"}],"predecessor-version":[{"id":76047,"href":"https:\/\/corrientesdetarde.com\/index.php\/wp-json\/wp\/v2\/posts\/76038\/revisions\/76047"}],"wp:featuredmedia":[{"embeddable":true,"href":"https:\/\/corrientesdetarde.com\/index.php\/wp-json\/wp\/v2\/media\/76042"}],"wp:attachment":[{"href":"https:\/\/corrientesdetarde.com\/index.php\/wp-json\/wp\/v2\/media?parent=76038"}],"wp:term":[{"taxonomy":"category","embeddable":true,"href":"https:\/\/corrientesdetarde.com\/index.php\/wp-json\/wp\/v2\/categories?post=76038"},{"taxonomy":"post_tag","embeddable":true,"href":"https:\/\/corrientesdetarde.com\/index.php\/wp-json\/wp\/v2\/tags?post=76038"}],"curies":[{"name":"wp","href":"https:\/\/api.w.org\/{rel}","templated":true}]}}