{"id":76053,"date":"2023-07-26T14:56:07","date_gmt":"2023-07-26T17:56:07","guid":{"rendered":"https:\/\/corrientesdetarde.com\/?p=76053"},"modified":"2023-07-26T14:56:19","modified_gmt":"2023-07-26T17:56:19","slug":"tassano-el-balance-de-las-vacaciones-de-invierno-es-altamente-positivo-con-100-de-ocupacion-hotelera","status":"publish","type":"post","link":"https:\/\/corrientesdetarde.com\/index.php\/locales\/tassano-el-balance-de-las-vacaciones-de-invierno-es-altamente-positivo-con-100-de-ocupacion-hotelera\/","title":{"rendered":"Tassano: \u201cEl balance de las vacaciones de invierno es altamente positivo, con 100% de ocupaci\u00f3n hotelera\u201d\u00a0"},"content":{"rendered":"\n<p><em>El promedio de alojamiento fue de tres noches con un gasto por persona de $14.500, seg\u00fan registr\u00f3 el Municipio. Durante las dos semanas de receso invernal, la ciudad present\u00f3 una amplia serie de eventos recreativos, culturales y deportivos que congregaron a miles de personas. Eso signific\u00f3 tambi\u00e9n un impacto importante en la econom\u00eda local. \u201cCorrientes se consolida como ciudad tur\u00edstica y ciudad de eventos\u201d, acentu\u00f3 el intendente.<\/em><\/p>\n\n\n\n<p><\/p>\n\n\n\n<p>El receso invernal dej\u00f3 en la ciudad de Corrientes un saldo m\u00e1s que positivo en materia tur\u00edstica. \u201cEl balance es altamente positivo\u201d, resalt\u00f3 el intendente Eduardo Tassano al evaluar los resultados de este per\u00edodo vacacional 2023.<br>Al respecto, destac\u00f3 la afluencia de miles de turistas traducida\u00a0en una ocupaci\u00f3n hotelera del 100% de su capacidad. Tambi\u00e9n hizo hincapi\u00e9 en la amplia oferta municipal en eventos recreativos, culturales y deportivos que se present\u00f3 en la ocasi\u00f3n para el disfrute de visitantes y vecinos en una ciudad que se consolida como opci\u00f3n destacada para el turismo en el pa\u00eds.<br>De acuerdo con los registros del \u00e1rea de Turismo de la Municipalidad, la disponibilidad de hoteles estuvo colmada en la totalidad de su capacidad; en tanto que el promedio de alojamiento fue de tres noches y se calcul\u00f3 que el promedio de gasto por persona fue de $14.500, seg\u00fan el Observatorio de Turismo y la C\u00e1mara de Comercio de la ciudad. Esto muestra tambi\u00e9n el impacto positivo en la econom\u00eda local.<br>\u201cCorrientes se consolida como ciudad tur\u00edstica y ciudad de eventos\u201d, acentu\u00f3 Tassano y luego agreg\u00f3: \u201cUna vez m\u00e1s, en este receso de invierno la ciudad tuvo el cien por ciento de su capacidad hotelera ocupada y un n\u00famero important\u00edsimo de visitantes; algo que, sin dudas, nos da un balance sumamente positivo en turismo\u201d.<br>\u201cQue Corrientes sea un destino y un atractivo para los turistas, se traduce en un impacto econ\u00f3mico para la ciudad y eso se reflej\u00f3 en distintos eventos que se llevaron a cabo durante esas dos semanas de vacaciones\u201d, se\u00f1al\u00f3 el intendente.<br>En el mismo sentido asever\u00f3 que \u201cactividades como la Feria del Libro o el Encuentro de Minib\u00e1squet \u2018Perico Aquino\u2019, no hicieron m\u00e1s que consolidar ese concepto de ciudad tur\u00edstica que pretendemos, de los eventos deportivos, culturales, tradicionalistas y otros\u201d.<br>\u201cEl positivo balance hecho tras estos d\u00edas de receso en materia tur\u00edstica, es un indicador para lo que ser\u00e1 el pr\u00f3ximo verano, con el agregado de que la oferta para el visitante se ampl\u00eda considerablemente con las playas, los festivales o los carnavales\u201d, record\u00f3 Tassano en referencia a la \u00e9poca estival en la que Corrientes es una opci\u00f3n cada vez m\u00e1s fuerte para los veraneantes.<br><br>SECTORES EN CRECIMIENTO<br>Tassano se refiri\u00f3 luego a la variada propuesta gastron\u00f3mica que acompa\u00f1aron a los distintos eventos durante el reciente receso invernal.<br>\u201cEste periodo marc\u00f3 el crecimiento de un sector al que venimos apostado y para el cual se generan constantemente espacios desde la Municipalidad. Los polos gastron\u00f3micos, en simult\u00e1neo con eventos como el festival de la cerveza artesanal o las distintas ferias itinerantes, constituyeron una experiencia muy buena y fuerte, que a\u00f1o a a\u00f1o se consolida en las vacaciones de invierno\u201d, destac\u00f3.<br>Finalmente, el intendente consider\u00f3 las mejoras en infraestructura como claves en el conjunto de acciones en pos de consolidar a la ciudad como un destino tur\u00edstico.\u00a0\u00a0<br>\u201cLa gesti\u00f3n apost\u00f3 siempre al turismo, a potenciar a la ciudad como un destino, y eso nos obliga no solo a generar propuestas para el visitante, sino a trabajar en la infraestructura; como por ejemplo la iluminaci\u00f3n, el mejoramiento para la transitabilidad de las calles, o el embellecimiento y adecuaci\u00f3n de plazas y paseos\u201d, destac\u00f3 finalmente Tassano.<br><br>\u201cUN INVIERNO-VERANO DE MUCHOS EVENTOS\u201d<br>Por su parte, el subsecretario de Turismo H\u00e9ctor D\u00e1vila tambi\u00e9n resalt\u00f3 que \u201cel balance de estas vacaciones de invierno 2023 es extraordinariamente positivo en todo sentido, desde el clima que nos acompa\u00f1\u00f3 con un veranito en toda una semana en plenitud, con las playas totalmente abiertas y habilitadas\u201d.<br>En cuanto a registros, D\u00e1vila se\u00f1al\u00f3 que \u201cya ven\u00edamos monitoreando la pre-reserva antes de que arranquen las vacaciones, y ya una semana antes sobrepas\u00e1bamos el 82% de ocupaci\u00f3n hotelera\u201d. En este marco, cont\u00f3 que se coordin\u00f3 con los organizadores de masivos eventos deportivos que ten\u00edan fecha en este receso, para evitar colapsar la capacidad de alojamiento.<br>\u201cSe trabaj\u00f3 much\u00edsimo con los hoteleros y ah\u00ed s\u00ed hubo una comprensi\u00f3n de su parte respecto de la necesidad de contar con m\u00e1s camas de la ciudad y en equipo hemos recibido sin inconvenientes a todos los turistas y deportistas que llegaron a la ciudad\u201d, asever\u00f3.<br>Al respecto, el funcionario municipal indic\u00f3 que tambi\u00e9n registraron \u201ctres noches promedio de pernoctes por familia. Esto nos permiti\u00f3 una rotaci\u00f3n importante y el gasto promedio ronda en los 15.400 pesos\u201d, especific\u00f3. \u201cEsto no lo decimos nosotros nada m\u00e1s, sino que est\u00e1 monitoreado por el Observatorio de Turismo y junto a la C\u00e1mara de Comercio de la ciudad y obviamente las c\u00e1maras de turismo de la Argentina que tienen filial en Corrientes\u201d, apunt\u00f3.<br>\u201cTambi\u00e9n se monitore\u00f3 la llegada de extranjeros a la ciudad, lo cual arroj\u00f3 un alto porcentaje de visitas de nuestros vecinos paraguayos, por la cercan\u00eda que tenemos con Paraguay y obviamente la diferencia cambiaria positivas para ellos. El brasilero, en tanto, com\u00fanmente nos buscaba por la pesca. Pero en general, en las vacaciones de invierno hemos visto el shopping lleno, nuestra peatonal llena, nuestros cines llenos y nuestros ofertas gastron\u00f3micas nocturnas y circuitos de bares repletos\u201d, resalt\u00f3.<br>Finalmente, D\u00e1vila resalt\u00f3 la visita de turistas de la regi\u00f3n, como por ejemplo Misiones y Formosa, como tambi\u00e9n del Paraguay, Salta y Jujuy y Ciudad Aut\u00f3noma de Buenos Aires. A trav\u00e9s del vuelo que se recibe en el aeropuerto de Resistencia, Chaco, vinieron y viene a\u00fan much\u00edsimos cordobeses, buscando como atractivo n\u00famero uno la pesca, nuestra naturaleza y toda la oferta sobre el r\u00edo, adem\u00e1s de lo gastron\u00f3mico y paseos\u201d, concluy\u00f3 el subsecretario de Turismo municipal.<br><br>ATRACTIVAS PROPUESTAS EN LA CIUDAD<br>La ciudad present\u00f3 un abanico de propuestas variadas en las dos semanas de vacaciones de invierno, como por ejemplo la Feria Provincial del Libro, organizada por el Gobierno de Corrientes, adem\u00e1s de eventos culturales, musicales y art\u00edsticos; polos gastron\u00f3micos, el Beer Tour Fest y las Ferias de la Ciudad; encuentros deportivos como el de Maxib\u00e1squet Femenino y el evento masivo de Minib\u00e1squet \u201cPerico Aquino\u201d.<br>Adem\u00e1s, los paseos p\u00fablicos, el centro y la costanera y zonas de playas estuvieron colmadas de turistas y vecinos, resumiendo un receso invernal 2023 altamente positivo para la ciudad de Corrientes.<\/p>\n\n\n\n<figure class=\"wp-block-embed is-type-video is-provider-youtube wp-block-embed-youtube wp-embed-aspect-16-9 wp-has-aspect-ratio\"><div class=\"wp-block-embed__wrapper\">\n<iframe loading=\"lazy\" title=\"Tassano: \u201cEl balance de las vacaciones de invierno es altamente positivo\u201d\" width=\"1110\" height=\"624\" src=\"https:\/\/www.youtube.com\/embed\/Op5jZclcq-w?feature=oembed\" frameborder=\"0\" allow=\"accelerometer; autoplay; clipboard-write; encrypted-media; gyroscope; picture-in-picture; web-share\" allowfullscreen><\/iframe>\n<\/div><\/figure>\n\n\n\n<figure class=\"wp-block-image size-large\"><img loading=\"lazy\" decoding=\"async\" width=\"1024\" height=\"682\" src=\"https:\/\/corrientesdetarde.com\/wp-content\/uploads\/2023\/07\/image-637-1024x682.png\" alt=\"\" class=\"wp-image-76054\" srcset=\"https:\/\/corrientesdetarde.com\/wp-content\/uploads\/2023\/07\/image-637-1024x682.png 1024w, https:\/\/corrientesdetarde.com\/wp-content\/uploads\/2023\/07\/image-637-300x200.png 300w, https:\/\/corrientesdetarde.com\/wp-content\/uploads\/2023\/07\/image-637-768x512.png 768w, https:\/\/corrientesdetarde.com\/wp-content\/uploads\/2023\/07\/image-637.png 1280w\" sizes=\"auto, (max-width: 1024px) 100vw, 1024px\" \/><\/figure>\n\n\n\n<figure class=\"wp-block-image size-large\"><img loading=\"lazy\" decoding=\"async\" width=\"1024\" height=\"682\" src=\"https:\/\/corrientesdetarde.com\/wp-content\/uploads\/2023\/07\/image-638-1024x682.png\" alt=\"\" class=\"wp-image-76055\" srcset=\"https:\/\/corrientesdetarde.com\/wp-content\/uploads\/2023\/07\/image-638-1024x682.png 1024w, https:\/\/corrientesdetarde.com\/wp-content\/uploads\/2023\/07\/image-638-300x200.png 300w, https:\/\/corrientesdetarde.com\/wp-content\/uploads\/2023\/07\/image-638-768x512.png 768w, https:\/\/corrientesdetarde.com\/wp-content\/uploads\/2023\/07\/image-638.png 1229w\" sizes=\"auto, (max-width: 1024px) 100vw, 1024px\" \/><\/figure>\n\n\n\n<figure class=\"wp-block-image size-large\"><img loading=\"lazy\" decoding=\"async\" width=\"1024\" height=\"682\" src=\"https:\/\/corrientesdetarde.com\/wp-content\/uploads\/2023\/07\/image-639-1024x682.png\" alt=\"\" class=\"wp-image-76056\" srcset=\"https:\/\/corrientesdetarde.com\/wp-content\/uploads\/2023\/07\/image-639-1024x682.png 1024w, https:\/\/corrientesdetarde.com\/wp-content\/uploads\/2023\/07\/image-639-300x200.png 300w, https:\/\/corrientesdetarde.com\/wp-content\/uploads\/2023\/07\/image-639-768x512.png 768w, https:\/\/corrientesdetarde.com\/wp-content\/uploads\/2023\/07\/image-639.png 1280w\" sizes=\"auto, (max-width: 1024px) 100vw, 1024px\" \/><\/figure>\n\n\n\n<figure class=\"wp-block-image size-large\"><img loading=\"lazy\" decoding=\"async\" width=\"1024\" height=\"682\" src=\"https:\/\/corrientesdetarde.com\/wp-content\/uploads\/2023\/07\/image-640-1024x682.png\" alt=\"\" class=\"wp-image-76057\" srcset=\"https:\/\/corrientesdetarde.com\/wp-content\/uploads\/2023\/07\/image-640-1024x682.png 1024w, https:\/\/corrientesdetarde.com\/wp-content\/uploads\/2023\/07\/image-640-300x200.png 300w, https:\/\/corrientesdetarde.com\/wp-content\/uploads\/2023\/07\/image-640-768x512.png 768w, https:\/\/corrientesdetarde.com\/wp-content\/uploads\/2023\/07\/image-640.png 1280w\" sizes=\"auto, (max-width: 1024px) 100vw, 1024px\" \/><\/figure>\n\n\n\n<figure class=\"wp-block-image size-large\"><img loading=\"lazy\" decoding=\"async\" width=\"1024\" height=\"682\" src=\"https:\/\/corrientesdetarde.com\/wp-content\/uploads\/2023\/07\/image-641-1024x682.png\" alt=\"\" class=\"wp-image-76058\" srcset=\"https:\/\/corrientesdetarde.com\/wp-content\/uploads\/2023\/07\/image-641-1024x682.png 1024w, https:\/\/corrientesdetarde.com\/wp-content\/uploads\/2023\/07\/image-641-300x200.png 300w, https:\/\/corrientesdetarde.com\/wp-content\/uploads\/2023\/07\/image-641-768x512.png 768w, https:\/\/corrientesdetarde.com\/wp-content\/uploads\/2023\/07\/image-641.png 1280w\" sizes=\"auto, (max-width: 1024px) 100vw, 1024px\" \/><\/figure>\n\n\n\n<figure class=\"wp-block-image size-large\"><img loading=\"lazy\" decoding=\"async\" width=\"1024\" height=\"577\" src=\"https:\/\/corrientesdetarde.com\/wp-content\/uploads\/2023\/07\/image-642-1024x577.png\" alt=\"\" class=\"wp-image-76059\" srcset=\"https:\/\/corrientesdetarde.com\/wp-content\/uploads\/2023\/07\/image-642-1024x577.png 1024w, https:\/\/corrientesdetarde.com\/wp-content\/uploads\/2023\/07\/image-642-300x169.png 300w, https:\/\/corrientesdetarde.com\/wp-content\/uploads\/2023\/07\/image-642-768x433.png 768w, https:\/\/corrientesdetarde.com\/wp-content\/uploads\/2023\/07\/image-642.png 1280w\" sizes=\"auto, (max-width: 1024px) 100vw, 1024px\" \/><\/figure>\n\n\n\n<figure class=\"wp-block-image size-large\"><img loading=\"lazy\" decoding=\"async\" width=\"1024\" height=\"682\" src=\"https:\/\/corrientesdetarde.com\/wp-content\/uploads\/2023\/07\/image-643-1024x682.png\" alt=\"\" class=\"wp-image-76060\" srcset=\"https:\/\/corrientesdetarde.com\/wp-content\/uploads\/2023\/07\/image-643-1024x682.png 1024w, https:\/\/corrientesdetarde.com\/wp-content\/uploads\/2023\/07\/image-643-300x200.png 300w, https:\/\/corrientesdetarde.com\/wp-content\/uploads\/2023\/07\/image-643-768x512.png 768w, https:\/\/corrientesdetarde.com\/wp-content\/uploads\/2023\/07\/image-643.png 1280w\" sizes=\"auto, (max-width: 1024px) 100vw, 1024px\" \/><\/figure>\n\n\n\n<figure class=\"wp-block-image size-large\"><img loading=\"lazy\" decoding=\"async\" width=\"1024\" height=\"682\" src=\"https:\/\/corrientesdetarde.com\/wp-content\/uploads\/2023\/07\/image-644-1024x682.png\" alt=\"\" class=\"wp-image-76061\" srcset=\"https:\/\/corrientesdetarde.com\/wp-content\/uploads\/2023\/07\/image-644-1024x682.png 1024w, https:\/\/corrientesdetarde.com\/wp-content\/uploads\/2023\/07\/image-644-300x200.png 300w, https:\/\/corrientesdetarde.com\/wp-content\/uploads\/2023\/07\/image-644-768x512.png 768w, https:\/\/corrientesdetarde.com\/wp-content\/uploads\/2023\/07\/image-644.png 1280w\" sizes=\"auto, (max-width: 1024px) 100vw, 1024px\" \/><\/figure>\n","protected":false},"excerpt":{"rendered":"<p>El promedio de alojamiento fue de tres noches con un gasto por persona de $14.500, seg\u00fan registr\u00f3 el Municipio. Durante las dos semanas de receso invernal, la ciudad present\u00f3 una&hellip; <\/p>\n","protected":false},"author":8,"featured_media":76055,"comment_status":"closed","ping_status":"open","sticky":false,"template":"","format":"standard","meta":{"footnotes":""},"categories":[8],"tags":[],"class_list":["post-76053","post","type-post","status-publish","format-standard","has-post-thumbnail","hentry","category-locales"],"_links":{"self":[{"href":"https:\/\/corrientesdetarde.com\/index.php\/wp-json\/wp\/v2\/posts\/76053","targetHints":{"allow":["GET"]}}],"collection":[{"href":"https:\/\/corrientesdetarde.com\/index.php\/wp-json\/wp\/v2\/posts"}],"about":[{"href":"https:\/\/corrientesdetarde.com\/index.php\/wp-json\/wp\/v2\/types\/post"}],"author":[{"embeddable":true,"href":"https:\/\/corrientesdetarde.com\/index.php\/wp-json\/wp\/v2\/users\/8"}],"replies":[{"embeddable":true,"href":"https:\/\/corrientesdetarde.com\/index.php\/wp-json\/wp\/v2\/comments?post=76053"}],"version-history":[{"count":1,"href":"https:\/\/corrientesdetarde.com\/index.php\/wp-json\/wp\/v2\/posts\/76053\/revisions"}],"predecessor-version":[{"id":76062,"href":"https:\/\/corrientesdetarde.com\/index.php\/wp-json\/wp\/v2\/posts\/76053\/revisions\/76062"}],"wp:featuredmedia":[{"embeddable":true,"href":"https:\/\/corrientesdetarde.com\/index.php\/wp-json\/wp\/v2\/media\/76055"}],"wp:attachment":[{"href":"https:\/\/corrientesdetarde.com\/index.php\/wp-json\/wp\/v2\/media?parent=76053"}],"wp:term":[{"taxonomy":"category","embeddable":true,"href":"https:\/\/corrientesdetarde.com\/index.php\/wp-json\/wp\/v2\/categories?post=76053"},{"taxonomy":"post_tag","embeddable":true,"href":"https:\/\/corrientesdetarde.com\/index.php\/wp-json\/wp\/v2\/tags?post=76053"}],"curies":[{"name":"wp","href":"https:\/\/api.w.org\/{rel}","templated":true}]}}