{"id":76063,"date":"2023-07-26T15:02:47","date_gmt":"2023-07-26T18:02:47","guid":{"rendered":"https:\/\/corrientesdetarde.com\/?p=76063"},"modified":"2023-07-26T15:15:18","modified_gmt":"2023-07-26T18:15:18","slug":"a-18-dias-de-las-paso-larreta-y-bullrich-cruzan-duras-chicanas-y-tensionan-al-maximo-la-interna-de-jxc","status":"publish","type":"post","link":"https:\/\/corrientesdetarde.com\/index.php\/nacionales\/a-18-dias-de-las-paso-larreta-y-bullrich-cruzan-duras-chicanas-y-tensionan-al-maximo-la-interna-de-jxc\/","title":{"rendered":"A 18 d\u00edas de las PASO, Larreta y Bullrich cruzan duras chicanas y tensionan al m\u00e1ximo la interna de JxC"},"content":{"rendered":"\n<p>Ambos sectores volvieron a elevar el tenor de las disputas. El larretismo cuestion\u00f3 el plan econ\u00f3mico de la precandidata presidencial y aludi\u00f3 a la crisis del 2001. El ala dura del PRO sali\u00f3 a retrucarle con la muerte de Favaloro.<\/p>\n\n\n\n<p>Arde la\u00a0interna de Juntos por el Cambio . A 18 d\u00edas de las\u00a0PASO, los sectores que respaldan a\u00a0Horacio Rodriguez Larreta y a\u00a0Patricia Bullrich aumentaron la tensi\u00f3n en las \u00faltimas horas con\u00a0<strong>cr\u00edticas cruzadas<\/strong>\u00a0y planteos enfrentados respecto del rumbo que tiene que tomar el pa\u00eds en un pr\u00f3ximo gobierno.<\/p>\n\n\n\n<p>Este mi\u00e9rcoles, Larreta asegur\u00f3 que si llega a la Presidencia\u00a0<strong>\u201cno se repetir\u00e1\u201d un blindaje\u00a0<\/strong>como el que intent\u00f3 implementar el expresidente\u00a0<strong>Fernando de la R\u00faa<\/strong>\u00a0durante su gobierno con un pr\u00e9stamo del\u00a0<strong>Fondo Monetario Internacional<\/strong>\u00a0(FMI), y de esta forma se volvi\u00f3 a diferenciar de Bullrich, quien hab\u00eda afirmado estar dispuesta a solicitar la asistencia del organismo de cr\u00e9dito internacional para eliminar las\u00a0<strong>restricciones cambiarias<\/strong>.<\/p>\n\n\n\n<p>\u201cEl blindaje fue algo que hizo De la R\u00faa y no lo vamos a repetir. Miremos la historia argentina, estudiemos. \u00bfC\u00f3mo termin\u00f3 ese gobierno despu\u00e9s de ese pr\u00e9stamo?<strong>&nbsp;\u00bfAs\u00ed vamos a arrancar un Gobierno?<\/strong>\u201d, se\u00f1al\u00f3 Larreta en declaraciones a&nbsp;<em>CNN Radio<\/em>.<\/p>\n\n\n\n<p>El jefe de Gobierno, aliado al radicalismo y l\u00edder de las \u201cpalomas\u201d del PRO, tambi\u00e9n se diferenci\u00f3 de su rival de interna respecto de los plazos de salida de las restricciones cambiarias. \u201c<strong>Ning\u00fan economista serio dice que se puede sacar el cepo desde el primer d\u00eda de un nuevo gobierno<\/strong>, porque no hay d\u00f3lares en el Banco Central. Tenemos que hacerlo en la medida en que recompongamos credibilidad.&nbsp;<strong>No se trata de qui\u00e9n presenta el t\u00edtulo m\u00e1s rimbombante<\/strong>, sino de qui\u00e9n tiene la capacidad de hacerlo\u201d, dijo Larreta, en un claro \u201cpalo\u201d a la representante de los \u201chalcones\u201d.<\/p>\n\n\n\n<figure class=\"wp-block-image\"><img decoding=\"async\" src=\"https:\/\/tn.com.ar\/resizer\/TWAtsA4FL_1t41sk3bkeIqOCiY4=\/767x0\/smart\/filters:format(webp)\/cloudfront-us-east-1.images.arcpublishing.com\/artear\/GPLKVKEOY5AQJFEUPRHCOXLVDM.jpg\" alt=\"Fernando Iglesias Larreta\"\/><\/figure>\n\n\n\n<p>A estas diferencias sobre econom\u00eda se suman las dis\u00edmiles posiciones que tienen ambos dirigentes en relaci\u00f3n a \u201cc\u00f3mo\u201d pretenden \u201crealizar los cambios\u201d que -seg\u00fan ellos- necesita el pa\u00eds.<\/p>\n\n\n\n<p>En uno de sus \u00faltimos cruces p\u00fablicos, Larreta critic\u00f3 a su rival al advertir que\u00a0<strong>\u201clos cambios no son a las trompadas\u201d\u00a0<\/strong>porque \u201cla historia argentina demuestra que as\u00ed no funcion\u00f3\u201d, mientras la exministra de Seguridad pidi\u00f3 que \u201cquienes creen que esa firmeza no es necesaria\u201d deber\u00e1n \u201cexplicar\u201d c\u00f3mo har\u00e1n para\u00a0<strong>\u201cnegociar con los corruptos\u201d<\/strong>.<\/p>\n\n\n\n<p>Pero la tensi\u00f3n no solo aumenta por las declaraciones de los protagonistas de la interna presidencial: este mi\u00e9rcoles, el diputado nacional&nbsp;<strong>Fernando Iglesias<\/strong>&nbsp;-aliado de Bullrich- atac\u00f3 al jefe de gobierno porte\u00f1o por sus declaraciones sobre De La R\u00faa con una chicana alusiva<strong>&nbsp;al suicidio de Ren\u00e9 Favaloro<\/strong>.<\/p>\n\n\n\n<p><strong>\u201cDe la R\u00faa termin\u00f3 mal, pero peor le fue a Favaloro\u201d,<\/strong>&nbsp;escribi\u00f3 Iglesias en su cuenta personal de Twitter, haciendo referencia a que la eminencia de la medicina se quit\u00f3 la vida cuando&nbsp;<strong>Larreta era titular del PAMI<\/strong>, una chicana que ya hab\u00edan utilizado Alberto Fern\u00e1ndez y Sergio Massa.<\/p>\n\n\n\n<figure class=\"wp-block-image\"><img decoding=\"async\" src=\"https:\/\/tn.com.ar\/resizer\/ZZS-qzbqogtZ7PrZMxeamsjXDfA=\/767x0\/smart\/filters:format(webp)\/cloudfront-us-east-1.images.arcpublishing.com\/artear\/SCGPIZPEHBHOTI7YGUYWNUT2QI.png\" alt=\"El descargo del diputado Juan Manuel L\u00f3pez. (Foto. Twitter \/JuanmaLopezAR)\"\/><\/figure>\n\n\n\n<p>Quien sali\u00f3 a hablar del lado de Larreta fue el secretario de Asuntos Estrat\u00e9gicos de la Ciudad,&nbsp;<strong>Mart\u00edn Redrado<\/strong>: en declaraciones a radio Rivadavia, el extitular del Banco Central cuestion\u00f3 la propuesta de Bullrich de volver a acudir al FMI, al asegurar que<strong>&nbsp;\u201cel concepto de blindaje nos lleva a 2001\u2033<\/strong>&nbsp;y que&nbsp;<strong>\u201cla soluci\u00f3n no es salir del cepo pidiendo m\u00e1s deuda\u201d<\/strong>. \u201cHay que cambiar el concepto de ir al Fondo a pedir la escupidera\u201d, plante\u00f3.<\/p>\n\n\n\n<p>La tensi\u00f3n ya hab\u00eda escalado la semana pasada, luego de que el presidente del bloque de diputados de la Coalici\u00f3n C\u00edvica y aliado de Larreta,\u00a0Juan Manuel L\u00f3pez afirmara que un posible gobierno de Bullrich podr\u00eda terminar como en la serie sobre la\u00a0<strong>crisis del 2001<\/strong>.<\/p>\n\n\n\n<p>En ese momento, los \u201chalcones\u201d cruzaron a Larreta por las declaraciones de L\u00f3pez y,\u00a0con una dura carta, le pidieron que se retracte.<\/p>\n\n\n\n<p>\u201cComo legisladores y candidatos de la lista La Fuerza del Cambio que acompa\u00f1amos la candidatura de Patricia Bullrich, no podemos menos que hacerle llegar nuestra&nbsp;<strong>m\u00e1xima preocupaci\u00f3n por expresiones de dirigentes de su sector<\/strong>\u201d, plantearon en el texto, que estuvo firmado, entre otros, por&nbsp;<strong>Maximiliano Guerra, Cristian Ritondo, N\u00e9stor Grindetti, Maximiliano Abad, Federico Angelini, Dami\u00e1n Arabia y Federico Pinedo<\/strong>.<\/p>\n","protected":false},"excerpt":{"rendered":"<p>Ambos sectores volvieron a elevar el tenor de las disputas. El larretismo cuestion\u00f3 el plan econ\u00f3mico de la precandidata presidencial y aludi\u00f3 a la crisis del 2001. El ala dura&hellip; <\/p>\n","protected":false},"author":8,"featured_media":76064,"comment_status":"closed","ping_status":"open","sticky":false,"template":"","format":"standard","meta":{"footnotes":""},"categories":[10],"tags":[],"class_list":["post-76063","post","type-post","status-publish","format-standard","has-post-thumbnail","hentry","category-nacionales"],"_links":{"self":[{"href":"https:\/\/corrientesdetarde.com\/index.php\/wp-json\/wp\/v2\/posts\/76063","targetHints":{"allow":["GET"]}}],"collection":[{"href":"https:\/\/corrientesdetarde.com\/index.php\/wp-json\/wp\/v2\/posts"}],"about":[{"href":"https:\/\/corrientesdetarde.com\/index.php\/wp-json\/wp\/v2\/types\/post"}],"author":[{"embeddable":true,"href":"https:\/\/corrientesdetarde.com\/index.php\/wp-json\/wp\/v2\/users\/8"}],"replies":[{"embeddable":true,"href":"https:\/\/corrientesdetarde.com\/index.php\/wp-json\/wp\/v2\/comments?post=76063"}],"version-history":[{"count":1,"href":"https:\/\/corrientesdetarde.com\/index.php\/wp-json\/wp\/v2\/posts\/76063\/revisions"}],"predecessor-version":[{"id":76065,"href":"https:\/\/corrientesdetarde.com\/index.php\/wp-json\/wp\/v2\/posts\/76063\/revisions\/76065"}],"wp:featuredmedia":[{"embeddable":true,"href":"https:\/\/corrientesdetarde.com\/index.php\/wp-json\/wp\/v2\/media\/76064"}],"wp:attachment":[{"href":"https:\/\/corrientesdetarde.com\/index.php\/wp-json\/wp\/v2\/media?parent=76063"}],"wp:term":[{"taxonomy":"category","embeddable":true,"href":"https:\/\/corrientesdetarde.com\/index.php\/wp-json\/wp\/v2\/categories?post=76063"},{"taxonomy":"post_tag","embeddable":true,"href":"https:\/\/corrientesdetarde.com\/index.php\/wp-json\/wp\/v2\/tags?post=76063"}],"curies":[{"name":"wp","href":"https:\/\/api.w.org\/{rel}","templated":true}]}}