{"id":76068,"date":"2023-07-26T15:12:53","date_gmt":"2023-07-26T18:12:53","guid":{"rendered":"https:\/\/corrientesdetarde.com\/?p=76068"},"modified":"2023-07-26T15:12:54","modified_gmt":"2023-07-26T18:12:54","slug":"semana-mundial-de-la-lactancia-materna","status":"publish","type":"post","link":"https:\/\/corrientesdetarde.com\/index.php\/locales\/semana-mundial-de-la-lactancia-materna\/","title":{"rendered":"Semana Mundial de la Lactancia Materna"},"content":{"rendered":"\n<p>El Vicegobernador entregar\u00e1 distinciones por el compromiso con la donaci\u00f3n de leche humana<\/p>\n\n\n\n<p>En el marco de la semana Mundial de la Lactancia Materna, el vicegobernador Pedro Braillard Poccard reconocer\u00e1 a los integrantes del Banco de Leche Humana, Red Provincial de donaci\u00f3n, y donantes. El acto se realizar\u00e1 en la Legislatura Provincial, el martes 1 de agosto a partir de las 18,30 y contar\u00e1 con la presencia del Ministro de Salud de la provincia, Ricardo Cardozo.<\/p>\n\n\n\n<p>El lema de este a\u00f1o es \u201cFacilitar la lactancia materna marcando la diferencia para las madres y padres que trabajan\u201d. En este marco recibir\u00e1n el reconocimiento del Vicegobernador, agentes de salud y ciudadanas, por el trabajo que vienen realizando en relaci\u00f3n al Banco de Leche Humana y la Red Provincial de donaci\u00f3n de leche humana, por la trayectoria en el trabajo de promoci\u00f3n y protecci\u00f3n a la lactancia materna en la provincia de Corrientes, por ser donantes de leche materna y as\u00ed beneficiar con el mejor alimento a reci\u00e9n nacidos prematuros, brind\u00e1ndoles la oportunidad de crecer fuertes y seguros y por el compromiso con la difusi\u00f3n sobre los beneficios de la donaci\u00f3n de Leche humana.<\/p>\n\n\n\n<p>La Semana Mundial de la Lactancia Materna, que se celebra todos los a\u00f1os del 1 al 7 de agosto, es una campa\u00f1a coordinada por la Alianza Mundial para la Acci\u00f3n de Lactancia Materna con el objetivo de crear conciencia y estimular la acci\u00f3n sobre temas relacionados con la lactancia materna.<\/p>\n\n\n<div class=\"wp-block-image\">\n<figure class=\"aligncenter size-large is-resized\"><img loading=\"lazy\" decoding=\"async\" src=\"https:\/\/corrientesdetarde.com\/wp-content\/uploads\/2023\/07\/WhatsApp-Image-2023-07-26-at-12.21.22-1024x1024.jpg\" alt=\"\" class=\"wp-image-76069\" width=\"489\" height=\"489\" srcset=\"https:\/\/corrientesdetarde.com\/wp-content\/uploads\/2023\/07\/WhatsApp-Image-2023-07-26-at-12.21.22-1024x1024.jpg 1024w, https:\/\/corrientesdetarde.com\/wp-content\/uploads\/2023\/07\/WhatsApp-Image-2023-07-26-at-12.21.22-300x300.jpg 300w, https:\/\/corrientesdetarde.com\/wp-content\/uploads\/2023\/07\/WhatsApp-Image-2023-07-26-at-12.21.22-150x150.jpg 150w, https:\/\/corrientesdetarde.com\/wp-content\/uploads\/2023\/07\/WhatsApp-Image-2023-07-26-at-12.21.22-768x768.jpg 768w, https:\/\/corrientesdetarde.com\/wp-content\/uploads\/2023\/07\/WhatsApp-Image-2023-07-26-at-12.21.22-1536x1536.jpg 1536w, https:\/\/corrientesdetarde.com\/wp-content\/uploads\/2023\/07\/WhatsApp-Image-2023-07-26-at-12.21.22.jpg 1562w\" sizes=\"auto, (max-width: 489px) 100vw, 489px\" \/><\/figure>\n<\/div>","protected":false},"excerpt":{"rendered":"<p>El Vicegobernador entregar\u00e1 distinciones por el compromiso con la donaci\u00f3n de leche humana En el marco de la semana Mundial de la Lactancia Materna, el vicegobernador Pedro Braillard Poccard reconocer\u00e1&hellip; <\/p>\n","protected":false},"author":1,"featured_media":76071,"comment_status":"closed","ping_status":"open","sticky":false,"template":"","format":"standard","meta":{"footnotes":""},"categories":[8,17],"tags":[],"class_list":["post-76068","post","type-post","status-publish","format-standard","has-post-thumbnail","hentry","category-locales","category-sociales"],"_links":{"self":[{"href":"https:\/\/corrientesdetarde.com\/index.php\/wp-json\/wp\/v2\/posts\/76068","targetHints":{"allow":["GET"]}}],"collection":[{"href":"https:\/\/corrientesdetarde.com\/index.php\/wp-json\/wp\/v2\/posts"}],"about":[{"href":"https:\/\/corrientesdetarde.com\/index.php\/wp-json\/wp\/v2\/types\/post"}],"author":[{"embeddable":true,"href":"https:\/\/corrientesdetarde.com\/index.php\/wp-json\/wp\/v2\/users\/1"}],"replies":[{"embeddable":true,"href":"https:\/\/corrientesdetarde.com\/index.php\/wp-json\/wp\/v2\/comments?post=76068"}],"version-history":[{"count":1,"href":"https:\/\/corrientesdetarde.com\/index.php\/wp-json\/wp\/v2\/posts\/76068\/revisions"}],"predecessor-version":[{"id":76072,"href":"https:\/\/corrientesdetarde.com\/index.php\/wp-json\/wp\/v2\/posts\/76068\/revisions\/76072"}],"wp:featuredmedia":[{"embeddable":true,"href":"https:\/\/corrientesdetarde.com\/index.php\/wp-json\/wp\/v2\/media\/76071"}],"wp:attachment":[{"href":"https:\/\/corrientesdetarde.com\/index.php\/wp-json\/wp\/v2\/media?parent=76068"}],"wp:term":[{"taxonomy":"category","embeddable":true,"href":"https:\/\/corrientesdetarde.com\/index.php\/wp-json\/wp\/v2\/categories?post=76068"},{"taxonomy":"post_tag","embeddable":true,"href":"https:\/\/corrientesdetarde.com\/index.php\/wp-json\/wp\/v2\/tags?post=76068"}],"curies":[{"name":"wp","href":"https:\/\/api.w.org\/{rel}","templated":true}]}}