{"id":76073,"date":"2023-07-26T15:17:11","date_gmt":"2023-07-26T18:17:11","guid":{"rendered":"https:\/\/corrientesdetarde.com\/?p=76073"},"modified":"2023-07-26T15:17:24","modified_gmt":"2023-07-26T18:17:24","slug":"cambio-en-la-tarjeta-alimentar-de-anses-cuanto-se-cobra-y-cuando","status":"publish","type":"post","link":"https:\/\/corrientesdetarde.com\/index.php\/economia\/cambio-en-la-tarjeta-alimentar-de-anses-cuanto-se-cobra-y-cuando\/","title":{"rendered":"Cambio en la Tarjeta Alimentar de ANSES: cu\u00e1nto se cobra y cu\u00e1ndo"},"content":{"rendered":"\n<p>La Administraci\u00f3n Nacional de Seguridad Social est\u00e1 pr\u00f3xima a comenzar con los pagos correspondientes a agosto.<\/p>\n\n\n\n<p>El organismo previsional dirigido por<strong>\u00a0Fernanda Raverta\u00a0<\/strong>pagar\u00e1\u00a0<strong>desde $17.000<\/strong>\u00a0<strong>hasta $34.000<\/strong>\u00a0para\u00a0<strong>madres\u00a0<\/strong>con hijos de\u00a0<strong>hasta 14 a\u00f1os<\/strong>. Sin embargo, parte de los beneficiarios de la<strong>\u00a0Tarjeta Alimentar<\/strong>\u00a0por parte de la\u00a0<strong>AUH\u00a0<\/strong>y<strong>\u00a0AUE\u00a0<\/strong>sufrir\u00e1n un cambio en\u00a0<strong>el calendario de dep\u00f3sitos<\/strong>\u00a0del\u00a0<strong>pr\u00f3ximo mes<\/strong>, al igual que el pago extra para jubilados y pensionados\u00a0, debido al\u00a0<strong>feriado\u00a0<\/strong>del\u00a0<strong>21 de agosto<\/strong>\u00a0por el\u00a0<strong>Paso a la Inmortalidad del General Jos\u00e9 de San Mart\u00edn<\/strong>.<\/p>\n\n\n\n<p>Esta modificaci\u00f3n va en&nbsp;<strong>consonancia&nbsp;<\/strong>con parte de los&nbsp;<strong>nuevos aumentos<\/strong>&nbsp;para el&nbsp;<strong>Salario M\u00ednimo Vital y Movil<\/strong>, las&nbsp;<strong>Asignaciones Universales por Hijo y por Embarazo<\/strong>&nbsp;y tambi\u00e9n el&nbsp;<strong>cambio&nbsp;<\/strong>de&nbsp;<strong>normativa&nbsp;<\/strong>dispuesto por el&nbsp;<strong>Congreso de la Naci\u00f3n Argentina<\/strong>&nbsp;el pasado 17 de julio en la que&nbsp;<strong>establece&nbsp;<\/strong>que ya&nbsp;<strong>no es necesario ni obligatorio<\/strong>&nbsp;realizar el&nbsp;<strong>tr\u00e1mite de la Fe de Vida<\/strong>&nbsp;para&nbsp;<strong>jubilados<\/strong>. Mientras tanto, el organismo previcional est\u00e1 finalizando con el calendario de pagos correspondiente al mes de julio.<\/p>\n\n\n\n<h2 class=\"wp-block-heading\">Cu\u00e1nto se cobra por la Tarjeta Alimentar de ANSES en agosto<\/h2>\n\n\n\n<ul class=\"wp-block-list\"><li><strong>Gestantes que cobran la Asignaci\u00f3n por Embarazo (AUE):<\/strong>&nbsp;$17.000<\/li><li><strong>Madres con un hijo:&nbsp;<\/strong>$17.000<\/li><li><strong>Madres con dos hijos:<\/strong>&nbsp;$26.000<\/li><li><strong>Madres con tres o m\u00e1s hijos:&nbsp;<\/strong>$34.000<\/li><\/ul>\n\n\n\n<h2 class=\"wp-block-heading\">Tarjeta Alimentar: cu\u00e1ndo se cobra en agosto<\/h2>\n\n\n\n<ul class=\"wp-block-list\"><li><strong>DNI terminados en 0:&nbsp;<\/strong>martes 8 de agosto<\/li><li><strong>DNI terminados en 1:<\/strong>&nbsp;mi\u00e9rcoles 9 de agosto<\/li><li><strong>DNI terminados en 2:<\/strong>&nbsp;jueves 10 de agosto<\/li><li><strong>DNI terminados en 3:&nbsp;<\/strong>viernes 11 de agosto<\/li><li><strong>DNI terminados en 4:&nbsp;<\/strong>lunes 14 de agosto<\/li><li><strong>DNI terminados en 5:&nbsp;<\/strong>martes 15 de agosto<\/li><li><strong>DNI terminados en 6:&nbsp;<\/strong>mi\u00e9rcoles 16 de agosto<\/li><li><strong>DNI terminados en 7:<\/strong>&nbsp;jueves 17 de agosto<\/li><li><strong>DNI terminados en 8:<\/strong>&nbsp;viernes 18 de agosto<\/li><li><strong>LUNES 21 DE JULIO:<\/strong>&nbsp;feriado por<strong>&nbsp;el Paso a la Inmortalidad del General Jos\u00e9 de San Mart\u00edn<\/strong>.<\/li><li><strong>DNI terminados en 9:&nbsp;<\/strong>martes 22 de agosto<\/li><\/ul>\n","protected":false},"excerpt":{"rendered":"<p>La Administraci\u00f3n Nacional de Seguridad Social est\u00e1 pr\u00f3xima a comenzar con los pagos correspondientes a agosto. El organismo previsional dirigido por\u00a0Fernanda Raverta\u00a0pagar\u00e1\u00a0desde $17.000\u00a0hasta $34.000\u00a0para\u00a0madres\u00a0con hijos de\u00a0hasta 14 a\u00f1os. Sin embargo,&hellip; <\/p>\n","protected":false},"author":8,"featured_media":76074,"comment_status":"closed","ping_status":"open","sticky":false,"template":"","format":"standard","meta":{"footnotes":""},"categories":[20],"tags":[],"class_list":["post-76073","post","type-post","status-publish","format-standard","has-post-thumbnail","hentry","category-economia"],"_links":{"self":[{"href":"https:\/\/corrientesdetarde.com\/index.php\/wp-json\/wp\/v2\/posts\/76073","targetHints":{"allow":["GET"]}}],"collection":[{"href":"https:\/\/corrientesdetarde.com\/index.php\/wp-json\/wp\/v2\/posts"}],"about":[{"href":"https:\/\/corrientesdetarde.com\/index.php\/wp-json\/wp\/v2\/types\/post"}],"author":[{"embeddable":true,"href":"https:\/\/corrientesdetarde.com\/index.php\/wp-json\/wp\/v2\/users\/8"}],"replies":[{"embeddable":true,"href":"https:\/\/corrientesdetarde.com\/index.php\/wp-json\/wp\/v2\/comments?post=76073"}],"version-history":[{"count":1,"href":"https:\/\/corrientesdetarde.com\/index.php\/wp-json\/wp\/v2\/posts\/76073\/revisions"}],"predecessor-version":[{"id":76075,"href":"https:\/\/corrientesdetarde.com\/index.php\/wp-json\/wp\/v2\/posts\/76073\/revisions\/76075"}],"wp:featuredmedia":[{"embeddable":true,"href":"https:\/\/corrientesdetarde.com\/index.php\/wp-json\/wp\/v2\/media\/76074"}],"wp:attachment":[{"href":"https:\/\/corrientesdetarde.com\/index.php\/wp-json\/wp\/v2\/media?parent=76073"}],"wp:term":[{"taxonomy":"category","embeddable":true,"href":"https:\/\/corrientesdetarde.com\/index.php\/wp-json\/wp\/v2\/categories?post=76073"},{"taxonomy":"post_tag","embeddable":true,"href":"https:\/\/corrientesdetarde.com\/index.php\/wp-json\/wp\/v2\/tags?post=76073"}],"curies":[{"name":"wp","href":"https:\/\/api.w.org\/{rel}","templated":true}]}}