{"id":76076,"date":"2023-07-26T15:40:23","date_gmt":"2023-07-26T18:40:23","guid":{"rendered":"https:\/\/corrientesdetarde.com\/?p=76076"},"modified":"2023-07-26T15:40:40","modified_gmt":"2023-07-26T18:40:40","slug":"de-fotos-familiares-a-letras-de-cacho-castana-la-informacion-que-encontraron-en-el-ipad-de-natacha-jaitt","status":"publish","type":"post","link":"https:\/\/corrientesdetarde.com\/index.php\/espectaculos\/de-fotos-familiares-a-letras-de-cacho-castana-la-informacion-que-encontraron-en-el-ipad-de-natacha-jaitt\/","title":{"rendered":"De fotos familiares a letras de Cacho Casta\u00f1a: la informaci\u00f3n que encontraron en el iPad de Natacha Jaitt"},"content":{"rendered":"\n<p>los resultados de la pericia a la tablet de la medi\u00e1tica que muri\u00f3 el 23 de febrero de 2019 en el sal\u00f3n de fiestas Xanad\u00fa de Tigre por causas que todav\u00eda se investigan.<\/p>\n\n\n\n<p>Luego de que\u00a0los peritos inform\u00e1ticos de Gendarmer\u00eda abrieran la tablet de Natacha Jaitt , la Justicia\u00a0<strong>perit\u00f3 los archivos<\/strong>\u00a0que hab\u00eda en el dispositivo electr\u00f3nico. Este mi\u00e9rcoles\u00a0<strong>se conocieron los resultados<\/strong>: letras de Cacho Casta\u00f1a, b\u00fasquedas sobre la cotizaci\u00f3n del d\u00f3lar y videos familiares.<\/p>\n\n\n\n<p> Los resultados del an\u00e1lisis forense al iPad de la medi\u00e1tica, que muri\u00f3 el 23 de febrero de 2019 en el sal\u00f3n de fiestas Xanad\u00fa de Tigre por causas que todav\u00eda se investigan. Seg\u00fan se destaca, no se detect\u00f3 actividad manual en el aparato desde las 20:46 del 22 de febrero de 2019.<\/p>\n\n\n\n<p>En total se encontraron<strong>&nbsp;56 gigas de informaci\u00f3n&nbsp;<\/strong>y que no se borraron fotos ni videos. La pericia determin\u00f3 que hab\u00eda dos cuentas de usuario de Gmail y una de Hotmail, dos usuarios de Instagram y dos de Twitter.<\/p>\n\n\n\n<figure class=\"wp-block-image\"><img decoding=\"async\" src=\"https:\/\/tn.com.ar\/resizer\/9X-FNJ3A7VZoRrBCoPYkLFA_OUo=\/767x0\/smart\/filters:format(webp)\/cloudfront-us-east-1.images.arcpublishing.com\/artear\/FQH36W6SXZA4VGV6MSO7PB7X5Q.jpg\" alt=\"Ulises Jaitt exige el esclarecimiento sobre la muerte de Natacha Jaitt desde febrero de 2019 (Foto: Instagram\/ulisesjaitt)\"\/><\/figure>\n\n\n\n<p>Tambi\u00e9n hallaron 50 conversaciones entre Instagram, Twitter y Tik Tok, 72 b\u00fasquedas con t\u00e9rminos como letras de Cacho Casta\u00f1a o la cotizaci\u00f3n del d\u00f3lar, 2055 videos familiares, b\u00fasquedas online sobre la causa por abuso sexual que inici\u00f3 y sobre sus denuncias p\u00fablicas por presuntos abusos en Independiente.<\/p>\n\n\n\n<h2 class=\"wp-block-heading\">La muerte de Natacha Jaitt y el pedido de Justicia de su hermano Ulises<\/h2>\n\n\n\n<p>El 23 de febrero de 2019,\u00a0<strong>Natacha Jaitt<\/strong>\u00a0se encontraba en el sal\u00f3n de fiestas Xanad\u00fa, del partido de Tigre, en una cena privada junto a otras cinco personas cuando ocurri\u00f3 el tr\u00e1gico hecho. La autopsia concluyo que sufri\u00f3 una falla multiorg\u00e1nica\u00a0pero la familia descree esa versi\u00f3n. Desde ese entonces, Ulises Jaitt pide que se esclarezca el caso.<\/p>\n\n\n\n<p>D\u00edas atr\u00e1s, el medi\u00e1tico escribi\u00f3 un mensaje escalofriante. \u201cPor investigar la causa de mi hermana Natacha.<strong>&nbsp;AVISO: No me voy a suicidar, ni ahogar en una ba\u00f1era.&nbsp;<\/strong>No me voy a pegar un tiro, no me drogo, as\u00ed que si algo de todo eso pasa, NO, NO FUI. Guarden tuit\u201d, sentenci\u00f3.<\/p>\n\n\n\n<figure class=\"wp-block-image\"><img decoding=\"async\" src=\"https:\/\/tn.com.ar\/resizer\/lIa3pLoey80XRybZZVlyRcsi1Cs=\/767x0\/smart\/filters:format(webp)\/cloudfront-us-east-1.images.arcpublishing.com\/artear\/KVAUEZ5LX5EAHJ6SBUY4JQLYRM.jpg\" alt=\"Ulises Jaitt escribi\u00f3 un escalofriante mensaje en sus redes. (Foto: Instagram\/todonoticias)\"\/><\/figure>\n\n\n\n<p>Meses antes de morir, Natacha hab\u00eda tuiteado algo similar, en medio del esc\u00e1ndalo que se provoc\u00f3 por la causa&nbsp;<strong>de los abusos a menores en las inferiores de Independiente.<\/strong><\/p>\n\n\n\n<p>\u201cAVISO: No me voy a suicidar, no me voy a pasar de merca y<strong>&nbsp;ahogar en una ba\u00f1era, no me voy apegar ning\u00fan tiro<\/strong>, as\u00ed que si eso pasa, NO NO FUI. Guarden tuit\u201d, hab\u00eda sido el mensaje de la recordada medi\u00e1tica.<\/p>\n","protected":false},"excerpt":{"rendered":"<p>los resultados de la pericia a la tablet de la medi\u00e1tica que muri\u00f3 el 23 de febrero de 2019 en el sal\u00f3n de fiestas Xanad\u00fa de Tigre por causas que&hellip; <\/p>\n","protected":false},"author":8,"featured_media":76077,"comment_status":"closed","ping_status":"open","sticky":false,"template":"","format":"standard","meta":{"footnotes":""},"categories":[19],"tags":[],"class_list":["post-76076","post","type-post","status-publish","format-standard","has-post-thumbnail","hentry","category-espectaculos"],"_links":{"self":[{"href":"https:\/\/corrientesdetarde.com\/index.php\/wp-json\/wp\/v2\/posts\/76076","targetHints":{"allow":["GET"]}}],"collection":[{"href":"https:\/\/corrientesdetarde.com\/index.php\/wp-json\/wp\/v2\/posts"}],"about":[{"href":"https:\/\/corrientesdetarde.com\/index.php\/wp-json\/wp\/v2\/types\/post"}],"author":[{"embeddable":true,"href":"https:\/\/corrientesdetarde.com\/index.php\/wp-json\/wp\/v2\/users\/8"}],"replies":[{"embeddable":true,"href":"https:\/\/corrientesdetarde.com\/index.php\/wp-json\/wp\/v2\/comments?post=76076"}],"version-history":[{"count":1,"href":"https:\/\/corrientesdetarde.com\/index.php\/wp-json\/wp\/v2\/posts\/76076\/revisions"}],"predecessor-version":[{"id":76078,"href":"https:\/\/corrientesdetarde.com\/index.php\/wp-json\/wp\/v2\/posts\/76076\/revisions\/76078"}],"wp:featuredmedia":[{"embeddable":true,"href":"https:\/\/corrientesdetarde.com\/index.php\/wp-json\/wp\/v2\/media\/76077"}],"wp:attachment":[{"href":"https:\/\/corrientesdetarde.com\/index.php\/wp-json\/wp\/v2\/media?parent=76076"}],"wp:term":[{"taxonomy":"category","embeddable":true,"href":"https:\/\/corrientesdetarde.com\/index.php\/wp-json\/wp\/v2\/categories?post=76076"},{"taxonomy":"post_tag","embeddable":true,"href":"https:\/\/corrientesdetarde.com\/index.php\/wp-json\/wp\/v2\/tags?post=76076"}],"curies":[{"name":"wp","href":"https:\/\/api.w.org\/{rel}","templated":true}]}}