{"id":76079,"date":"2023-07-26T15:52:11","date_gmt":"2023-07-26T18:52:11","guid":{"rendered":"https:\/\/corrientesdetarde.com\/?p=76079"},"modified":"2023-07-26T16:21:38","modified_gmt":"2023-07-26T19:21:38","slug":"wado-de-pedro-cruzo-a-patricia-bullrich-por-un-video-donde-canta-contra-cristina-kirchner","status":"publish","type":"post","link":"https:\/\/corrientesdetarde.com\/index.php\/politica\/wado-de-pedro-cruzo-a-patricia-bullrich-por-un-video-donde-canta-contra-cristina-kirchner\/","title":{"rendered":"Wado de Pedro cruz\u00f3 a Patricia Bullrich por un video d\u00f3nde canta contra Cristina Kirchner"},"content":{"rendered":"\n<p>La precandidata a presidenta por Juntos por el Cambio comparti\u00f3 en sus redes sociales una video d\u00f3nde ella y un grupo de militantes cantaban por &#8220;una Argentina sin Cristina&#8221;, y el ministro del Interior sali\u00f3 a responderle.<\/p>\n\n\n\n<p>El ministro del Interior,&nbsp;<strong>Wado de Pedro<\/strong>, sali\u00f3 a responderle a&nbsp;<strong>Patricia Bullrich<\/strong>&nbsp;que comparti\u00f3 en sus redes sociales un video d\u00f3nde se la ve con un grupo de militantes de Juntos por Cambio cantando una canci\u00f3n contra&nbsp;<strong>Cristina Kirchner.<\/strong><\/p>\n\n\n\n<p>Las im\u00e1genes fueron publicadas en TikTok, Instagram e Twitter por Ivo Foguet Passer, presidente de J\u00f3venes PRO C\u00f3rdoba y secretario de la agrupaci\u00f3n a nivel nacional, y se puede ver a la precandidata a presidenta con un grupo de militantes que le cantan: &#8220;Yo la quiero a Patricia de presidente, para que construyamos este presente, para que construyamos una Argentina en la que estemos todos menos Cristina&#8221;.<\/p>\n\n\n\n<p>El hecho ocurri\u00f3 durante una cena de recaudaci\u00f3n que Bullrich comparti\u00f3 con militantes, empresarios y dirigentes de dicha provincia.<\/p>\n\n\n\n<p>Esto se viraliz\u00f3 r\u00e1pidamente y recibi\u00f3 el repudio de varios dirigentes de todo el arco pol\u00edtico, uno de ellos fue el ministro del Interior, Wado de Pedro, que comparti\u00f3 el tuit con el video, y manifest\u00f3:&nbsp;<strong>&#8220;En la Argentina que tenemos que construir tiene que haber lugar para todos y todas, incluso para vos&#8221;.<\/strong><\/p>\n\n\n\n<figure class=\"wp-block-embed is-type-rich is-provider-twitter wp-block-embed-twitter\"><div class=\"wp-block-embed__wrapper\">\n<blockquote class=\"twitter-tweet\" data-width=\"550\" data-dnt=\"true\"><p lang=\"es\" dir=\"ltr\">Yo la quiero a Patricia de presidente, para que construyamos este presente, para construyamos una Argentina, en la que estemos todos menos Cristina\u2026<br><br>Voto a Patricia, voto a Patricia\u2026 <a href=\"https:\/\/twitter.com\/PatoBullrich?ref_src=twsrc%5Etfw\">@PatoBullrich<\/a> \ud83d\udc9b <a href=\"https:\/\/t.co\/lCrAx1oz7s\">pic.twitter.com\/lCrAx1oz7s<\/a><\/p>&mdash; Ivo Foguet Passer \ud83c\udde6\ud83c\uddf7\ud83d\udc9b\ud83d\udcaa (@IvoFoguetOK) <a href=\"https:\/\/twitter.com\/IvoFoguetOK\/status\/1682880984247566337?ref_src=twsrc%5Etfw\">July 22, 2023<\/a><\/blockquote><script async src=\"https:\/\/platform.twitter.com\/widgets.js\" charset=\"utf-8\"><\/script>\n<\/div><\/figure>\n","protected":false},"excerpt":{"rendered":"<p>La precandidata a presidenta por Juntos por el Cambio comparti\u00f3 en sus redes sociales una video d\u00f3nde ella y un grupo de militantes cantaban por &#8220;una Argentina sin Cristina&#8221;, y&hellip; <\/p>\n","protected":false},"author":8,"featured_media":76080,"comment_status":"closed","ping_status":"open","sticky":false,"template":"","format":"standard","meta":{"footnotes":""},"categories":[3],"tags":[],"class_list":["post-76079","post","type-post","status-publish","format-standard","has-post-thumbnail","hentry","category-politica"],"_links":{"self":[{"href":"https:\/\/corrientesdetarde.com\/index.php\/wp-json\/wp\/v2\/posts\/76079","targetHints":{"allow":["GET"]}}],"collection":[{"href":"https:\/\/corrientesdetarde.com\/index.php\/wp-json\/wp\/v2\/posts"}],"about":[{"href":"https:\/\/corrientesdetarde.com\/index.php\/wp-json\/wp\/v2\/types\/post"}],"author":[{"embeddable":true,"href":"https:\/\/corrientesdetarde.com\/index.php\/wp-json\/wp\/v2\/users\/8"}],"replies":[{"embeddable":true,"href":"https:\/\/corrientesdetarde.com\/index.php\/wp-json\/wp\/v2\/comments?post=76079"}],"version-history":[{"count":2,"href":"https:\/\/corrientesdetarde.com\/index.php\/wp-json\/wp\/v2\/posts\/76079\/revisions"}],"predecessor-version":[{"id":76088,"href":"https:\/\/corrientesdetarde.com\/index.php\/wp-json\/wp\/v2\/posts\/76079\/revisions\/76088"}],"wp:featuredmedia":[{"embeddable":true,"href":"https:\/\/corrientesdetarde.com\/index.php\/wp-json\/wp\/v2\/media\/76080"}],"wp:attachment":[{"href":"https:\/\/corrientesdetarde.com\/index.php\/wp-json\/wp\/v2\/media?parent=76079"}],"wp:term":[{"taxonomy":"category","embeddable":true,"href":"https:\/\/corrientesdetarde.com\/index.php\/wp-json\/wp\/v2\/categories?post=76079"},{"taxonomy":"post_tag","embeddable":true,"href":"https:\/\/corrientesdetarde.com\/index.php\/wp-json\/wp\/v2\/tags?post=76079"}],"curies":[{"name":"wp","href":"https:\/\/api.w.org\/{rel}","templated":true}]}}