{"id":76082,"date":"2023-07-26T16:15:28","date_gmt":"2023-07-26T19:15:28","guid":{"rendered":"https:\/\/corrientesdetarde.com\/?p=76082"},"modified":"2023-07-26T16:15:40","modified_gmt":"2023-07-26T19:15:40","slug":"mateo-retegui-y-su-primer-entrenamiento-en-genoa","status":"publish","type":"post","link":"https:\/\/corrientesdetarde.com\/index.php\/deportes\/mateo-retegui-y-su-primer-entrenamiento-en-genoa\/","title":{"rendered":"Mateo Retegui y su primer entrenamiento en Genoa"},"content":{"rendered":"\n<p>El exdelantero de Tigre lleg\u00f3 a cambio de 13 millones de euros y fue presentado oficialmente en las redes sociales del club italiano.<\/p>\n\n\n\n<p>El delantero\u00a0<strong>Mateo Retegui<\/strong>\u00a0fue presentado este mi\u00e9rcoles de manera oficial como nuevo jugador del club\u00a0<strong>Genoa<\/strong>, de\u00a0<strong>Italia<\/strong>, equipo que regresa a la primera divisi\u00f3n del f\u00fatbol italiano.<\/p>\n\n\n\n<p>Las redes sociales del equipo anunciaron el arribo del exdelantero de&nbsp;<strong>Boca&nbsp;<\/strong>y&nbsp;<strong>Tigre&nbsp;<\/strong>con un video que muestra la firma de su contrato. Adem\u00e1s, lo catalogaron como&nbsp;<strong>&#8220;el nuevo rey de la ciudad&#8221;<\/strong>&nbsp;en la campa\u00f1a de marketing que tiene la ilustraci\u00f3n del goleador oriundo de San Fernando en una carta de p\u00f3ker.<\/p>\n\n\n\n<p>El atacante argentino nacionalizado italiano se incorpora al&nbsp;<strong>Genoa&nbsp;<\/strong>a cambio de<strong>&nbsp;13 millones de d\u00f3lares<\/strong>, de acuerdo a medios locales, y estar\u00e1 cerca del seleccionado que dirige&nbsp;<strong>Roberto Mancini<\/strong>, quien ya lo convoc\u00f3 en partidos por clasificaci\u00f3n a la&nbsp;<strong>Eurocopa&nbsp;<\/strong>y la<strong>&nbsp;Liga de Naciones<\/strong>.<\/p>\n\n\n\n<p><strong>Retegui<\/strong>, de 24 a\u00f1os, tuvo un paso por las divisiones juveniles de&nbsp;<strong>River<\/strong>, pero inici\u00f3 su carrera en&nbsp;<strong>Boca&nbsp;<\/strong>(2018\/2019). Luego continu\u00f3 en&nbsp;<strong>Estudiantes La Plata<\/strong>&nbsp;(2019\/2020),&nbsp;<strong>Talleres de C\u00f3rdoba<\/strong>&nbsp;(2020\/2021) y&nbsp;<strong>Tigre&nbsp;<\/strong>(2022\/2023).<\/p>\n\n\n\n<p>Por su parte, el diario\u00a0<em><strong>Gazzetta Dello Sport\u00a0<\/strong><\/em>se hizo eco de la llegada de\u00a0<strong>Retegui\u00a0<\/strong>con una ilustraci\u00f3n que lo tiene detr\u00e1s de\u00a0<strong>Diego Milito<\/strong>, exgoleador e \u00eddolo del Genoa.<\/p>\n\n\n\n<figure class=\"wp-block-embed is-type-rich is-provider-twitter wp-block-embed-twitter\"><div class=\"wp-block-embed__wrapper\">\n<blockquote class=\"twitter-tweet\" data-width=\"550\" data-dnt=\"true\"><p lang=\"it\" dir=\"ltr\">\u270d\ufe0f La firma di Retegui\u2026\ud83d\udd34\ud83d\udd35 <a href=\"https:\/\/t.co\/N9t2mjWiOB\">pic.twitter.com\/N9t2mjWiOB<\/a><\/p>&mdash; Genoa CFC (@GenoaCFC) <a href=\"https:\/\/twitter.com\/GenoaCFC\/status\/1684229646383030274?ref_src=twsrc%5Etfw\">July 26, 2023<\/a><\/blockquote><script async src=\"https:\/\/platform.twitter.com\/widgets.js\" charset=\"utf-8\"><\/script>\n<\/div><\/figure>\n","protected":false},"excerpt":{"rendered":"<p>El exdelantero de Tigre lleg\u00f3 a cambio de 13 millones de euros y fue presentado oficialmente en las redes sociales del club italiano. El delantero\u00a0Mateo Retegui\u00a0fue presentado este mi\u00e9rcoles de&hellip; <\/p>\n","protected":false},"author":8,"featured_media":76083,"comment_status":"closed","ping_status":"open","sticky":false,"template":"","format":"standard","meta":{"footnotes":""},"categories":[4],"tags":[],"class_list":["post-76082","post","type-post","status-publish","format-standard","has-post-thumbnail","hentry","category-deportes"],"_links":{"self":[{"href":"https:\/\/corrientesdetarde.com\/index.php\/wp-json\/wp\/v2\/posts\/76082","targetHints":{"allow":["GET"]}}],"collection":[{"href":"https:\/\/corrientesdetarde.com\/index.php\/wp-json\/wp\/v2\/posts"}],"about":[{"href":"https:\/\/corrientesdetarde.com\/index.php\/wp-json\/wp\/v2\/types\/post"}],"author":[{"embeddable":true,"href":"https:\/\/corrientesdetarde.com\/index.php\/wp-json\/wp\/v2\/users\/8"}],"replies":[{"embeddable":true,"href":"https:\/\/corrientesdetarde.com\/index.php\/wp-json\/wp\/v2\/comments?post=76082"}],"version-history":[{"count":1,"href":"https:\/\/corrientesdetarde.com\/index.php\/wp-json\/wp\/v2\/posts\/76082\/revisions"}],"predecessor-version":[{"id":76084,"href":"https:\/\/corrientesdetarde.com\/index.php\/wp-json\/wp\/v2\/posts\/76082\/revisions\/76084"}],"wp:featuredmedia":[{"embeddable":true,"href":"https:\/\/corrientesdetarde.com\/index.php\/wp-json\/wp\/v2\/media\/76083"}],"wp:attachment":[{"href":"https:\/\/corrientesdetarde.com\/index.php\/wp-json\/wp\/v2\/media?parent=76082"}],"wp:term":[{"taxonomy":"category","embeddable":true,"href":"https:\/\/corrientesdetarde.com\/index.php\/wp-json\/wp\/v2\/categories?post=76082"},{"taxonomy":"post_tag","embeddable":true,"href":"https:\/\/corrientesdetarde.com\/index.php\/wp-json\/wp\/v2\/tags?post=76082"}],"curies":[{"name":"wp","href":"https:\/\/api.w.org\/{rel}","templated":true}]}}