{"id":76172,"date":"2023-07-26T22:31:09","date_gmt":"2023-07-27T01:31:09","guid":{"rendered":"https:\/\/corrientesdetarde.com\/?p=76172"},"modified":"2023-07-26T22:31:21","modified_gmt":"2023-07-27T01:31:21","slug":"esquina-atraparon-en-buenos-aires-a-un-buscado-por-violencia-de-genero","status":"publish","type":"post","link":"https:\/\/corrientesdetarde.com\/index.php\/policiales\/esquina-atraparon-en-buenos-aires-a-un-buscado-por-violencia-de-genero\/","title":{"rendered":"Esquina: atraparon en Buenos Aires a un buscado por violencia de g\u00e9nero"},"content":{"rendered":"\n<p>En marzo del 2021 lo declararon en rebeld\u00eda por no presentarse ante la Justicia correntina.<\/p>\n\n\n\n<p>Un hombre con pedido de captura desde el Juzgado de Garant\u00eda de Esquina por una causa de violencia de g\u00e9nero, qued\u00f3 detenido en la la Division Urquiza de la Polic\u00eda Federal, provincia de Buenos Aires, donde se present\u00f3 a realizar un tr\u00e1mite.<\/p>\n\n\n\n<p>El sospechoso, Ram\u00f3n Antonio Espinoza, alias &#8220;Raymon&#8221;, hab\u00eda sido declarado\u00a0en rebeld\u00eda en marzo de 2021. Ante ello, permanec\u00eda como pr\u00f3fugo de la Justicia. El titular de la Unidad Fiscal de Esquina, Javier Gustavo Mosquera solicit\u00f3 su traslado a la ciudad correntina, para lo cual fue asignada una comitiva policial de la Comisar\u00eda Primera, que concret\u00f3 el pedido. (WA)<\/p>\n","protected":false},"excerpt":{"rendered":"<p>En marzo del 2021 lo declararon en rebeld\u00eda por no presentarse ante la Justicia correntina. Un hombre con pedido de captura desde el Juzgado de Garant\u00eda de Esquina por una&hellip; <\/p>\n","protected":false},"author":4,"featured_media":76177,"comment_status":"closed","ping_status":"open","sticky":false,"template":"","format":"standard","meta":{"footnotes":""},"categories":[33],"tags":[],"class_list":["post-76172","post","type-post","status-publish","format-standard","has-post-thumbnail","hentry","category-policiales"],"_links":{"self":[{"href":"https:\/\/corrientesdetarde.com\/index.php\/wp-json\/wp\/v2\/posts\/76172","targetHints":{"allow":["GET"]}}],"collection":[{"href":"https:\/\/corrientesdetarde.com\/index.php\/wp-json\/wp\/v2\/posts"}],"about":[{"href":"https:\/\/corrientesdetarde.com\/index.php\/wp-json\/wp\/v2\/types\/post"}],"author":[{"embeddable":true,"href":"https:\/\/corrientesdetarde.com\/index.php\/wp-json\/wp\/v2\/users\/4"}],"replies":[{"embeddable":true,"href":"https:\/\/corrientesdetarde.com\/index.php\/wp-json\/wp\/v2\/comments?post=76172"}],"version-history":[{"count":1,"href":"https:\/\/corrientesdetarde.com\/index.php\/wp-json\/wp\/v2\/posts\/76172\/revisions"}],"predecessor-version":[{"id":76183,"href":"https:\/\/corrientesdetarde.com\/index.php\/wp-json\/wp\/v2\/posts\/76172\/revisions\/76183"}],"wp:featuredmedia":[{"embeddable":true,"href":"https:\/\/corrientesdetarde.com\/index.php\/wp-json\/wp\/v2\/media\/76177"}],"wp:attachment":[{"href":"https:\/\/corrientesdetarde.com\/index.php\/wp-json\/wp\/v2\/media?parent=76172"}],"wp:term":[{"taxonomy":"category","embeddable":true,"href":"https:\/\/corrientesdetarde.com\/index.php\/wp-json\/wp\/v2\/categories?post=76172"},{"taxonomy":"post_tag","embeddable":true,"href":"https:\/\/corrientesdetarde.com\/index.php\/wp-json\/wp\/v2\/tags?post=76172"}],"curies":[{"name":"wp","href":"https:\/\/api.w.org\/{rel}","templated":true}]}}