{"id":76185,"date":"2023-07-26T23:13:52","date_gmt":"2023-07-27T02:13:52","guid":{"rendered":"https:\/\/corrientesdetarde.com\/?p=76185"},"modified":"2023-07-26T23:14:03","modified_gmt":"2023-07-27T02:14:03","slug":"la-dpec-aclara-sobre-el-servicio-en-el-barrio-quilmes","status":"publish","type":"post","link":"https:\/\/corrientesdetarde.com\/index.php\/actualidad\/la-dpec-aclara-sobre-el-servicio-en-el-barrio-quilmes\/","title":{"rendered":"La DPEC aclara sobre el servicio en el barrio Quilmes"},"content":{"rendered":"\n<p>La&nbsp;<strong>Direcci\u00f3n Provincial de Energ\u00eda de Corrientes<\/strong>&nbsp;(<strong>DPEC<\/strong>) informa que, en relaci\u00f3n a la queja de un grupo de vecinos del barrio Quilmes por la suba y baja de tensi\u00f3n en sus domicilios, que personal de la Guardia de Reclamos y de Redes A\u00e9reas de esta Direcci\u00f3n se encuentra trabajando en el lugar. Al respecto cabe se\u00f1alar que la falla detectada obedece a que en un domicilio, que no cuenta con disyuntor diferencial, se est\u00e1 produciendo la descarga de una fase por tierra, lo que repercute en la calidad del servicio de una fase provocando el problema con la suba y baja de tensi\u00f3n en varias casas de ese barrio.<\/p>\n\n\n\n<p>El personal de la DPEC ya ubic\u00f3 la zona del barrio donde se encuentra el inconveniente, con lo cual ya se normaliz\u00f3 el servicio a gran parte del barrio afectado y ahora se encuentra trabajando intensamente para localizar el domicilio donde se est\u00e1 produciendo la falla para su total normalizaci\u00f3n.<\/p>\n","protected":false},"excerpt":{"rendered":"<p>La&nbsp;Direcci\u00f3n Provincial de Energ\u00eda de Corrientes&nbsp;(DPEC) informa que, en relaci\u00f3n a la queja de un grupo de vecinos del barrio Quilmes por la suba y baja de tensi\u00f3n en sus&hellip; <\/p>\n","protected":false},"author":4,"featured_media":76186,"comment_status":"closed","ping_status":"open","sticky":false,"template":"","format":"standard","meta":{"footnotes":""},"categories":[23],"tags":[],"class_list":["post-76185","post","type-post","status-publish","format-standard","has-post-thumbnail","hentry","category-actualidad"],"_links":{"self":[{"href":"https:\/\/corrientesdetarde.com\/index.php\/wp-json\/wp\/v2\/posts\/76185","targetHints":{"allow":["GET"]}}],"collection":[{"href":"https:\/\/corrientesdetarde.com\/index.php\/wp-json\/wp\/v2\/posts"}],"about":[{"href":"https:\/\/corrientesdetarde.com\/index.php\/wp-json\/wp\/v2\/types\/post"}],"author":[{"embeddable":true,"href":"https:\/\/corrientesdetarde.com\/index.php\/wp-json\/wp\/v2\/users\/4"}],"replies":[{"embeddable":true,"href":"https:\/\/corrientesdetarde.com\/index.php\/wp-json\/wp\/v2\/comments?post=76185"}],"version-history":[{"count":1,"href":"https:\/\/corrientesdetarde.com\/index.php\/wp-json\/wp\/v2\/posts\/76185\/revisions"}],"predecessor-version":[{"id":76187,"href":"https:\/\/corrientesdetarde.com\/index.php\/wp-json\/wp\/v2\/posts\/76185\/revisions\/76187"}],"wp:featuredmedia":[{"embeddable":true,"href":"https:\/\/corrientesdetarde.com\/index.php\/wp-json\/wp\/v2\/media\/76186"}],"wp:attachment":[{"href":"https:\/\/corrientesdetarde.com\/index.php\/wp-json\/wp\/v2\/media?parent=76185"}],"wp:term":[{"taxonomy":"category","embeddable":true,"href":"https:\/\/corrientesdetarde.com\/index.php\/wp-json\/wp\/v2\/categories?post=76185"},{"taxonomy":"post_tag","embeddable":true,"href":"https:\/\/corrientesdetarde.com\/index.php\/wp-json\/wp\/v2\/tags?post=76185"}],"curies":[{"name":"wp","href":"https:\/\/api.w.org\/{rel}","templated":true}]}}