{"id":76188,"date":"2023-07-26T23:19:33","date_gmt":"2023-07-27T02:19:33","guid":{"rendered":"https:\/\/corrientesdetarde.com\/?p=76188"},"modified":"2023-07-26T23:19:45","modified_gmt":"2023-07-27T02:19:45","slug":"valdes-visito-el-stand-de-corrientes-en-la-expo-rural-de-buenos-aires","status":"publish","type":"post","link":"https:\/\/corrientesdetarde.com\/index.php\/actualidad\/valdes-visito-el-stand-de-corrientes-en-la-expo-rural-de-buenos-aires\/","title":{"rendered":"Vald\u00e9s visit\u00f3 el stand de Corrientes en la Expo Rural de Buenos Aires"},"content":{"rendered":"\n<p>En el marco de la 135\u00b0 edici\u00f3n de la Exposici\u00f3n de Ganader\u00eda, Agricultura e Industria Internacional, que se desarrolla en Buenos Aires, el gobernador Gustavo Vald\u00e9s visit\u00f3 el stand de la provincia de Corrientes junto al ex ministro de Agricultura Luis Miguel Etchevehere, quien tambi\u00e9n presidi\u00f3 la Sociedad Rural Argentina.<\/p>\n\n\n\n<p>\u201cLa exposici\u00f3n es un \u00e9xito y una buena oportunidad para seguir visibilizando el trabajo de nuestros artesanos, emprendedores, posicionar el turismo y exhibir nuestro potencial productivo\u201d, expres\u00f3 el mandatario en redes sociales, invitando a la comunidad a recorra la muestra.<\/p>\n\n\n\n<p>Vald\u00e9s tambi\u00e9n estuvo acompa\u00f1ado de los ministros provinciales de Turismo y Producci\u00f3n, Alejandra Eliciri y Claudio Anselmo, respectivamente y del delegado de la Casa de Corrientes, Enrique Garro.<\/p>\n","protected":false},"excerpt":{"rendered":"<p>En el marco de la 135\u00b0 edici\u00f3n de la Exposici\u00f3n de Ganader\u00eda, Agricultura e Industria Internacional, que se desarrolla en Buenos Aires, el gobernador Gustavo Vald\u00e9s visit\u00f3 el stand de&hellip; <\/p>\n","protected":false},"author":4,"featured_media":76190,"comment_status":"closed","ping_status":"open","sticky":false,"template":"","format":"standard","meta":{"footnotes":""},"categories":[23],"tags":[],"class_list":["post-76188","post","type-post","status-publish","format-standard","has-post-thumbnail","hentry","category-actualidad"],"_links":{"self":[{"href":"https:\/\/corrientesdetarde.com\/index.php\/wp-json\/wp\/v2\/posts\/76188","targetHints":{"allow":["GET"]}}],"collection":[{"href":"https:\/\/corrientesdetarde.com\/index.php\/wp-json\/wp\/v2\/posts"}],"about":[{"href":"https:\/\/corrientesdetarde.com\/index.php\/wp-json\/wp\/v2\/types\/post"}],"author":[{"embeddable":true,"href":"https:\/\/corrientesdetarde.com\/index.php\/wp-json\/wp\/v2\/users\/4"}],"replies":[{"embeddable":true,"href":"https:\/\/corrientesdetarde.com\/index.php\/wp-json\/wp\/v2\/comments?post=76188"}],"version-history":[{"count":1,"href":"https:\/\/corrientesdetarde.com\/index.php\/wp-json\/wp\/v2\/posts\/76188\/revisions"}],"predecessor-version":[{"id":76191,"href":"https:\/\/corrientesdetarde.com\/index.php\/wp-json\/wp\/v2\/posts\/76188\/revisions\/76191"}],"wp:featuredmedia":[{"embeddable":true,"href":"https:\/\/corrientesdetarde.com\/index.php\/wp-json\/wp\/v2\/media\/76190"}],"wp:attachment":[{"href":"https:\/\/corrientesdetarde.com\/index.php\/wp-json\/wp\/v2\/media?parent=76188"}],"wp:term":[{"taxonomy":"category","embeddable":true,"href":"https:\/\/corrientesdetarde.com\/index.php\/wp-json\/wp\/v2\/categories?post=76188"},{"taxonomy":"post_tag","embeddable":true,"href":"https:\/\/corrientesdetarde.com\/index.php\/wp-json\/wp\/v2\/tags?post=76188"}],"curies":[{"name":"wp","href":"https:\/\/api.w.org\/{rel}","templated":true}]}}