{"id":76192,"date":"2023-07-26T23:30:41","date_gmt":"2023-07-27T02:30:41","guid":{"rendered":"https:\/\/corrientesdetarde.com\/?p=76192"},"modified":"2023-07-26T23:30:53","modified_gmt":"2023-07-27T02:30:53","slug":"tres-personas-en-grave-estado-tras-un-choque-frontal","status":"publish","type":"post","link":"https:\/\/corrientesdetarde.com\/index.php\/policiales\/tres-personas-en-grave-estado-tras-un-choque-frontal\/","title":{"rendered":"Tres personas en grave estado tras un choque frontal"},"content":{"rendered":"\n<p>El siniestro ocurri\u00f3 por Ruta 14. Entre los heridos hay un menor de edad.\u00a0<\/p>\n\n\n\n<p>Este mi\u00e9rcoles se registr\u00f3 un grave siniestro cuando dos autom\u00f3viles chocaron de manera frontal y como consecuencia tres personas resultaron con lesiones de gravedad.<\/p>\n\n\n\n<p>El hecho ocurri\u00f3 en horas del mediod\u00eda, cerca de las 12, por Ruta Nacional 14 a la altura del kil\u00f3metro 626.<\/p>\n\n\n\n<p>Los veh\u00edculos involucrados eran un Citro\u00ebn C4 y un Renault Kvid. Ambos proven\u00edan de la provincia de Buenos Aires.<\/p>\n\n\n\n<p>Desde la Polic\u00eda informaron que entre las personas heridas se encuentran dos mayores de edad y un menor. &nbsp;Todos fueron trasladados al hospital de Santo Tom\u00e9.&nbsp;<\/p>\n\n\n\n<p>En el lugar intervinieron personal policial, de Gendarmer\u00eda, bomberos voluntarios y m\u00e9dicos de Alvear.&nbsp;<\/p>\n","protected":false},"excerpt":{"rendered":"<p>El siniestro ocurri\u00f3 por Ruta 14. Entre los heridos hay un menor de edad.\u00a0 Este mi\u00e9rcoles se registr\u00f3 un grave siniestro cuando dos autom\u00f3viles chocaron de manera frontal y como&hellip; <\/p>\n","protected":false},"author":4,"featured_media":76193,"comment_status":"closed","ping_status":"open","sticky":false,"template":"","format":"standard","meta":{"footnotes":""},"categories":[33],"tags":[],"class_list":["post-76192","post","type-post","status-publish","format-standard","has-post-thumbnail","hentry","category-policiales"],"_links":{"self":[{"href":"https:\/\/corrientesdetarde.com\/index.php\/wp-json\/wp\/v2\/posts\/76192","targetHints":{"allow":["GET"]}}],"collection":[{"href":"https:\/\/corrientesdetarde.com\/index.php\/wp-json\/wp\/v2\/posts"}],"about":[{"href":"https:\/\/corrientesdetarde.com\/index.php\/wp-json\/wp\/v2\/types\/post"}],"author":[{"embeddable":true,"href":"https:\/\/corrientesdetarde.com\/index.php\/wp-json\/wp\/v2\/users\/4"}],"replies":[{"embeddable":true,"href":"https:\/\/corrientesdetarde.com\/index.php\/wp-json\/wp\/v2\/comments?post=76192"}],"version-history":[{"count":1,"href":"https:\/\/corrientesdetarde.com\/index.php\/wp-json\/wp\/v2\/posts\/76192\/revisions"}],"predecessor-version":[{"id":76194,"href":"https:\/\/corrientesdetarde.com\/index.php\/wp-json\/wp\/v2\/posts\/76192\/revisions\/76194"}],"wp:featuredmedia":[{"embeddable":true,"href":"https:\/\/corrientesdetarde.com\/index.php\/wp-json\/wp\/v2\/media\/76193"}],"wp:attachment":[{"href":"https:\/\/corrientesdetarde.com\/index.php\/wp-json\/wp\/v2\/media?parent=76192"}],"wp:term":[{"taxonomy":"category","embeddable":true,"href":"https:\/\/corrientesdetarde.com\/index.php\/wp-json\/wp\/v2\/categories?post=76192"},{"taxonomy":"post_tag","embeddable":true,"href":"https:\/\/corrientesdetarde.com\/index.php\/wp-json\/wp\/v2\/tags?post=76192"}],"curies":[{"name":"wp","href":"https:\/\/api.w.org\/{rel}","templated":true}]}}