{"id":76195,"date":"2023-07-26T23:58:46","date_gmt":"2023-07-27T02:58:46","guid":{"rendered":"https:\/\/corrientesdetarde.com\/?p=76195"},"modified":"2023-07-26T23:58:50","modified_gmt":"2023-07-27T02:58:50","slug":"rauw-alejandro-confirmo-su-separacion-de-rosalia","status":"publish","type":"post","link":"https:\/\/corrientesdetarde.com\/index.php\/espectaculos\/rauw-alejandro-confirmo-su-separacion-de-rosalia\/","title":{"rendered":"Rauw Alejandro confirm\u00f3 su separaci\u00f3n de Rosal\u00eda"},"content":{"rendered":"\n<p>El cantante asegur\u00f3 que rompieron su compromiso \u201chace unos meses\u201d.<\/p>\n\n\n\n<p>La revista\u00a0<em>People<\/em>\u00a0confirm\u00f3 la\u00a0separaci\u00f3n de Rauw Alejandro y Rosal\u00eda\u00a0y un d\u00eda despu\u00e9s el cantante decidi\u00f3 publicar un comunicado en sus redes sociales para confirmar la informaci\u00f3n y brindar m\u00e1s detalles sobre la ruptura.<\/p>\n\n\n\n<p>Si bien en marzo de este a\u00f1o anunciaron su compromiso y hablaron sobre sus planes de boda, en el comunicado el m\u00fasico puertorrique\u00f1o dice que no es actual la separaci\u00f3n:&nbsp;<strong>\u201cHace unos meses atr\u00e1s Rosi y yo terminamos nuestro compromiso\u201d.<\/strong><\/p>\n\n\n\n<figure class=\"wp-block-image\"><img decoding=\"async\" src=\"https:\/\/noticiasargentinas.com\/images\/NA\/Contenidos\/RAUW.webp\" alt=\"RAUW.jpg\"\/><\/figure>\n\n\n\n<p>\u201cDurante todos estos a\u00f1os ustedes han sido parte de mis logros profesionales, como tambi\u00e9n de todos los momentos felices que he vivido en pareja. Jam\u00e1s me vi en la posici\u00f3n de tan siquiera pensar que tendr\u00eda que dar declaraciones p\u00fablicas sobre este asunto tan privado para m\u00ed\u201d, comienza diciendo el comunicado de Rauw Alejandro.<\/p>\n\n\n\n<p>\u201cS\u00ed, hace unos meses atr\u00e1s Rosi y yo terminamos nuestro compromiso. Existen miles de problemas que pueden causar una ruptura, pero&nbsp;<strong>en nuestro caso no fue por culpa de terceras personas o una infidelidad.<\/strong>&nbsp;Durante este espacio que me estoy tomando para asimilar todo esto, han surgido alegaciones p\u00fablicas err\u00f3neas, y por el respeto que le tengo a ella, a nuestras familias y a todo lo que vivimos, no podr\u00eda quedarme callado y continuar viendo c\u00f3mo intentan destruir la historia m\u00e1s real de amor que Dios me ha permitido vivir. Sin m\u00e1s nada que a\u00f1adir, a mis fans los amo mucho, gracias por estar ah\u00ed\u201d, concluye, no sin antes firmar con su verdadero nombre: \u201catentamente, Ra\u00fal\u201d.<\/p>\n\n\n\n<p>Lo cierto es que las aclaraciones las hace por las versiones que surgieron en las \u00faltimas horas que hablaban de infidelidades. Por su parte, Rosal\u00eda a\u00fan no hizo ninguna declaraci\u00f3n al respecto. Por estas horas se encuentra en Par\u00eds, ya que est\u00e1 realizando un tour por varias ciudades.<\/p>\n\n\n\n<p>Rauw Alejandro y Rosal\u00eda comenzaron a salir a mediados de 2021. Desde ese momento, se mostraron juntos en entregas de premios y hasta crearon juntos tres temas musicales:&nbsp;<em>Beso, Vampiro y Promesas.<\/em><\/p>\n","protected":false},"excerpt":{"rendered":"<p>El cantante asegur\u00f3 que rompieron su compromiso \u201chace unos meses\u201d. La revista\u00a0People\u00a0confirm\u00f3 la\u00a0separaci\u00f3n de Rauw Alejandro y Rosal\u00eda\u00a0y un d\u00eda despu\u00e9s el cantante decidi\u00f3 publicar un comunicado en sus redes&hellip; <\/p>\n","protected":false},"author":4,"featured_media":76196,"comment_status":"closed","ping_status":"open","sticky":false,"template":"","format":"standard","meta":{"footnotes":""},"categories":[19],"tags":[],"class_list":["post-76195","post","type-post","status-publish","format-standard","has-post-thumbnail","hentry","category-espectaculos"],"_links":{"self":[{"href":"https:\/\/corrientesdetarde.com\/index.php\/wp-json\/wp\/v2\/posts\/76195","targetHints":{"allow":["GET"]}}],"collection":[{"href":"https:\/\/corrientesdetarde.com\/index.php\/wp-json\/wp\/v2\/posts"}],"about":[{"href":"https:\/\/corrientesdetarde.com\/index.php\/wp-json\/wp\/v2\/types\/post"}],"author":[{"embeddable":true,"href":"https:\/\/corrientesdetarde.com\/index.php\/wp-json\/wp\/v2\/users\/4"}],"replies":[{"embeddable":true,"href":"https:\/\/corrientesdetarde.com\/index.php\/wp-json\/wp\/v2\/comments?post=76195"}],"version-history":[{"count":1,"href":"https:\/\/corrientesdetarde.com\/index.php\/wp-json\/wp\/v2\/posts\/76195\/revisions"}],"predecessor-version":[{"id":76197,"href":"https:\/\/corrientesdetarde.com\/index.php\/wp-json\/wp\/v2\/posts\/76195\/revisions\/76197"}],"wp:featuredmedia":[{"embeddable":true,"href":"https:\/\/corrientesdetarde.com\/index.php\/wp-json\/wp\/v2\/media\/76196"}],"wp:attachment":[{"href":"https:\/\/corrientesdetarde.com\/index.php\/wp-json\/wp\/v2\/media?parent=76195"}],"wp:term":[{"taxonomy":"category","embeddable":true,"href":"https:\/\/corrientesdetarde.com\/index.php\/wp-json\/wp\/v2\/categories?post=76195"},{"taxonomy":"post_tag","embeddable":true,"href":"https:\/\/corrientesdetarde.com\/index.php\/wp-json\/wp\/v2\/tags?post=76195"}],"curies":[{"name":"wp","href":"https:\/\/api.w.org\/{rel}","templated":true}]}}