{"id":76205,"date":"2023-07-27T08:29:04","date_gmt":"2023-07-27T11:29:04","guid":{"rendered":"https:\/\/corrientesdetarde.com\/?p=76205"},"modified":"2023-07-27T08:29:15","modified_gmt":"2023-07-27T11:29:15","slug":"ya-contaba-con-antecedentes-y-en-esta-ocasion-robo-un-pato-y-una-gallina","status":"publish","type":"post","link":"https:\/\/corrientesdetarde.com\/index.php\/policiales\/ya-contaba-con-antecedentes-y-en-esta-ocasion-robo-un-pato-y-una-gallina\/","title":{"rendered":"\u00a0YA CONTABA CON ANTECEDENTES, Y EN ESTA OCASI\u00d3N\u00a0rob\u00f3 un pato y una gallina"},"content":{"rendered":"<div class=\"wp-block-image\">\n<figure class=\"alignleft size-full is-resized\"><img loading=\"lazy\" decoding=\"async\" src=\"https:\/\/corrientesdetarde.com\/wp-content\/uploads\/2023\/07\/image-658.png\" alt=\"\" class=\"wp-image-76210\" width=\"192\" height=\"341\" srcset=\"https:\/\/corrientesdetarde.com\/wp-content\/uploads\/2023\/07\/image-658.png 250w, https:\/\/corrientesdetarde.com\/wp-content\/uploads\/2023\/07\/image-658-169x300.png 169w\" sizes=\"auto, (max-width: 192px) 100vw, 192px\" \/><\/figure>\n<\/div>\n\n\n<p>Alrededor de las 2:30 horas de este jueves, personal del GRIM 5 que se encontraba de recorrida, visualizaron a un sujeto que circulaba a pie de manera sospechosa, por calle Teniente Ib\u00e1\u00f1ez, frente a la Escuela Juana Manso. En su poder llevaba una bolsa arpillera y en su interior hab\u00eda dos aves vivas, un pato y una gallina.<\/p>\n\n\n\n<p>El sujeto fue identificado como Miguel \u00c1ngel alias &#8220;Monedita&#8221; de 24 a\u00f1os, domiciliado en barrio Quilmes.\u00a0<\/p>\n\n\n\n<p>Monedita dijo a los efectivos que encontr\u00f3 a los animales sueltos por la calle. Al contar con antecedentes policiales &nbsp;se procede a su demora y posterior traslado hasta la Comisar\u00eda Jurisdiccional 7ma a fin de continuar con las averiguaciones correspondientes<\/p>\n","protected":false},"excerpt":{"rendered":"<p>Alrededor de las 2:30 horas de este jueves, personal del GRIM 5 que se encontraba de recorrida, visualizaron a un sujeto que circulaba a pie de manera sospechosa, por calle&hellip; <\/p>\n","protected":false},"author":1,"featured_media":76211,"comment_status":"closed","ping_status":"open","sticky":false,"template":"","format":"standard","meta":{"footnotes":""},"categories":[33],"tags":[],"class_list":["post-76205","post","type-post","status-publish","format-standard","has-post-thumbnail","hentry","category-policiales"],"_links":{"self":[{"href":"https:\/\/corrientesdetarde.com\/index.php\/wp-json\/wp\/v2\/posts\/76205","targetHints":{"allow":["GET"]}}],"collection":[{"href":"https:\/\/corrientesdetarde.com\/index.php\/wp-json\/wp\/v2\/posts"}],"about":[{"href":"https:\/\/corrientesdetarde.com\/index.php\/wp-json\/wp\/v2\/types\/post"}],"author":[{"embeddable":true,"href":"https:\/\/corrientesdetarde.com\/index.php\/wp-json\/wp\/v2\/users\/1"}],"replies":[{"embeddable":true,"href":"https:\/\/corrientesdetarde.com\/index.php\/wp-json\/wp\/v2\/comments?post=76205"}],"version-history":[{"count":1,"href":"https:\/\/corrientesdetarde.com\/index.php\/wp-json\/wp\/v2\/posts\/76205\/revisions"}],"predecessor-version":[{"id":76212,"href":"https:\/\/corrientesdetarde.com\/index.php\/wp-json\/wp\/v2\/posts\/76205\/revisions\/76212"}],"wp:featuredmedia":[{"embeddable":true,"href":"https:\/\/corrientesdetarde.com\/index.php\/wp-json\/wp\/v2\/media\/76211"}],"wp:attachment":[{"href":"https:\/\/corrientesdetarde.com\/index.php\/wp-json\/wp\/v2\/media?parent=76205"}],"wp:term":[{"taxonomy":"category","embeddable":true,"href":"https:\/\/corrientesdetarde.com\/index.php\/wp-json\/wp\/v2\/categories?post=76205"},{"taxonomy":"post_tag","embeddable":true,"href":"https:\/\/corrientesdetarde.com\/index.php\/wp-json\/wp\/v2\/tags?post=76205"}],"curies":[{"name":"wp","href":"https:\/\/api.w.org\/{rel}","templated":true}]}}