{"id":7624,"date":"2022-10-01T11:40:20","date_gmt":"2022-10-01T14:40:20","guid":{"rendered":"https:\/\/corrientesdetarde.com\/?p=7624"},"modified":"2022-10-01T11:40:24","modified_gmt":"2022-10-01T14:40:24","slug":"basta-de-terrorismo-en-la-patagonia-vecinos-marcharan-a-villa-mascardi-en-repudio-a-la-ocupacion-mapuche","status":"publish","type":"post","link":"https:\/\/corrientesdetarde.com\/index.php\/nacionales\/basta-de-terrorismo-en-la-patagonia-vecinos-marcharan-a-villa-mascardi-en-repudio-a-la-ocupacion-mapuche\/","title":{"rendered":"\u201cBasta de terrorismo en la Patagonia\u201d: vecinos marchar\u00e1n a Villa Mascardi en repudio a la ocupaci\u00f3n mapuche"},"content":{"rendered":"\n<h2 class=\"wp-block-heading\">La convocatoria es para ma\u00f1ana a las 15 en la rotonda Diarco, ubicada en las afueras de Bariloche. Arabela Carreras, gobernadora de R\u00edo Negro, afirm\u00f3 hoy que podr\u00edan existir v\u00ednculos entre los grupos radicales que realizan ataques en Argentina y los de Chile.<\/h2>\n\n\n\n<p>Frente a la continudad del<a href=\"https:\/\/www.infobae.com\/politica\/2022\/09\/30\/crece-la-tension-en-villa-mascardi-la-policia-fue-a-un-terreno-tomado-pero-los-mapuches-se-resisten-a-dejar-el-lugar\/\" target=\"_blank\" rel=\"noreferrer noopener\">&nbsp;conflicto mapuche en la Patagonia<\/a>, el cual parecer\u00eda no tener soluci\u00f3n en el corto plazo, vecinos de San Carlos de Bariloche y alrededores convocaron a&nbsp;<strong>una marcha a Villa Mascardi para ma\u00f1ana a las 15<\/strong>, la cual se realizar\u00e1 en repudio a la ocupaci\u00f3n de terrenos que llevan adelante integrantes de la lof Lafken Winkul Mapu en distintos puntos de la zona.<\/p>\n\n\n\n<p>Bajo el lema<strong>&nbsp;\u201cBasta de terrorismo en la Patagonia\u201d<\/strong>, el grupo p\u00fablico de Facebook \u201cApoyo a vecinos de Mascardi &#8211; Defensa del PN Nahuel Huapi\u201d confirm\u00f3 la marcha para este domingo e inst\u00f3 a que los participantes lleven banderas argentinas. \u201cA los que salen de rotonda Diarco hasta donde podamos llegar con los autos, si nos frenan, dejamos los autos al costado de la ruta y seguimos a pie. A quienes vengan del sur (El Bols\u00f3n, Esquel, etc.): si pueden llegar hasta el ACA de Mascardi, ah\u00ed ser\u00eda el punto de encuentro con la columna norte. Si los frenan antes, hacemos lo mismo: dejar autos al costado de la ruta y continuar a pie!\u201d, aclara la publicaci\u00f3n en cuesti\u00f3n.<\/p>\n\n\n\n<p>La iniciativa cuenta con el apoyo del diputado nacional por la provincia de Buenos Aires de Juntos por el Cambio,\u00a0<strong>Waldo Wolff<\/strong>, y el legislador provincial de R\u00edo Negro,\u00a0<strong>Juan Mart\u00edn<\/strong>, quienes participaron de un video junto a\u00a0<strong>Diego Frutos<\/strong>, presidente de la Junta Vecinal de Villa Mascardi y uno de los damnificados por la toma de tierras que llevan adelante los mapuches, para reforzar la citaci\u00f3n.<strong>\u00a0\u201cEs muy importante poner el cuerpo. Lo que est\u00e1 pasando ac\u00e1 en Mascardi es inadmisible. El Estado no puede dejar a la gente sola\u201d<\/strong>, consider\u00f3 el diputado Wolff.<\/p>\n\n\n\n<p>Frutos, por su parte, precis\u00f3: \u201c<strong>Marcharemos todos con banderas argentinas por la ruta 40 sur hacia Villa Mascardi.<\/strong>&nbsp;Convocamos no s\u00f3lo a los que est\u00e1n con Villa Mascardi, sino tambi\u00e9n a los que sufren otras tomas violentas en la regi\u00f3n\u201d.<\/p>\n\n\n\n<p>Como consecuencia del conflicto mapuche, desde la alianza Juntos Somos R\u00edo Negro emitieron un comunicado en el que denuncian que esta situaci\u00f3n se debe a&nbsp;<strong>\u201cla falta de respuestas de la Justicia Federal y la inacci\u00f3n del Gobierno nacional\u201d<\/strong>.<\/p>\n\n\n\n<p>\u201cEstamos ante un problema de Estado y de Gobierno: corre peligro la vida de los vecinos y los bienes de Mascardi. Necesitamos pol\u00edticas claras y que se establezcan medidas para frenar el avance de estos grupos violentos\u201d, advirtieron desde la coalici\u00f3n opositora.<\/p>\n\n\n\n<p>Ayer, la gobernadora de la provincia de R\u00edo Negro,\u00a0<strong>Arabela Carreras<\/strong>, cont\u00f3 en declaraciones radiales que los investigadores pudieron constatar la presencia de los mapuches\u00a0en las tomas de terrenos privados. \u201cDetectamos presencia de personas que tienen domicilio en provincia de Buenos Aires y Chubut que entran a la toma\u201d, asegur\u00f3 en di\u00e1logo con\u00a0<em>CNN Radio<\/em>.<\/p>\n\n\n\n<p>Carreras revel\u00f3 este dato un d\u00eda despu\u00e9s de que se supiera que&nbsp;<a href=\"https:\/\/www.infobae.com\/politica\/2022\/09\/29\/los-mapuches-reclutan-gente-para-ocupar-todas-las-propiedades-que-usurparon-en-villa-mascardi\/\" target=\"_blank\" rel=\"noreferrer noopener\"><strong>los mapuches reclutan gente para ocupar todas las propiedades que usurparon en Villa Mascardi<\/strong><\/a>, ya que se les dificulta la log\u00edstica para mantener presencia en todos los predios a la vez.<\/p>\n\n\n\n<p>La mandataria provincial habl\u00f3 hoy en radio&nbsp;<em>Mitre&nbsp;<\/em>y afirm\u00f3 que&nbsp;<strong>podr\u00edan existir v\u00ednculos entre los grupos que realizan los ataques en la Patagonia argentina y los radicales de Chile<\/strong>. \u201cEsto es lo que esperamos que pueda demostrar la investigaci\u00f3n en la Justicia Federal. Hemos denunciado coincidencias, actores que cruzan la frontera sistem\u00e1ticamente. La construcci\u00f3n del concepto de si hay v\u00ednculos, de que es terrorismo, de que hay un accionar que trasciende las fronteras, debe ser demostrado en la Justicia. Creemos que podr\u00eda haber grandes avances pero necesitamos mucha decisi\u00f3n pol\u00edtica y trabajo en conjunto para lograrlo\u201d, sostuvo.<\/p>\n\n\n\n<p>Hasta este viernes, la autodenominada comunidad mapuche&nbsp;<strong>Lafken Winkul Mapu&nbsp;<\/strong>ocupaba seis estructuras edilicias en&nbsp;<strong>Villa Mascardi<\/strong>, adem\u00e1s de los dos lotes pertenecientes a Parques Nacionales. Ante este contexto, efectivos de la Polic\u00eda de R\u00edo Negro acataron la orden de inspecci\u00f3n que autoriz\u00f3 el Ministerio P\u00fablico Fiscal de la provincia a la propiedad del ya mencionado<strong>&nbsp;Frutos, ingresaron al terreno y certificaron indicios sobre la existencia de los encapuchados en el lugar<\/strong>.<\/p>\n\n\n\n<p>De acuerdo a la informaci\u00f3n que confirm\u00f3 el abogado defensor del damnificado,&nbsp;<strong>Ernesto Saavedra<\/strong>, la existencia de un \u00e1rbol derribado en el acceso a la propiedad, chimeneas humeantes, bolsas con piedras y un arroyo cuyo curso fue desviado presuntamente por los usurpadores, fueron \u00fatiles para certificar la presencia de integrantes de esa comunidad en la propiedad privada.<\/p>\n\n\n\n<p><strong>\u201cLa diligencia fue exitosa\u201d<\/strong>, resumi\u00f3 el defensor de Frutos.<\/p>\n\n\n\n<p>Una vez que finaliz\u00f3 el registro de la propiedad,\u00a0<a href=\"https:\/\/www.infobae.com\/politica\/2022\/09\/30\/crece-la-tension-en-villa-mascardi-la-policia-fue-a-un-terreno-tomado-pero-los-mapuches-se-resisten-a-dejar-el-lugar\/\" target=\"_blank\" rel=\"noreferrer noopener\">un mensaje de los encapuchados en el que ratificaban la posesi\u00f3n del terreno se hizo viral<\/a>.\u00a0<strong>\u201cEstamos recuperando territorio mapuche, donde vivieron nuestros antepasados, y recuperando nuestra vida mapuche\u201d<\/strong>, afirmaron los ocupantes. Adem\u00e1s, dijeron que se encuentran \u201cen una situaci\u00f3n de represi\u00f3n\u201d y denunciaron que fueron \u201creprimidos a tiros, sin importar\u201d la existencia de familias con ni\u00f1os en el territorio usurpado.<\/p>\n\n\n<div class=\"wp-block-image\">\n<figure class=\"aligncenter size-full\"><img loading=\"lazy\" decoding=\"async\" width=\"768\" height=\"1024\" src=\"https:\/\/corrientesdetarde.com\/wp-content\/uploads\/2022\/10\/43VCAYG5TFBKTI5BNP5YNLS24Q.jpg\" alt=\"\" class=\"wp-image-7626\" srcset=\"https:\/\/corrientesdetarde.com\/wp-content\/uploads\/2022\/10\/43VCAYG5TFBKTI5BNP5YNLS24Q.jpg 768w, https:\/\/corrientesdetarde.com\/wp-content\/uploads\/2022\/10\/43VCAYG5TFBKTI5BNP5YNLS24Q-225x300.jpg 225w\" sizes=\"auto, (max-width: 768px) 100vw, 768px\" \/><\/figure>\n<\/div>\n\n\n<p><\/p>\n","protected":false},"excerpt":{"rendered":"<p>La convocatoria es para ma\u00f1ana a las 15 en la rotonda Diarco, ubicada en las afueras de Bariloche. Arabela Carreras, gobernadora de R\u00edo Negro, afirm\u00f3 hoy que podr\u00edan existir v\u00ednculos&hellip; <\/p>\n","protected":false},"author":1,"featured_media":7625,"comment_status":"closed","ping_status":"open","sticky":false,"template":"","format":"standard","meta":{"footnotes":""},"categories":[10],"tags":[],"class_list":["post-7624","post","type-post","status-publish","format-standard","has-post-thumbnail","hentry","category-nacionales"],"_links":{"self":[{"href":"https:\/\/corrientesdetarde.com\/index.php\/wp-json\/wp\/v2\/posts\/7624","targetHints":{"allow":["GET"]}}],"collection":[{"href":"https:\/\/corrientesdetarde.com\/index.php\/wp-json\/wp\/v2\/posts"}],"about":[{"href":"https:\/\/corrientesdetarde.com\/index.php\/wp-json\/wp\/v2\/types\/post"}],"author":[{"embeddable":true,"href":"https:\/\/corrientesdetarde.com\/index.php\/wp-json\/wp\/v2\/users\/1"}],"replies":[{"embeddable":true,"href":"https:\/\/corrientesdetarde.com\/index.php\/wp-json\/wp\/v2\/comments?post=7624"}],"version-history":[{"count":1,"href":"https:\/\/corrientesdetarde.com\/index.php\/wp-json\/wp\/v2\/posts\/7624\/revisions"}],"predecessor-version":[{"id":7627,"href":"https:\/\/corrientesdetarde.com\/index.php\/wp-json\/wp\/v2\/posts\/7624\/revisions\/7627"}],"wp:featuredmedia":[{"embeddable":true,"href":"https:\/\/corrientesdetarde.com\/index.php\/wp-json\/wp\/v2\/media\/7625"}],"wp:attachment":[{"href":"https:\/\/corrientesdetarde.com\/index.php\/wp-json\/wp\/v2\/media?parent=7624"}],"wp:term":[{"taxonomy":"category","embeddable":true,"href":"https:\/\/corrientesdetarde.com\/index.php\/wp-json\/wp\/v2\/categories?post=7624"},{"taxonomy":"post_tag","embeddable":true,"href":"https:\/\/corrientesdetarde.com\/index.php\/wp-json\/wp\/v2\/tags?post=7624"}],"curies":[{"name":"wp","href":"https:\/\/api.w.org\/{rel}","templated":true}]}}