{"id":76488,"date":"2023-07-28T09:17:24","date_gmt":"2023-07-28T12:17:24","guid":{"rendered":"https:\/\/corrientesdetarde.com\/?p=76488"},"modified":"2023-07-28T09:17:26","modified_gmt":"2023-07-28T12:17:26","slug":"ponganse-la-corona-y-manejen-la-batuta-las-intimidantes-ordenes-de-emerenciano-sena","status":"publish","type":"post","link":"https:\/\/corrientesdetarde.com\/index.php\/crimen-y-justicia\/ponganse-la-corona-y-manejen-la-batuta-las-intimidantes-ordenes-de-emerenciano-sena\/","title":{"rendered":"\u201cP\u00f3nganse la corona y manejen la batuta\u201d: las intimidantes \u00f3rdenes de Emerenciano Sena"},"content":{"rendered":"\n<p><strong>\u201cNo se olviden: todos los compa\u00f1eros que est\u00e1n en la lista para la casa tienen que acompa\u00f1ar. El que no escribe \u2018Libertad Emerenciano\u2019 por el murito, por la chapa, por la casa, es porque no est\u00e1 con nosotros. Hay que hacer eso entre s\u00e1bado y domingo, porque el lunes y el martes se define si salgo o no en libertad, compa\u00f1eros<\/strong>\u201d, advierte a sus colaboradores Emerenciano Sena, imputado como coautor del femicidio de Cecilia Strzyzowski junto con su mujer, Marcela Acu\u00f1a, y su hijo, C\u00e9sar.<\/p>\n\n\n\n<p>El audio, que dura poco m\u00e1s de 13 minutos, comenz\u00f3 a circular en la tarde de este jueves, d\u00edas antes de que se realicen las audiencias de oposici\u00f3n a la prisi\u00f3n preventiva del matrimonio piquetero, fechadas para los pr\u00f3ximos 2 y 3 de agosto.<\/p>\n\n\n\n<p>Seg\u00fan confirmaron fuentes de la investigaci\u00f3n a Infobae se trata de una conversaci\u00f3n telef\u00f3nica que el dirigente social habr\u00eda mantenido con sus allegados, el mi\u00e9rcoles, desde la Comisar\u00eda Tercera de Resistencia donde est\u00e1 detenido desde el 9 de junio pasado.<\/p>\n\n\n\n<p>A pesar de los supuestos \u201cproblemas de salud\u201d que padece, motivo por el que su defensa solicit\u00f3 la prisi\u00f3n domiciliaria, en la grabaci\u00f3n se lo escucha en\u00e9rgico y dando todo tipo de directivas. Adem\u00e1s,&nbsp;&nbsp;<strong>se autoproclama \u201cun soldado de Dios\u201d&nbsp;<\/strong>y exige que todos los vecinos del barrio Emerenciano tengan pintadas sus viviendas exigiendo su libertad.<\/p>\n\n\n\n<p><strong>\u201cSi no les gusta la palabra \u2018Libertad Emerenciano\u2019 que dejen su auto en la Avenida San Mart\u00edn, porque si lo meten adentro del barrio, las palas van a ser para romperles el vidrio\u201d<\/strong>,&nbsp; asegura y en seguida repregunta. \u201c\u00bfMe est\u00e1n escuchando?\u201d, del otro lado del tel\u00e9fono un grupo de personas contesta que \u201cS\u00ed\u201d tres veces y al un\u00edsono. Menos de 24 horas m\u00e1s tarde, el barrio ya ol\u00eda a pintura fresca: \u201cLibertad a Emerenciano. Basta de presos pol\u00edticos\u201d.<\/p>\n\n\n\n<p>Luego de que se viralizara el audio, la querella de la Secretar\u00eda de Derechos Humanos y G\u00e9neros solicit\u00f3, a trav\u00e9s de la abogada Nahir Barud, la incomunicaci\u00f3n de Emerenciano Sena ante la posibilidad de que el imputado por el femicidio de su nuera realice maniobras para entorpecer la investigaci\u00f3n. La medida ser\u00e1 evaluada por el equipo fiscal especial. \u201cSeguramente este viernes dispongan alguna medida\u201d, confiaron a este medio fuentes con acceso al expediente.<\/p>\n\n\n\n<p>Esas mismas fuentes contextualizaron acerca del llamado: \u201cSi bien el dirigente piquetero est\u00e1 alojado en la comisar\u00eda con algunas restricciones, no se encuentra incomunicado y tiene derecho a sus llamadas diarias. Es probable que quienes hayan hablado con \u00e9l lo grabaran para luego hacer extensivas sus palabras\u201d.<\/p>\n\n\n\n<p>Hace exactamente un mes, Infobae recorri\u00f3 el barrio Emerenciano que, en medio de la investigaci\u00f3n por el crimen, comenz\u00f3 a reconstruir de su identidad y a borrar el nombre del dirigente del frente de los edificios p\u00fablicos que funcionan all\u00ed, como la escuela, el jard\u00edn de infantes, el centro de salud y la biblioteca. Algunos vecinos, incluso, decidieron quitar el nombre de Sena de sus viviendas. Ahora, en una necesidad de volver a marcar territorio, el piquetero y aliado al gobernador Jorge Capitanich exija las pintadas:<\/p>\n\n\n\n<p><em>\u201cCada compa\u00f1ero que dice que est\u00e1 con nosotros tiene que pintar, grande o chico, \u2018Libertad Emerenciano\u2019 frente a su casa porque sino seguimos siendo nadie. Hay que pintar el Barrio Emerenciano por todos lados. Y el lunes, el lunes cuando venga la gente de afuera y les diga algo, contacten a Marcelina (Sena), con cuatro o cinco compa\u00f1eras que tengan una pala ancha (&#8230;) Al que le disguste la palabra \u2018Emerenciano\u2019 y no sea del barrio, que no entre. No me importa si es del Gobierno, si es del espacio, si est\u00e1 debajo de la tierra o lo que sea. Las palabras se quedan ah\u00ed. Y a la gente que no es del barrio d\u00edganle que no se puede meter. Si no le gusta la palabra \u2018Libertad Emerenciano\u2019 tienen que dejar su auto en la Avenida San Mart\u00edn, que no lo metan dentro del barrio porque si no las palas van a ser para romperles el vidrio\u201d, dice.<\/em><\/p>\n\n\n\n<p>Las directivas de Emerenciano Sena son concretas: pide apoyo para una movilizaci\u00f3n por su \u201clibertad\u201d. \u201cPrimero, no se olviden:&nbsp;<strong>el s\u00e1bado a la tarde y el domingo todo el d\u00eda tienen que pintar el muro&nbsp;<\/strong>porque el lunes y el martes van a ser las movilizaciones m\u00e1s grandes. Va a venir gente del interior y nosotros no podemos ir desarmados. Tenemos que dejar gente que cuide el barrio, con tres o cuatro alcanza, y el resto, aunque sea con silla de ruedas, con pata seca, con pata flaca, gorda, todo, porque no puede ser que haya\u2026 Eso va a ser lunes, martes y mi\u00e9rcoles,&nbsp;<strong>va a venir mucha gente del interior para movilizar por mi libertad y no puede ser que mis propios compa\u00f1eros sean, como hoy, ocho, nueve o diez no m\u00e1s en la calle<\/strong>. La fuerza, compa\u00f1eros, est\u00e1 en ustedes, no en m\u00ed, est\u00e1 en su esp\u00edritu y el esp\u00edritu de ustedes.&nbsp;<strong>Yo sigo confiando en ustedes, ustedes son mi salvaci\u00f3n<\/strong>\u201d, les dice.<\/p>\n\n\n\n<p>En otra parte de la conversaci\u00f3n, el dirigente los insta a \u201ctomar la autoridad\u201d. \u201c<strong>P\u00f3nganse la corona, p\u00f3nganse la armadura de soldado y manejen la batuta<\/strong>\u201d, pide. Y sigue: \u201cNo tienen que pelearse entre ustedes, peleen con los de afuera. Los de afuera quieren sacarle su nombre, su apellido, su historia, su identidad. Ustedes tienen que unir una sola palabra con o sin gente de afuera. Tienen que creer en Dios. No se olviden, no dejen de creer en Dios.&nbsp;<strong>Cualquier palabra que ustedes se dirijan entre ustedes y que vaya en contra de lo que estamos queriendo, que es la lucha por la liberaci\u00f3n, va en contra de lo que quiere Dios<\/strong>. Todos creemos en Dios. Hoy tengo les digo a ustedes que es lo m\u00e1s lindo que me pas\u00f3 desde que estoy preso. Me dejaron una Biblia y la estoy leyendo desde que se fueron las visitas. Casi me paso de largo, casi me olvido de que ten\u00eda que llamarlos. Y&nbsp;<strong>me voy a pasar todo el d\u00eda y toda la noche leyendo la Biblia<\/strong>, esperando que ustedes, compa\u00f1eros, ustedes, compa\u00f1eras, entiendan que la movilizaci\u00f3n hoy es la Biblia, es Dios, es la energ\u00eda y el compa\u00f1ero\u201d.<\/p>\n\n\n\n<p>\u201c<strong>Hagan lo que tienen que hacer, j\u00fantense todos, no se olviden que somos todos soldados<\/strong>. Hoy somos soldados de Dios. Odian tanto al barrio, que los odian a los del barrio y lo odian al que invent\u00f3 el barrio. Como yo cre\u00e9 ese barrio, como yo invent\u00e9 ese barrio ahora estoy preso por eso.&nbsp;<strong>Ay\u00fadenme a salir para seguir construyendo m\u00e1s barrios<\/strong>, m\u00e1s lugares, m\u00e1s cosas lindas, nos falta mucho por hacer, pero hace falta mucha unidad de ustedes\u201d, concluye.<\/p>\n","protected":false},"excerpt":{"rendered":"<p>\u201cNo se olviden: todos los compa\u00f1eros que est\u00e1n en la lista para la casa tienen que acompa\u00f1ar. El que no escribe \u2018Libertad Emerenciano\u2019 por el murito, por la chapa, por&hellip; <\/p>\n","protected":false},"author":1,"featured_media":72971,"comment_status":"closed","ping_status":"open","sticky":false,"template":"","format":"standard","meta":{"footnotes":""},"categories":[5],"tags":[],"class_list":["post-76488","post","type-post","status-publish","format-standard","has-post-thumbnail","hentry","category-crimen-y-justicia"],"_links":{"self":[{"href":"https:\/\/corrientesdetarde.com\/index.php\/wp-json\/wp\/v2\/posts\/76488","targetHints":{"allow":["GET"]}}],"collection":[{"href":"https:\/\/corrientesdetarde.com\/index.php\/wp-json\/wp\/v2\/posts"}],"about":[{"href":"https:\/\/corrientesdetarde.com\/index.php\/wp-json\/wp\/v2\/types\/post"}],"author":[{"embeddable":true,"href":"https:\/\/corrientesdetarde.com\/index.php\/wp-json\/wp\/v2\/users\/1"}],"replies":[{"embeddable":true,"href":"https:\/\/corrientesdetarde.com\/index.php\/wp-json\/wp\/v2\/comments?post=76488"}],"version-history":[{"count":1,"href":"https:\/\/corrientesdetarde.com\/index.php\/wp-json\/wp\/v2\/posts\/76488\/revisions"}],"predecessor-version":[{"id":76498,"href":"https:\/\/corrientesdetarde.com\/index.php\/wp-json\/wp\/v2\/posts\/76488\/revisions\/76498"}],"wp:featuredmedia":[{"embeddable":true,"href":"https:\/\/corrientesdetarde.com\/index.php\/wp-json\/wp\/v2\/media\/72971"}],"wp:attachment":[{"href":"https:\/\/corrientesdetarde.com\/index.php\/wp-json\/wp\/v2\/media?parent=76488"}],"wp:term":[{"taxonomy":"category","embeddable":true,"href":"https:\/\/corrientesdetarde.com\/index.php\/wp-json\/wp\/v2\/categories?post=76488"},{"taxonomy":"post_tag","embeddable":true,"href":"https:\/\/corrientesdetarde.com\/index.php\/wp-json\/wp\/v2\/tags?post=76488"}],"curies":[{"name":"wp","href":"https:\/\/api.w.org\/{rel}","templated":true}]}}