{"id":76489,"date":"2023-07-28T08:36:45","date_gmt":"2023-07-28T11:36:45","guid":{"rendered":"https:\/\/corrientesdetarde.com\/?p=76489"},"modified":"2023-07-28T08:36:49","modified_gmt":"2023-07-28T11:36:49","slug":"el-particular-detalle-correntino-que-tendra-el-proximo-baston-presidencial","status":"publish","type":"post","link":"https:\/\/corrientesdetarde.com\/index.php\/informacion-general\/el-particular-detalle-correntino-que-tendra-el-proximo-baston-presidencial\/","title":{"rendered":"El particular detalle correntino que tendr\u00e1 el pr\u00f3ximo bast\u00f3n presidencial"},"content":{"rendered":"\n<p>El pr\u00f3ximo bast\u00f3n de presidencial&nbsp;&nbsp;<strong>se realizar\u00e1 con la madera de Urunday, un \u00e1rbol de la provincia de Corrientes,&nbsp;&nbsp;<\/strong>inform\u00f3 este viernes la Universidad Nacional del Nordeste (Unne).<\/p>\n\n\n\n<p>El presitigioso orfebre Juan Carlos Pallarols recibir\u00e1 de manos del Decano Mario Urbani y profesionales de la Facultad de Ciencias Agrarias de la Unne,&nbsp;&nbsp;<strong>dos listones de madera de urunday obtenidas de un \u00e1rbol que creci\u00f3 en el parque de esa unidad acad\u00e9mica<\/strong>,&nbsp; para que sea utilizada en la elaboraci\u00f3n del Bast\u00f3n de Mando del pr\u00f3ximo Presidente de la Naci\u00f3n.<\/p>\n\n\n\n<p>El acto se realizar\u00e1 el pr\u00f3ximo 2 de agosto a las 9 en la sede de Ciencias Agrarias y contar\u00e1 con la presencia del Rector de la Unne, doctor Omar Larroza.<\/p>\n\n\n\n<p>La entrega de estos listones tiene un alta carga simb\u00f3lica, ya que adem\u00e1s de cumplirse 40 a\u00f1os del retorno a la democracia en la Argentina, la Facultad de Ciencias Agrarias conmemora sus 103 a\u00f1os de existencia.<\/p>\n\n\n\n<p>Juan Carlos Pallarols es un orfebre argentino de prestigio internacional que tiene a su cargo la confecci\u00f3n del Bast\u00f3n Presidencial Argentino desde el a\u00f1o 1983. Desde la presidencia del doctor Ra\u00fal Alfons\u00edn, los bastones presidenciales son hechos con la criolla y noble madera de urunday y el metal preferido es la plata.<\/p>\n\n\n<div class=\"wp-block-image\">\n<figure class=\"alignleft size-full is-resized\"><img loading=\"lazy\" decoding=\"async\" src=\"https:\/\/corrientesdetarde.com\/wp-content\/uploads\/2023\/07\/image-686.png\" alt=\"\" class=\"wp-image-76494\" width=\"393\" height=\"222\" srcset=\"https:\/\/corrientesdetarde.com\/wp-content\/uploads\/2023\/07\/image-686.png 642w, https:\/\/corrientesdetarde.com\/wp-content\/uploads\/2023\/07\/image-686-300x169.png 300w\" sizes=\"auto, (max-width: 393px) 100vw, 393px\" \/><\/figure>\n<\/div>\n\n\n<p><strong>Para la realizaci\u00f3n de los anteriores Bastones de Mando, Pallarols se vali\u00f3 de madera de urunday del bosque chaque\u00f1o, del bosque formose\u00f1o y de la selva misionera, en esta ocasi\u00f3n ser\u00e1 Corrientes<\/strong>&nbsp; quien tenga la oportunidad de aportar a la historia. La comunidad acad\u00e9mica de Ciencias Agrarias le da al hecho el valor especial de que la madera provenga de un \u00e1rbol de esa casa de estudios.<\/p>\n\n\n\n<p>\u201cComo ingenieros agr\u00f3nomos, celebramos al \u00e1rbol, como la m\u00e1xima expresi\u00f3n del reino vegetal y como el \u201ccimiento verde\u201d del parque que acompa\u00f1\u00f3 nuestra historia institucional, para que de ahora en m\u00e1s sea parte de la historia de la naci\u00f3n\u201d, expresa un comunicado de la unidad acad\u00e9mica.<\/p>\n","protected":false},"excerpt":{"rendered":"<p>El pr\u00f3ximo bast\u00f3n de presidencial&nbsp;&nbsp;se realizar\u00e1 con la madera de Urunday, un \u00e1rbol de la provincia de Corrientes,&nbsp;&nbsp;inform\u00f3 este viernes la Universidad Nacional del Nordeste (Unne). El presitigioso orfebre Juan&hellip; <\/p>\n","protected":false},"author":1,"featured_media":76493,"comment_status":"closed","ping_status":"open","sticky":false,"template":"","format":"standard","meta":{"footnotes":""},"categories":[1],"tags":[],"class_list":["post-76489","post","type-post","status-publish","format-standard","has-post-thumbnail","hentry","category-informacion-general"],"_links":{"self":[{"href":"https:\/\/corrientesdetarde.com\/index.php\/wp-json\/wp\/v2\/posts\/76489","targetHints":{"allow":["GET"]}}],"collection":[{"href":"https:\/\/corrientesdetarde.com\/index.php\/wp-json\/wp\/v2\/posts"}],"about":[{"href":"https:\/\/corrientesdetarde.com\/index.php\/wp-json\/wp\/v2\/types\/post"}],"author":[{"embeddable":true,"href":"https:\/\/corrientesdetarde.com\/index.php\/wp-json\/wp\/v2\/users\/1"}],"replies":[{"embeddable":true,"href":"https:\/\/corrientesdetarde.com\/index.php\/wp-json\/wp\/v2\/comments?post=76489"}],"version-history":[{"count":1,"href":"https:\/\/corrientesdetarde.com\/index.php\/wp-json\/wp\/v2\/posts\/76489\/revisions"}],"predecessor-version":[{"id":76495,"href":"https:\/\/corrientesdetarde.com\/index.php\/wp-json\/wp\/v2\/posts\/76489\/revisions\/76495"}],"wp:featuredmedia":[{"embeddable":true,"href":"https:\/\/corrientesdetarde.com\/index.php\/wp-json\/wp\/v2\/media\/76493"}],"wp:attachment":[{"href":"https:\/\/corrientesdetarde.com\/index.php\/wp-json\/wp\/v2\/media?parent=76489"}],"wp:term":[{"taxonomy":"category","embeddable":true,"href":"https:\/\/corrientesdetarde.com\/index.php\/wp-json\/wp\/v2\/categories?post=76489"},{"taxonomy":"post_tag","embeddable":true,"href":"https:\/\/corrientesdetarde.com\/index.php\/wp-json\/wp\/v2\/tags?post=76489"}],"curies":[{"name":"wp","href":"https:\/\/api.w.org\/{rel}","templated":true}]}}