{"id":76515,"date":"2023-07-28T10:55:27","date_gmt":"2023-07-28T13:55:27","guid":{"rendered":"https:\/\/corrientesdetarde.com\/?p=76515"},"modified":"2023-07-28T10:55:33","modified_gmt":"2023-07-28T13:55:33","slug":"rodriguez-larreta-vuelve-a-corrientes-para-conocer-yacyreta","status":"publish","type":"post","link":"https:\/\/corrientesdetarde.com\/index.php\/politica\/rodriguez-larreta-vuelve-a-corrientes-para-conocer-yacyreta\/","title":{"rendered":"Rodr\u00edguez Larreta vuelve a Corrientes para conocer Yacyret\u00e1"},"content":{"rendered":"\n<p>El jefe de Gobierno porte\u00f1o y pre candidato presidencial, Horacio Rodr\u00edguez Larreta, llegar\u00e1 a Corrientes este viernes 28. Se trata de otra visita como parte de su carrera a las primarias de agosto.<\/p>\n\n\n\n<p>Se espera que el dirigente de Juntos por el Cambio visite la ciudad de Ituzaing\u00f3 en horas de la siesta. All\u00ed lo esperar\u00e1 el gobernador Gustavo Vald\u00e9s.<\/p>\n\n\n\n<p>Ambos, junto con el intendente Juan Pablo Vald\u00e9s, recorrer\u00e1n las obras del puerto. Es posible que tambi\u00e9n visite la isla de Apip\u00e9 para interiorizar al pre candidato sobre el conflicto lim\u00edtrofe con Paraguay.<\/p>\n\n\n\n<p>Por otra parte, tambi\u00e9n recorrer\u00e1n la zona de la represa de Yacyret\u00e1. Fue un pedido que realiz\u00f3 en su anterior visita al a provincia cuando con Gerardo Morales dieron sus propuestas a los trabajadores.<\/p>\n\n\n\n<p>Est\u00e1 previsto adem\u00e1s que brinden una conferencia de prensa.<\/p>\n","protected":false},"excerpt":{"rendered":"<p>El jefe de Gobierno porte\u00f1o y pre candidato presidencial, Horacio Rodr\u00edguez Larreta, llegar\u00e1 a Corrientes este viernes 28. Se trata de otra visita como parte de su carrera a las&hellip; <\/p>\n","protected":false},"author":1,"featured_media":76527,"comment_status":"closed","ping_status":"open","sticky":false,"template":"","format":"standard","meta":{"footnotes":""},"categories":[3],"tags":[],"class_list":["post-76515","post","type-post","status-publish","format-standard","has-post-thumbnail","hentry","category-politica"],"_links":{"self":[{"href":"https:\/\/corrientesdetarde.com\/index.php\/wp-json\/wp\/v2\/posts\/76515","targetHints":{"allow":["GET"]}}],"collection":[{"href":"https:\/\/corrientesdetarde.com\/index.php\/wp-json\/wp\/v2\/posts"}],"about":[{"href":"https:\/\/corrientesdetarde.com\/index.php\/wp-json\/wp\/v2\/types\/post"}],"author":[{"embeddable":true,"href":"https:\/\/corrientesdetarde.com\/index.php\/wp-json\/wp\/v2\/users\/1"}],"replies":[{"embeddable":true,"href":"https:\/\/corrientesdetarde.com\/index.php\/wp-json\/wp\/v2\/comments?post=76515"}],"version-history":[{"count":1,"href":"https:\/\/corrientesdetarde.com\/index.php\/wp-json\/wp\/v2\/posts\/76515\/revisions"}],"predecessor-version":[{"id":76528,"href":"https:\/\/corrientesdetarde.com\/index.php\/wp-json\/wp\/v2\/posts\/76515\/revisions\/76528"}],"wp:featuredmedia":[{"embeddable":true,"href":"https:\/\/corrientesdetarde.com\/index.php\/wp-json\/wp\/v2\/media\/76527"}],"wp:attachment":[{"href":"https:\/\/corrientesdetarde.com\/index.php\/wp-json\/wp\/v2\/media?parent=76515"}],"wp:term":[{"taxonomy":"category","embeddable":true,"href":"https:\/\/corrientesdetarde.com\/index.php\/wp-json\/wp\/v2\/categories?post=76515"},{"taxonomy":"post_tag","embeddable":true,"href":"https:\/\/corrientesdetarde.com\/index.php\/wp-json\/wp\/v2\/tags?post=76515"}],"curies":[{"name":"wp","href":"https:\/\/api.w.org\/{rel}","templated":true}]}}