{"id":76516,"date":"2023-07-28T10:51:24","date_gmt":"2023-07-28T13:51:24","guid":{"rendered":"https:\/\/corrientesdetarde.com\/?p=76516"},"modified":"2023-07-28T10:51:36","modified_gmt":"2023-07-28T13:51:36","slug":"dieron-el-alta-medica-al-chico-agredido-y-baleado-en-sauce","status":"publish","type":"post","link":"https:\/\/corrientesdetarde.com\/index.php\/policiales\/dieron-el-alta-medica-al-chico-agredido-y-baleado-en-sauce\/","title":{"rendered":"Dieron el alta m\u00e9dica al chico agredido y baleado en Sauce"},"content":{"rendered":"\n<p>Lautaro quien permanec\u00eda internado en el Hospital de Curuz\u00fa Cuati\u00e1, recibi\u00f3 ayer el alta m\u00e9dica luego de haber salvajemente agredido y baleado por un grupo de j\u00f3venes a la salida de un boliche de la ciudad de Sauce. Marina Fanega, madre de la v\u00edctima, coment\u00f3 que su hijo fue dado de alta del Hospital Irastorza, donde estaba internado, y se encuentra en la casa de sus abuelos, pero sigue bajo control m\u00e9dico y se le extrajo el proyectil que ten\u00eda en una de sus piernas. En este marco, denunci\u00f3 que \u201cest\u00e1 con mucho miedo porque los agresores viven ac\u00e1 a media cuadra y siguen manej\u00e1ndose como si nada hubiera ocurrido, no est\u00e1n detenidos y hasta ayer nosotros estuvimos con custodia policial\u201d. Explic\u00f3 que su hijo \u201cno perdi\u00f3 la conciencia durante el ataque y vio quienes eran cada uno de ellos\u201d. Reclam\u00f3 porque los efectivos que realizaron la custodia no intervinieron. Asimismo, reclam\u00f3 porque el joven no fue atendido en el Hospital de Sauce \u00a0y habl\u00f3 de \u201cnegligencia\u201d por parte de los profesionales de la salud. \u201cCuando le dan la derivaci\u00f3n por la herida de arma de fuego hacia el hospital Irastorza de Curuz\u00fa Cuati\u00e1, reci\u00e9n all\u00ed la fiscal\u00eda, a trav\u00e9s de la polic\u00eda hicieron todas las diligencias que corresponden ante un hecho as\u00ed\u201d dijo Marina. Por el momento en la causa no hay personas detenidas.<\/p>\n","protected":false},"excerpt":{"rendered":"<p>Lautaro quien permanec\u00eda internado en el Hospital de Curuz\u00fa Cuati\u00e1, recibi\u00f3 ayer el alta m\u00e9dica luego de haber salvajemente agredido y baleado por un grupo de j\u00f3venes a la salida&hellip; <\/p>\n","protected":false},"author":1,"featured_media":76525,"comment_status":"closed","ping_status":"open","sticky":false,"template":"","format":"standard","meta":{"footnotes":""},"categories":[33],"tags":[],"class_list":["post-76516","post","type-post","status-publish","format-standard","has-post-thumbnail","hentry","category-policiales"],"_links":{"self":[{"href":"https:\/\/corrientesdetarde.com\/index.php\/wp-json\/wp\/v2\/posts\/76516","targetHints":{"allow":["GET"]}}],"collection":[{"href":"https:\/\/corrientesdetarde.com\/index.php\/wp-json\/wp\/v2\/posts"}],"about":[{"href":"https:\/\/corrientesdetarde.com\/index.php\/wp-json\/wp\/v2\/types\/post"}],"author":[{"embeddable":true,"href":"https:\/\/corrientesdetarde.com\/index.php\/wp-json\/wp\/v2\/users\/1"}],"replies":[{"embeddable":true,"href":"https:\/\/corrientesdetarde.com\/index.php\/wp-json\/wp\/v2\/comments?post=76516"}],"version-history":[{"count":1,"href":"https:\/\/corrientesdetarde.com\/index.php\/wp-json\/wp\/v2\/posts\/76516\/revisions"}],"predecessor-version":[{"id":76526,"href":"https:\/\/corrientesdetarde.com\/index.php\/wp-json\/wp\/v2\/posts\/76516\/revisions\/76526"}],"wp:featuredmedia":[{"embeddable":true,"href":"https:\/\/corrientesdetarde.com\/index.php\/wp-json\/wp\/v2\/media\/76525"}],"wp:attachment":[{"href":"https:\/\/corrientesdetarde.com\/index.php\/wp-json\/wp\/v2\/media?parent=76516"}],"wp:term":[{"taxonomy":"category","embeddable":true,"href":"https:\/\/corrientesdetarde.com\/index.php\/wp-json\/wp\/v2\/categories?post=76516"},{"taxonomy":"post_tag","embeddable":true,"href":"https:\/\/corrientesdetarde.com\/index.php\/wp-json\/wp\/v2\/tags?post=76516"}],"curies":[{"name":"wp","href":"https:\/\/api.w.org\/{rel}","templated":true}]}}