{"id":76518,"date":"2023-07-28T11:35:06","date_gmt":"2023-07-28T14:35:06","guid":{"rendered":"https:\/\/corrientesdetarde.com\/?p=76518"},"modified":"2023-07-28T11:37:45","modified_gmt":"2023-07-28T14:37:45","slug":"la-fundacion-sembrar-que-coordina-el-festival-contame-y-mostrame","status":"publish","type":"post","link":"https:\/\/corrientesdetarde.com\/index.php\/cultura\/la-fundacion-sembrar-que-coordina-el-festival-contame-y-mostrame\/","title":{"rendered":"La Fundaci\u00f3n SEMBRAR que coordina el festival \u201cContame y mostrame\u201d"},"content":{"rendered":"\n<p>La Fundaci\u00f3n SEMBRAR que coordina el festival \u201c<em><strong>Contame y mostrame<\/strong><\/em>\u201d, proyecto seleccionado por el Ministerio de Cultura de la Naci\u00f3n con su programa Festivales Argentinos, inicia el mismo este <strong>DOMINGO 30 a las 19:00 hs.<\/strong> en Radio Caf\u00e9, sito en 9 de julio 1632 en la ciudad de Corrientes, con un espect\u00e1culo de cuentos, con acompa\u00f1amiento de m\u00fasica y la traducci\u00f3n al guaran\u00ed de una historia con nuestro invitado Avelino Nu\u00f1ez.<\/p>\n\n\n\n<p>Este festival tiene como objetivo llevar arte a espacios no convencionales, como el de Espacio Caf\u00e9 Corrientes que es una radio\/espacio cultural, este ser\u00e1&nbsp; abierto y libre,&nbsp; tambi\u00e9n llevar\u00e1n cuentos y teatro a la &nbsp; Escuela N\u00b0 353 Felix Mar\u00eda G\u00f3mez del barrio 1000 viviendas , y otra del centro de la ciudad, tambi\u00e9n en la Escuela Especial N\u00b0 20 de irregulares motores y en el Centro de rehabilitaci\u00f3n visual Valentin Hauy que son espect\u00e1culos cerrados, quiere decir solo para&nbsp; la instituci\u00f3n&nbsp; adem\u00e1s se impartir\u00e1 un taller de escritura creativa con la Prof. Silvina Mariel Ram\u00edrez y Natanael Jorge Jes\u00fas Mealla que ser\u00e1 para todo p\u00fablico.<\/p>\n\n\n\n\r\n\t<div class=\"msacwl-slider-wrap msacwl-row-clearfix \" data-conf=\"{&quot;autoplay&quot;:&quot;true&quot;,&quot;autoplay_speed&quot;:3000,&quot;speed&quot;:300,&quot;arrows&quot;:&quot;true&quot;,&quot;dots&quot;:&quot;true&quot;,&quot;lazyload&quot;:&quot;&quot;}\">\r\n\t\t<div id=\"msacwl-slider-1\" class=\"msacwl-slider msacwl-common-slider msacwl-slider-popup\">\r\n\t\t\t\t\t\t<div class=\"msacwl-slide\" data-item-index=\"1\" >\r\n\t\t\t\t<a class=\"msacwl-img-link\" href=\"javascript:void(0);\" data-mfp-src=\"https:\/\/corrientesdetarde.com\/wp-content\/uploads\/2023\/07\/IMG-20230725-WA0068-scaled.jpg\">\r\n\t\t\t\t\t<img decoding=\"async\" class=\"msacwl-img\" src=\"https:\/\/corrientesdetarde.com\/wp-content\/uploads\/2023\/07\/IMG-20230725-WA0068-scaled.jpg\"  data-title=\"\" alt=\"\" \/>\r\n\t\t\t\t<\/a>\r\n\t\t\t\t\t\t\t\t\t<div class=\"msacwl-gallery-caption\">\r\n\t\t\t\t\t\t\t\t\t\t\t\t\t<span class=\"image_title\"><\/span>\r\n\t\t\t\t\t\t\t\t\t\t\t\t\t<span><\/span>\r\n\t\t\t\t\t\t \t\t\t\t\t<\/div>\r\n\t\t\t\t\t\t\t<\/div>\r\n\t\t\t\t\t\t<div class=\"msacwl-slide\" data-item-index=\"2\" >\r\n\t\t\t\t<a class=\"msacwl-img-link\" href=\"javascript:void(0);\" data-mfp-src=\"https:\/\/corrientesdetarde.com\/wp-content\/uploads\/2023\/07\/IMG-20230725-WA0070-scaled.jpg\">\r\n\t\t\t\t\t<img decoding=\"async\" class=\"msacwl-img\" src=\"https:\/\/corrientesdetarde.com\/wp-content\/uploads\/2023\/07\/IMG-20230725-WA0070-scaled.jpg\"  data-title=\"\" alt=\"\" \/>\r\n\t\t\t\t<\/a>\r\n\t\t\t\t\t\t\t\t\t<div class=\"msacwl-gallery-caption\">\r\n\t\t\t\t\t\t\t\t\t\t\t\t\t<span class=\"image_title\"><\/span>\r\n\t\t\t\t\t\t\t\t\t\t\t\t\t<span><\/span>\r\n\t\t\t\t\t\t \t\t\t\t\t<\/div>\r\n\t\t\t\t\t\t\t<\/div>\r\n\t\t\t\t\t<\/div>\r\n\t<\/div>\r\n\r\n\t\n\n\n\n<p>Todos los artistas son de la ciudad de Corrientes, algunos son integrantes del taller \u201c<em>Te cuento un cuento<\/em>\u201d.<\/p>\n\n\n\n<p><strong>Contacto 3794246807&nbsp;<\/strong><\/p>\n\n\n\n<p><strong>Mar\u00cda Silvia Pozo<\/strong><\/p>\n","protected":false},"excerpt":{"rendered":"<p>La Fundaci\u00f3n SEMBRAR que coordina el festival \u201cContame y mostrame\u201d, proyecto seleccionado por el Ministerio de Cultura de la Naci\u00f3n con su programa Festivales Argentinos, inicia el mismo este DOMINGO&hellip; <\/p>\n","protected":false},"author":1,"featured_media":76535,"comment_status":"closed","ping_status":"open","sticky":false,"template":"","format":"standard","meta":{"footnotes":""},"categories":[15,22],"tags":[],"class_list":["post-76518","post","type-post","status-publish","format-standard","has-post-thumbnail","hentry","category-cultura","category-eventos"],"_links":{"self":[{"href":"https:\/\/corrientesdetarde.com\/index.php\/wp-json\/wp\/v2\/posts\/76518","targetHints":{"allow":["GET"]}}],"collection":[{"href":"https:\/\/corrientesdetarde.com\/index.php\/wp-json\/wp\/v2\/posts"}],"about":[{"href":"https:\/\/corrientesdetarde.com\/index.php\/wp-json\/wp\/v2\/types\/post"}],"author":[{"embeddable":true,"href":"https:\/\/corrientesdetarde.com\/index.php\/wp-json\/wp\/v2\/users\/1"}],"replies":[{"embeddable":true,"href":"https:\/\/corrientesdetarde.com\/index.php\/wp-json\/wp\/v2\/comments?post=76518"}],"version-history":[{"count":2,"href":"https:\/\/corrientesdetarde.com\/index.php\/wp-json\/wp\/v2\/posts\/76518\/revisions"}],"predecessor-version":[{"id":76534,"href":"https:\/\/corrientesdetarde.com\/index.php\/wp-json\/wp\/v2\/posts\/76518\/revisions\/76534"}],"wp:featuredmedia":[{"embeddable":true,"href":"https:\/\/corrientesdetarde.com\/index.php\/wp-json\/wp\/v2\/media\/76535"}],"wp:attachment":[{"href":"https:\/\/corrientesdetarde.com\/index.php\/wp-json\/wp\/v2\/media?parent=76518"}],"wp:term":[{"taxonomy":"category","embeddable":true,"href":"https:\/\/corrientesdetarde.com\/index.php\/wp-json\/wp\/v2\/categories?post=76518"},{"taxonomy":"post_tag","embeddable":true,"href":"https:\/\/corrientesdetarde.com\/index.php\/wp-json\/wp\/v2\/tags?post=76518"}],"curies":[{"name":"wp","href":"https:\/\/api.w.org\/{rel}","templated":true}]}}