{"id":76536,"date":"2023-07-28T11:49:01","date_gmt":"2023-07-28T14:49:01","guid":{"rendered":"https:\/\/corrientesdetarde.com\/?p=76536"},"modified":"2023-07-28T11:49:13","modified_gmt":"2023-07-28T14:49:13","slug":"se-celebra-hoy-por-primera-vez-el-dia-del-escritor-correntino","status":"publish","type":"post","link":"https:\/\/corrientesdetarde.com\/index.php\/cultura\/se-celebra-hoy-por-primera-vez-el-dia-del-escritor-correntino\/","title":{"rendered":"Se celebra hoy por primera vez el D\u00eda del Escritor Correntino"},"content":{"rendered":"\n<p>Ca\u00e1 Cat\u00ed, la Cuna de los Poetas celebrar\u00e1 por primera vez el D\u00eda del Escritor Correntino, establecido por Ley de la Legislatura provincial, en honor al natalicio del poeta caacatie\u00f1o David Mart\u00ednez.<\/p>\n\n\n\n<p>Las actividades, en torno a la celebraci\u00f3n, se realizar\u00e1n durante todo este viernes 28, desde las 11.<\/p>\n\n\n\n<p>Este a\u00f1o ser\u00e1 la primera ocasi\u00f3n en la que celebrar\u00e1 el D\u00eda del Escritor Correntino, que se estableci\u00f3 en honor a la fecha del nacimiento del poeta nacido en esta localidad, David Mart\u00ednez. En septiembre de 2022, la C\u00e1mara de Diputados de la Provincia sancion\u00f3 la Ley N\u00ba 6.613 que instaura a ese d\u00eda como el D\u00eda del Escritor en Corrientes.<\/p>\n\n\n\n<p><\/p>\n","protected":false},"excerpt":{"rendered":"<p>Ca\u00e1 Cat\u00ed, la Cuna de los Poetas celebrar\u00e1 por primera vez el D\u00eda del Escritor Correntino, establecido por Ley de la Legislatura provincial, en honor al natalicio del poeta caacatie\u00f1o&hellip; <\/p>\n","protected":false},"author":1,"featured_media":76537,"comment_status":"closed","ping_status":"open","sticky":false,"template":"","format":"standard","meta":{"footnotes":""},"categories":[15,22],"tags":[],"class_list":["post-76536","post","type-post","status-publish","format-standard","has-post-thumbnail","hentry","category-cultura","category-eventos"],"_links":{"self":[{"href":"https:\/\/corrientesdetarde.com\/index.php\/wp-json\/wp\/v2\/posts\/76536","targetHints":{"allow":["GET"]}}],"collection":[{"href":"https:\/\/corrientesdetarde.com\/index.php\/wp-json\/wp\/v2\/posts"}],"about":[{"href":"https:\/\/corrientesdetarde.com\/index.php\/wp-json\/wp\/v2\/types\/post"}],"author":[{"embeddable":true,"href":"https:\/\/corrientesdetarde.com\/index.php\/wp-json\/wp\/v2\/users\/1"}],"replies":[{"embeddable":true,"href":"https:\/\/corrientesdetarde.com\/index.php\/wp-json\/wp\/v2\/comments?post=76536"}],"version-history":[{"count":1,"href":"https:\/\/corrientesdetarde.com\/index.php\/wp-json\/wp\/v2\/posts\/76536\/revisions"}],"predecessor-version":[{"id":76538,"href":"https:\/\/corrientesdetarde.com\/index.php\/wp-json\/wp\/v2\/posts\/76536\/revisions\/76538"}],"wp:featuredmedia":[{"embeddable":true,"href":"https:\/\/corrientesdetarde.com\/index.php\/wp-json\/wp\/v2\/media\/76537"}],"wp:attachment":[{"href":"https:\/\/corrientesdetarde.com\/index.php\/wp-json\/wp\/v2\/media?parent=76536"}],"wp:term":[{"taxonomy":"category","embeddable":true,"href":"https:\/\/corrientesdetarde.com\/index.php\/wp-json\/wp\/v2\/categories?post=76536"},{"taxonomy":"post_tag","embeddable":true,"href":"https:\/\/corrientesdetarde.com\/index.php\/wp-json\/wp\/v2\/tags?post=76536"}],"curies":[{"name":"wp","href":"https:\/\/api.w.org\/{rel}","templated":true}]}}