{"id":76539,"date":"2023-07-28T12:40:00","date_gmt":"2023-07-28T15:40:00","guid":{"rendered":"https:\/\/corrientesdetarde.com\/?p=76539"},"modified":"2023-07-28T12:40:06","modified_gmt":"2023-07-28T15:40:06","slug":"corrientes-muestra-sus-potencialidades-en-la-135o-exposicion-rural-de-palermo","status":"publish","type":"post","link":"https:\/\/corrientesdetarde.com\/index.php\/eventos\/corrientes-muestra-sus-potencialidades-en-la-135o-exposicion-rural-de-palermo\/","title":{"rendered":"Corrientes muestra sus potencialidades en la 135\u00ba Exposici\u00f3n Rural de Palermo"},"content":{"rendered":"\n<p><\/p>\n\n\n\n<p>El ministro de Producci\u00f3n, Claudio Anselmo, destac\u00f3 la participaci\u00f3n de Corrientes en el \u00e1rea ganadera con grandes campeones correntinos y la gran afluencia de gente que tiene todos los d\u00edas el &nbsp;Stand N\u00b022 Institucional del Gobierno de Corrientes, en la 135\u00b0 Exposici\u00f3n de Ganader\u00eda, Agricultura e Industria Internacional en la Sociedad Rural de Palermo.<\/p>\n\n\n\n<p>Tambi\u00e9n, la Provincia da a conocer en la muestra las potencialidades del sector industrial, con stands del sello Hecho en Corrientes y otro orientado a los emprendedores, adem\u00e1s de un espacio destinado al rubro tur\u00edstico.<\/p>\n\n\n\n<p>&nbsp;\u201cEstamos atravesando una Exposici\u00f3n Rural muy importante que bati\u00f3 todos los records de los \u00faltimos a\u00f1os, y en el stand de la provincia es una gran vidriera de todo lo que ofrecemos, no s\u00f3lo en el aspecto productivo y sus distintas cadenas, sino con lo que tiene que ver con la cultura, tradiciones, costumbres, y turismo que concierne a Corrientes\u201d, indic\u00f3 a manera de introducci\u00f3n Anselmo,<\/p>\n\n\n\n<p>Asimismo, el ministro destac\u00f3 que la idea principal es \u201cpoder mostrar todas las principales cadenas productivas, trajimos los m\u00e1s destacados productos que Corrientes aporta al pa\u00eds, sobre todo de industria, alimentos, c\u00edtricos, frutales, hortalizas, pimientos, y todo lo vinculado a los planes como el Plan Lim\u00f3n, Palta, Nuez Pecan, y lo referido a la Foresto Industria\u201d.<\/p>\n\n\n\n<p>\u201cExpusimos videos que explican el proceso actual, que nos muestra como la primera provincia forestal, arrocera en producci\u00f3n y exportaci\u00f3n, y seguimos teniendo el tercer rodeo ganadero de la Argentina con cerca de 5 millones de cabeza, a pesar de lo que fue el golpe de estos \u00faltimos a\u00f1os de sequ\u00eda\u201d, declar\u00f3 Anselmo.<\/p>\n\n\n\n<p>Por otra parte, el ministro precis\u00f3 que este a\u00f1o expusieron los resultados del proyecto de Ca\u00e1 Cannabis que \u201ctiene muchas consultas, aunque no exhibimos el producto, pero explicamos sobre los avances que tuvimos en exactamente un a\u00f1o\u201d.<\/p>\n\n\n\n<p>Adem\u00e1s, Anselmo subray\u00f3 que \u201cya tuvimos 10 cosechas, una cosecha por mes, ya tuvimos la obra del laboratorio piloto, y si todo se cumple en unos meses vamos a estar elaborando en mayor escala el aceite medicinal de Cannabis de CBD Full Spectrum, que va a ser el primer producto que va a largar la provincia de Corrientes\u201d.<\/p>\n\n\n\n<p>Por \u00faltimo, el jefe de la cartera de Producci\u00f3n inform\u00f3 que en la jura de campeones participaron diferentes establecimientos de la Provincia, que han logrado ser premiados \u201cen varias razas, que tienen caba\u00f1as en Corrientes, con razas en Braford y Brangus, que son las m\u00e1s destacadas\u201d.<\/p>\n\n\n\n<p>\u201cEstamos muy satisfecho del gran desempe\u00f1o de la ganader\u00eda correntina que muestra el potencial que tenemos para la gen\u00e9tica de alto nivel\u201d, finaliz\u00f3 Claudio Anselmo.<\/p>\n\n\n\n<figure class=\"wp-block-image size-large\"><img loading=\"lazy\" decoding=\"async\" width=\"1024\" height=\"696\" src=\"https:\/\/corrientesdetarde.com\/wp-content\/uploads\/2023\/07\/image-690-1024x696.png\" alt=\"\" class=\"wp-image-76544\" srcset=\"https:\/\/corrientesdetarde.com\/wp-content\/uploads\/2023\/07\/image-690-1024x696.png 1024w, https:\/\/corrientesdetarde.com\/wp-content\/uploads\/2023\/07\/image-690-300x204.png 300w, https:\/\/corrientesdetarde.com\/wp-content\/uploads\/2023\/07\/image-690-768x522.png 768w, https:\/\/corrientesdetarde.com\/wp-content\/uploads\/2023\/07\/image-690.png 1101w\" sizes=\"auto, (max-width: 1024px) 100vw, 1024px\" \/><\/figure>\n\n\n\n<p><strong>La industria de Corrientes tambi\u00e9n exhibe sus bondades<\/strong><\/p>\n\n\n\n<p>Alejandro Minigozi, director de Industria de Corrientes puso de relieve que el stand de la Provincia ha superado todas las expectativas en cuanto a la afluencia de p\u00fablico, lo que significa ser parte de una vidriera de Corrientes al pa\u00eds y al mundo para dar a conocer el potencial productivo, industrial y tur\u00edstico, entre otros.<\/p>\n\n\n\n<p>\u201cEs fundamental poder difundir y dar a conocer todo lo que est\u00e1 haciendo Corrientes en materia de crecimiento y desarrollo\u201d, se\u00f1al\u00f3 el funcionario de la cartera de Industria, resaltando que el sector denominado \u201cHecho en Corrientes\u201d, s\u00edmbolo del sello correntino, est\u00e1 destinado a promocionar el trabajo de los emprendedores.<\/p>\n\n\n\n<p>\u201cEs muy importante y valioso que los emprendedores de Corrientes est\u00e9n en la Rural, exhibiendo sus trabajos que son de gran calidad y nivel. Esta exposici\u00f3n les asegura \u00e9xito en las ventas de sus productos\u201d, puntualiz\u00f3 Minigozi, dejando en claro adem\u00e1s que en el rubro tur\u00edstico, la gente se acerca a conocer sobre las bondades que tiene Corrientes para ofrecer en ese rubro, con especial \u00e9nfasis en los Esteros del Iber\u00e1.<\/p>\n\n\n\n<p>A su vez, Corrientes tambi\u00e9n presenta en la Rural un espacio destinado a promocionar y difundir lo que viene realizando en materia de desarrollo de los Parques Industriales, resalt\u00e1ndose que son 18 los que actualmente se est\u00e1n motorizando en distintos puntos de la Provincia.<\/p>\n\n\n\n<p>En este sentido, Minigozi coment\u00f3 que es vital la tarea de difusi\u00f3n hacia el sector privado y empresario, respecto a los beneficios que otorga la Provincia para la radicaci\u00f3n en los Parques Industriales, fundamentalmente en materia impositiva y de seguridad jur\u00eddica. \u201cApuntamos a que las empresas se sumen a nuestros Parques Industriales, ofreciendo condiciones ventajosas de radicaci\u00f3n, para que puedan trabajar y desarrollarse en un marco de tranquilidad y armon\u00eda, generando de obra y trabajo genuino para los correntinos\u201d.<\/p>\n\n\n\n<figure class=\"wp-block-image size-large\"><img loading=\"lazy\" decoding=\"async\" width=\"1024\" height=\"645\" src=\"https:\/\/corrientesdetarde.com\/wp-content\/uploads\/2023\/07\/image-691-1024x645.png\" alt=\"\" class=\"wp-image-76546\" srcset=\"https:\/\/corrientesdetarde.com\/wp-content\/uploads\/2023\/07\/image-691-1024x645.png 1024w, https:\/\/corrientesdetarde.com\/wp-content\/uploads\/2023\/07\/image-691-300x189.png 300w, https:\/\/corrientesdetarde.com\/wp-content\/uploads\/2023\/07\/image-691-768x484.png 768w, https:\/\/corrientesdetarde.com\/wp-content\/uploads\/2023\/07\/image-691.png 1190w\" sizes=\"auto, (max-width: 1024px) 100vw, 1024px\" \/><\/figure>\n\n\n\n<p>Cabe recordarse que el gobernador Gustavo Vald\u00e9s visit\u00f3 el mi\u00e9rcoles pasado en la Rural de Palermo el &nbsp;stand de la provincia de Corrientes junto al ex ministro de Agricultura Luis Miguel Etchevehere, quien tambi\u00e9n presidi\u00f3 la Sociedad Rural Argentina.<\/p>\n\n\n\n<p>En dicha oportunidad, el Mandatario manifest\u00f3 que la exposici\u00f3n es un \u00e9xito y una \u201cbuena oportunidad para seguir visibilizando el trabajo de nuestros artesanos, emprendedores, posicionar el turismo y exhibir nuestro potencial productivo\u201d.<\/p>\n\n\n\n<p>La Exposici\u00f3n Rural de Palermo tendr\u00e1 su jornada de cierre este domingo 30 de julio, siendo un evento que a lo largo de los a\u00f1os se convirti\u00f3 en el \u00e1mbito de negocios m\u00e1s trascendente de la comunidad agroindustrial, punto de encuentro de productores, contratistas, empresarios, profesionales, estudiantes y t\u00e9cnicos de la Argentina y el mundo.<\/p>\n\n\n\n<p>Los visitantes encuentran en la muestra distintas actividades dirigidas a todos los p\u00fablicos. Es el evento m\u00e1s representativo y tradicional del pa\u00eds y brinda un excelente posicionamiento de marca para las empresas que participan.<\/p>\n\n\n\n<p>La muestra est\u00e1 abierta al p\u00fablico de 9 a 20 horas, en el predio de La Rural, de Palermo.<\/p>\n\n\n\n<figure class=\"wp-block-image size-large\"><img loading=\"lazy\" decoding=\"async\" width=\"1024\" height=\"582\" src=\"https:\/\/corrientesdetarde.com\/wp-content\/uploads\/2023\/07\/image-692-1024x582.png\" alt=\"\" class=\"wp-image-76547\" srcset=\"https:\/\/corrientesdetarde.com\/wp-content\/uploads\/2023\/07\/image-692-1024x582.png 1024w, https:\/\/corrientesdetarde.com\/wp-content\/uploads\/2023\/07\/image-692-300x171.png 300w, https:\/\/corrientesdetarde.com\/wp-content\/uploads\/2023\/07\/image-692-768x437.png 768w, https:\/\/corrientesdetarde.com\/wp-content\/uploads\/2023\/07\/image-692.png 1155w\" sizes=\"auto, (max-width: 1024px) 100vw, 1024px\" \/><\/figure>\n","protected":false},"excerpt":{"rendered":"<p>El ministro de Producci\u00f3n, Claudio Anselmo, destac\u00f3 la participaci\u00f3n de Corrientes en el \u00e1rea ganadera con grandes campeones correntinos y la gran afluencia de gente que tiene todos los d\u00edas&hellip; <\/p>\n","protected":false},"author":1,"featured_media":76545,"comment_status":"closed","ping_status":"open","sticky":false,"template":"","format":"standard","meta":{"footnotes":""},"categories":[22],"tags":[],"class_list":["post-76539","post","type-post","status-publish","format-standard","has-post-thumbnail","hentry","category-eventos"],"_links":{"self":[{"href":"https:\/\/corrientesdetarde.com\/index.php\/wp-json\/wp\/v2\/posts\/76539","targetHints":{"allow":["GET"]}}],"collection":[{"href":"https:\/\/corrientesdetarde.com\/index.php\/wp-json\/wp\/v2\/posts"}],"about":[{"href":"https:\/\/corrientesdetarde.com\/index.php\/wp-json\/wp\/v2\/types\/post"}],"author":[{"embeddable":true,"href":"https:\/\/corrientesdetarde.com\/index.php\/wp-json\/wp\/v2\/users\/1"}],"replies":[{"embeddable":true,"href":"https:\/\/corrientesdetarde.com\/index.php\/wp-json\/wp\/v2\/comments?post=76539"}],"version-history":[{"count":1,"href":"https:\/\/corrientesdetarde.com\/index.php\/wp-json\/wp\/v2\/posts\/76539\/revisions"}],"predecessor-version":[{"id":76548,"href":"https:\/\/corrientesdetarde.com\/index.php\/wp-json\/wp\/v2\/posts\/76539\/revisions\/76548"}],"wp:featuredmedia":[{"embeddable":true,"href":"https:\/\/corrientesdetarde.com\/index.php\/wp-json\/wp\/v2\/media\/76545"}],"wp:attachment":[{"href":"https:\/\/corrientesdetarde.com\/index.php\/wp-json\/wp\/v2\/media?parent=76539"}],"wp:term":[{"taxonomy":"category","embeddable":true,"href":"https:\/\/corrientesdetarde.com\/index.php\/wp-json\/wp\/v2\/categories?post=76539"},{"taxonomy":"post_tag","embeddable":true,"href":"https:\/\/corrientesdetarde.com\/index.php\/wp-json\/wp\/v2\/tags?post=76539"}],"curies":[{"name":"wp","href":"https:\/\/api.w.org\/{rel}","templated":true}]}}