{"id":76541,"date":"2023-07-28T12:43:31","date_gmt":"2023-07-28T15:43:31","guid":{"rendered":"https:\/\/corrientesdetarde.com\/?p=76541"},"modified":"2023-07-28T12:43:43","modified_gmt":"2023-07-28T15:43:43","slug":"corrientes-vibro-con-el-1er-festival-nea-guazu","status":"publish","type":"post","link":"https:\/\/corrientesdetarde.com\/index.php\/cultura\/corrientes-vibro-con-el-1er-festival-nea-guazu\/","title":{"rendered":"<strong>Corrientes vibr\u00f3 con el 1er Festival NEA Guaz\u00fa<\/strong>"},"content":{"rendered":"\n<p><em>El encuentro del que participaron artistas y m\u00fasicos de toda la regi\u00f3n y del Paraguay se desarroll\u00f3 con gran \u00e9xito el pasado jueves por la noche en la sala teatro y patio cultural del Espacio Mari\u00f1o.<\/em><\/p>\n\n\n\n<p>La Ciudad recibi\u00f3 con gran \u00e9xito a artistas y m\u00fasicos de Chaco, Formosa, Misiones y de Paraguay que participaron del 1er. Festival NEA Guaz\u00fa que se llev\u00f3 adelante este jueves por la noche en la sala teatro y patio cultural del Espacio Mari\u00f1o.<br><br>El subsecretario de Desarrollo y Producci\u00f3n Cultural de la secretar\u00eda de Cultura y Educaci\u00f3n Municipal, Federico Maceri, se\u00f1al\u00f3 que \u201c\u00e9ste gran festival surgi\u00f3 por iniciativa de artistas, productores, gestores y espacios culturales de toda la regi\u00f3n\u201d.<\/p>\n\n\n\n<figure class=\"wp-block-embed is-type-video is-provider-youtube wp-block-embed-youtube wp-embed-aspect-16-9 wp-has-aspect-ratio\"><div class=\"wp-block-embed__wrapper\">\n<iframe loading=\"lazy\" title=\"Primer Festival Nea Guaz\u00fa\" width=\"1110\" height=\"624\" src=\"https:\/\/www.youtube.com\/embed\/kGzxAJbM6kM?feature=oembed\" frameborder=\"0\" allow=\"accelerometer; autoplay; clipboard-write; encrypted-media; gyroscope; picture-in-picture; web-share\" allowfullscreen><\/iframe>\n<\/div><\/figure>\n\n\n\n<p><br><br>El funcionario indic\u00f3 que \u201cel objetivo del festival fue visibilizar, fomentar, incentivar y generar m\u00e1s espacios y oportunidades para todos y todas las artistas que formaron parte de la hermosa grilla que tuvimos en el Espacio Mari\u00f1o\u201d.<br><br>Maceri manifest\u00f3 que \u201ctodo esto genera una gran circulaci\u00f3n de toda la industria cultural, y tambi\u00e9n comercial de la regi\u00f3n, ya que adem\u00e1s de los artistas que nos acompa\u00f1aron, participaron un gran n\u00famero de espectadores de la ciudad y colegas que vinieron a acompa\u00f1ar y apoyar a sus compa\u00f1eros\u201d.<br><br>Elio Ilkov, de Posadas, Misiones, es uno de los m\u00fasicos que participaron del 1er. Festival NEA Guaz\u00fa. \u201cEstuve en el escenario tocando algunas galopas y tambi\u00e9n particip\u00e9 de una charla, porque soy coordinador del Instituto Nacional de la M\u00fasica (Inamu)\u201d, coment\u00f3.<br><\/p>\n\n\n\n<figure class=\"wp-block-image size-large\"><img loading=\"lazy\" decoding=\"async\" width=\"1024\" height=\"682\" src=\"https:\/\/corrientesdetarde.com\/wp-content\/uploads\/2023\/07\/image-695-1024x682.png\" alt=\"\" class=\"wp-image-76554\" srcset=\"https:\/\/corrientesdetarde.com\/wp-content\/uploads\/2023\/07\/image-695-1024x682.png 1024w, https:\/\/corrientesdetarde.com\/wp-content\/uploads\/2023\/07\/image-695-300x200.png 300w, https:\/\/corrientesdetarde.com\/wp-content\/uploads\/2023\/07\/image-695-768x512.png 768w, https:\/\/corrientesdetarde.com\/wp-content\/uploads\/2023\/07\/image-695.png 1280w\" sizes=\"auto, (max-width: 1024px) 100vw, 1024px\" \/><\/figure>\n\n\n\n<p><br>\u201cLa esencia del encuentro fue juntarse con artistas de g\u00e9neros y culturas diversas, compartir, mostrar al p\u00fablico que se acerc\u00f3 lo que cada uno hace. Creo que estos espacios culturales son invalorables para que haya esa comuni\u00f3n entre la gente y los artistas\u201d, agreg\u00f3 Ilkov.<br><br>El artista misionero se fue de Corrientes con buenas sensaciones. \u201cMe sorprendi\u00f3 de buena manera ver tanta gente un jueves en un lugar con un escenario hermoso y una gran predisposici\u00f3n que se observ\u00f3 tanto de los gestores independientes como tambi\u00e9n de la Municipalidad, por lo que el precioso ambiente se sinti\u00f3 en el aire, as\u00ed que muy \u00a0lindo todo\u201d.<br><br>\u201cEstuve participando de la primera edici\u00f3n del Festival NEA Guaz\u00fa, presentando un set live en mi debut, as\u00ed que muy contento, me sent\u00ed c\u00f3modo. Lo m\u00edo consisti\u00f3 en un set electr\u00f3nico, medio bailable, as\u00ed que vi a la gente que cant\u00f3 y acompa\u00f1\u00f3 con las palmas, porque tuvimos un par de cl\u00e1sicos en el repertorio\u201d, cont\u00f3 a la vez Nicol\u00e1s Saavedra (Naave).<br><br>El formose\u00f1o se mostr\u00f3 agradecido \u201cpor la invitaci\u00f3n, la iniciativa fue muy buena, porque nos empezamos a conocer entre nosotros y eso nos permite generar redes y pueden empezar a salir cosas nuevas tambi\u00e9n, que es muy importante para todos\u201d, concluy\u00f3 Saavedra.<\/p>\n\n\n\n<figure class=\"wp-block-image size-large\"><img loading=\"lazy\" decoding=\"async\" width=\"1024\" height=\"682\" src=\"https:\/\/corrientesdetarde.com\/wp-content\/uploads\/2023\/07\/image-694-1024x682.png\" alt=\"\" class=\"wp-image-76552\" srcset=\"https:\/\/corrientesdetarde.com\/wp-content\/uploads\/2023\/07\/image-694-1024x682.png 1024w, https:\/\/corrientesdetarde.com\/wp-content\/uploads\/2023\/07\/image-694-300x200.png 300w, https:\/\/corrientesdetarde.com\/wp-content\/uploads\/2023\/07\/image-694-768x512.png 768w, https:\/\/corrientesdetarde.com\/wp-content\/uploads\/2023\/07\/image-694.png 1280w\" sizes=\"auto, (max-width: 1024px) 100vw, 1024px\" \/><\/figure>\n\n\n\n<p><br><br>PARTICIPANTES<br><br>Adem\u00e1s de Elio Ilkov de Misiones y Nicol\u00e1s Saavedra de Formosa, del 1\u00ba Festival NEA Guaz\u00fa participaron tambi\u00e9n Lourdes Borsini + La Chula, Desobediente Rap de Paraguay, Pablo Poblado &amp; Los T\u00e9cnicos (Chaco), Karaguat\u00e1 de Corrientes, y la musicalizaci\u00f3n del Dj Ernes Pisarello.<\/p>\n","protected":false},"excerpt":{"rendered":"<p>El encuentro del que participaron artistas y m\u00fasicos de toda la regi\u00f3n y del Paraguay se desarroll\u00f3 con gran \u00e9xito el pasado jueves por la noche en la sala teatro&hellip; <\/p>\n","protected":false},"author":1,"featured_media":76553,"comment_status":"closed","ping_status":"open","sticky":false,"template":"","format":"standard","meta":{"footnotes":""},"categories":[15,22],"tags":[],"class_list":["post-76541","post","type-post","status-publish","format-standard","has-post-thumbnail","hentry","category-cultura","category-eventos"],"_links":{"self":[{"href":"https:\/\/corrientesdetarde.com\/index.php\/wp-json\/wp\/v2\/posts\/76541","targetHints":{"allow":["GET"]}}],"collection":[{"href":"https:\/\/corrientesdetarde.com\/index.php\/wp-json\/wp\/v2\/posts"}],"about":[{"href":"https:\/\/corrientesdetarde.com\/index.php\/wp-json\/wp\/v2\/types\/post"}],"author":[{"embeddable":true,"href":"https:\/\/corrientesdetarde.com\/index.php\/wp-json\/wp\/v2\/users\/1"}],"replies":[{"embeddable":true,"href":"https:\/\/corrientesdetarde.com\/index.php\/wp-json\/wp\/v2\/comments?post=76541"}],"version-history":[{"count":1,"href":"https:\/\/corrientesdetarde.com\/index.php\/wp-json\/wp\/v2\/posts\/76541\/revisions"}],"predecessor-version":[{"id":76555,"href":"https:\/\/corrientesdetarde.com\/index.php\/wp-json\/wp\/v2\/posts\/76541\/revisions\/76555"}],"wp:featuredmedia":[{"embeddable":true,"href":"https:\/\/corrientesdetarde.com\/index.php\/wp-json\/wp\/v2\/media\/76553"}],"wp:attachment":[{"href":"https:\/\/corrientesdetarde.com\/index.php\/wp-json\/wp\/v2\/media?parent=76541"}],"wp:term":[{"taxonomy":"category","embeddable":true,"href":"https:\/\/corrientesdetarde.com\/index.php\/wp-json\/wp\/v2\/categories?post=76541"},{"taxonomy":"post_tag","embeddable":true,"href":"https:\/\/corrientesdetarde.com\/index.php\/wp-json\/wp\/v2\/tags?post=76541"}],"curies":[{"name":"wp","href":"https:\/\/api.w.org\/{rel}","templated":true}]}}