{"id":76652,"date":"2023-07-28T18:34:21","date_gmt":"2023-07-28T21:34:21","guid":{"rendered":"https:\/\/corrientesdetarde.com\/?p=76652"},"modified":"2023-07-28T18:38:23","modified_gmt":"2023-07-28T21:38:23","slug":"el-entendimiento-con-el-fmi-no-logro-calmar-al-dolar","status":"publish","type":"post","link":"https:\/\/corrientesdetarde.com\/index.php\/politica\/el-entendimiento-con-el-fmi-no-logro-calmar-al-dolar\/","title":{"rendered":"El entendimiento con el FMI no logr\u00f3 calmar al d\u00f3lar"},"content":{"rendered":"\n<p>(Juan Pablo Peralta, Casa de Gobierno) &#8211; El presidente Alberto Fern\u00e1ndez recibi\u00f3 en Casa Rosada a una delegaci\u00f3n de la Federaci\u00f3n Latinoamericana de Asociaciones de Familiares Detenidos y Desaparecidos (FEDEFAM), luego tuvo un encuentro con el gobernador de R\u00edo Grande do Sul, Eduardo Leites, que lleg\u00f3 acompa\u00f1ado por del embajador argentino en Brasil, Daniel Scioli.<\/p>\n\n\n\n<figure class=\"wp-block-embed is-type-video is-provider-youtube wp-block-embed-youtube wp-embed-aspect-4-3 wp-has-aspect-ratio\"><div class=\"wp-block-embed__wrapper\">\n<iframe loading=\"lazy\" title=\"MASSA NO LOGRA CALAMAR AL DOLAR\" width=\"1110\" height=\"833\" src=\"https:\/\/www.youtube.com\/embed\/kUecRplJ1Bw?feature=oembed\" frameborder=\"0\" allow=\"accelerometer; autoplay; clipboard-write; encrypted-media; gyroscope; picture-in-picture; web-share\" allowfullscreen><\/iframe>\n<\/div><\/figure>\n\n\n\n<p>Por su parte, en medio de rumores, el ministro de Econom\u00eda y precandidato presidencial de Uni\u00f3n por la Patria, Sergio Massa, sali\u00f3 a anunciar el entendimiento con el FMI para que, en caso de cumplirse las metas, la Argentina reciba desembolsos por 7.500 millones de d\u00f3lares en agosto. Por lo pronto, los vencimientos m\u00e1s cercanos se abonar\u00e1n con pr\u00e9stamos del BID, el Banco Mundial y otros organismos internacionales. El Palacio de Hacienda sali\u00f3 temprano a informar al respecto para intentar calmar a los mercados y desestimar versiones de que Massa dejar\u00eda la cartera econ\u00f3mica y su candidatura. Desde Salta se mostr\u00f3 en campa\u00f1a y tratando de bajar la presi\u00f3n del d\u00f3lar, que de todos modos cerr\u00f3 la jornada a 551 pesos, con los financieros tambi\u00e9n en una tendencia alcista.<\/p>\n","protected":false},"excerpt":{"rendered":"<p>(Juan Pablo Peralta, Casa de Gobierno) &#8211; El presidente Alberto Fern\u00e1ndez recibi\u00f3 en Casa Rosada a una delegaci\u00f3n de la Federaci\u00f3n Latinoamericana de Asociaciones de Familiares Detenidos y Desaparecidos (FEDEFAM),&hellip; <\/p>\n","protected":false},"author":11,"featured_media":76653,"comment_status":"closed","ping_status":"open","sticky":false,"template":"","format":"standard","meta":{"footnotes":""},"categories":[3],"tags":[249,99],"class_list":["post-76652","post","type-post","status-publish","format-standard","has-post-thumbnail","hentry","category-politica","tag-dolar","tag-massa"],"_links":{"self":[{"href":"https:\/\/corrientesdetarde.com\/index.php\/wp-json\/wp\/v2\/posts\/76652","targetHints":{"allow":["GET"]}}],"collection":[{"href":"https:\/\/corrientesdetarde.com\/index.php\/wp-json\/wp\/v2\/posts"}],"about":[{"href":"https:\/\/corrientesdetarde.com\/index.php\/wp-json\/wp\/v2\/types\/post"}],"author":[{"embeddable":true,"href":"https:\/\/corrientesdetarde.com\/index.php\/wp-json\/wp\/v2\/users\/11"}],"replies":[{"embeddable":true,"href":"https:\/\/corrientesdetarde.com\/index.php\/wp-json\/wp\/v2\/comments?post=76652"}],"version-history":[{"count":2,"href":"https:\/\/corrientesdetarde.com\/index.php\/wp-json\/wp\/v2\/posts\/76652\/revisions"}],"predecessor-version":[{"id":76655,"href":"https:\/\/corrientesdetarde.com\/index.php\/wp-json\/wp\/v2\/posts\/76652\/revisions\/76655"}],"wp:featuredmedia":[{"embeddable":true,"href":"https:\/\/corrientesdetarde.com\/index.php\/wp-json\/wp\/v2\/media\/76653"}],"wp:attachment":[{"href":"https:\/\/corrientesdetarde.com\/index.php\/wp-json\/wp\/v2\/media?parent=76652"}],"wp:term":[{"taxonomy":"category","embeddable":true,"href":"https:\/\/corrientesdetarde.com\/index.php\/wp-json\/wp\/v2\/categories?post=76652"},{"taxonomy":"post_tag","embeddable":true,"href":"https:\/\/corrientesdetarde.com\/index.php\/wp-json\/wp\/v2\/tags?post=76652"}],"curies":[{"name":"wp","href":"https:\/\/api.w.org\/{rel}","templated":true}]}}