{"id":76656,"date":"2023-07-28T21:00:08","date_gmt":"2023-07-29T00:00:08","guid":{"rendered":"https:\/\/corrientesdetarde.com\/?p=76656"},"modified":"2023-07-28T21:00:20","modified_gmt":"2023-07-29T00:00:20","slug":"especialistas-del-sector-ganadero-aseguraron-que-la-inclusion-del-maiz-en-el-dolar-agro-no-afecta-los-precios-de-la-carne","status":"publish","type":"post","link":"https:\/\/corrientesdetarde.com\/index.php\/economia\/especialistas-del-sector-ganadero-aseguraron-que-la-inclusion-del-maiz-en-el-dolar-agro-no-afecta-los-precios-de-la-carne\/","title":{"rendered":"Especialistas del sector ganadero aseguraron que la inclusi\u00f3n del ma\u00edz en el d\u00f3lar agro no afecta los precios de la carne"},"content":{"rendered":"\n<p>Adem\u00e1s, destac\u00f3 que se observa un crecimiento de alrededor del 3% en la industria c\u00e1rnica, debido a la mayor demanda por el atraso en los precios.<\/p>\n\n\n\n<p>En el marco de la&nbsp;<strong>135\u00b0 Exposici\u00f3n Rural<\/strong>, Eugenia Brusca, economista de Promoci\u00f3n interna del&nbsp;<strong>Instituto de la Promoci\u00f3n de la Carne Vacuna Argentina<\/strong>&nbsp;(IPCVA) dialog\u00f3 hoy con&nbsp;<em>Noticias Argentinas<\/em>&nbsp;sobre la nueva edici\u00f3n del d\u00f3lar agro que se encuentra vigente y que incluye al ma\u00edz como industria beneficiada.<\/p>\n\n\n\n<p>En este sentido, la especialista expres\u00f3 que la inclusi\u00f3n del ma\u00edz en esta nueva etapa&nbsp;<strong>no perjudicar\u00e1 a la actividad ganadera:<\/strong>&nbsp;\u201cRecordemos que la gran mayor\u00eda de la producci\u00f3n ganadera argentina se da en base a pastizales y pasturas naturales. Con lo cual, directamente, esto no tendr\u00eda un golpe en eso. S\u00ed puede afectar a lo que es la terminaci\u00f3n del animal y en el cierre del c\u00f3rner.&nbsp;<strong>La industria que m\u00e1s se va a ver golpeada con esta nueva medida es el pollo y el cerdo,<\/strong>&nbsp;dado que ellos s\u00ed tienen un requerimiento mucho mayor\u201d.<\/p>\n\n\n\n<p>En cambio, destac\u00f3 que, dado que la soja es uno de los principales insumos para la producci\u00f3n de alimentos, afectar\u00e1 de manera indirecta a la producci\u00f3n ganadera.<\/p>\n\n\n\n<p>Por otra parte, se\u00f1al\u00f3 que&nbsp;<strong>el IPCVA tiene como objetivo la promoci\u00f3n de la cadena de ganados y carnes,<\/strong>&nbsp;desde la producci\u00f3n primaria, la industria y el estudio del consumidor hacia la venta final,&nbsp;<strong>pero no tiene ninguna influencia sobre el precio final de los productos.<\/strong><\/p>\n\n\n\n<p>Con respecto al nivel de consumo,&nbsp;<strong>Brusca destac\u00f3 que el consumo se aceler\u00f3 en los \u00faltimos meses:<\/strong>&nbsp;\u201cNosotros vemos un&nbsp;<strong>crecimiento del consumo de alrededor de un 2 o 3%.<\/strong>&nbsp;Esto se debe principalmente a que&nbsp;<strong>el precio de venta final de la carne vacuna se ve retrasado con la inflaci\u00f3n en alrededor de un 40%.<\/strong>&nbsp;Este retraso hace que los bienes o los productos sustitutos como ser\u00edan el pollo y el cerdo hayan aumentado mucho m\u00e1s con respecto a la inflaci\u00f3n, con lo cual la gente se volvi\u00f3 a volcar a la carne vacuna como uno de sus principales alimentos\u201d. Y agreg\u00f3: \u201cSabemos que&nbsp;<strong>el argentino hoy consume 120 kilos de prote\u00edna c\u00e1rnica<\/strong>, de los cuales 53 kilos son carne vacuna, 48 kilos de pollo y unos 18 kilos de cerdo, con lo cual nos marca que nosotros somos el principal consumidor de prote\u00edna c\u00e1rnica dentro del mundo y nos encontramos dentro de los primeros 5 en prote\u00edna bovina\u201d.<\/p>\n\n\n\n<p>Asimismo, manifest\u00f3 que&nbsp;<strong>Argentina es \u201cel quinto exportador mundial\u201d que env\u00eda al exterior el 30% de su producci\u00f3n.<\/strong>&nbsp;A su vez,&nbsp;<strong>el 70% del destino de las exportaciones se dirige a China.<\/strong>&nbsp;\u201cSomos fuertemente dependientes del mercado chino.&nbsp;<strong>El mercado chino se encuentra relativamente deprimido,<\/strong>&nbsp;con precios muy bajos, m\u00e1s bajos que pre-pandemia, por lo cual tambi\u00e9n eso&nbsp;<strong>desincentiva un poco la exportaci\u00f3n hacia el mercado chino, sumado a la restricci\u00f3n de los 7 cortes que nos impiden exportar\u201d,<\/strong>&nbsp;cuestion\u00f3 Brusca.<\/p>\n\n\n\n<p>\u201cNuestro gran mercado de valor agregado, que es&nbsp;<strong>la Uni\u00f3n Europea, es un mercado premium que representa alrededor de un 20% del total de la exportaci\u00f3n<\/strong>&nbsp;y un 5% de la producci\u00f3n nacional aproximadamente\u201d, manifest\u00f3.<\/p>\n\n\n\n<p>Por \u00faltimo, resalt\u00f3 que&nbsp;<strong>los precios de la carne argentina est\u00e1n relativamente m\u00e1s baratos que en los mercados de la regi\u00f3n,<\/strong>&nbsp;por lo cual de haber alza en los precios en mostrador, importar carne de Brasil \u201cser\u00eda una barrera de entrada. Si producimos carne muy barata, tambi\u00e9n la vendemos muy barata en el mercado interno, entonces eso hace que el ingreso de ese tipo de prote\u00ednas se vea imposibilitado o con un menor incentivo hacia el ingreso\u201d, concluy\u00f3 la economista.<\/p>\n","protected":false},"excerpt":{"rendered":"<p>Adem\u00e1s, destac\u00f3 que se observa un crecimiento de alrededor del 3% en la industria c\u00e1rnica, debido a la mayor demanda por el atraso en los precios. En el marco de&hellip; <\/p>\n","protected":false},"author":4,"featured_media":76704,"comment_status":"closed","ping_status":"open","sticky":false,"template":"","format":"standard","meta":{"footnotes":""},"categories":[20],"tags":[],"class_list":["post-76656","post","type-post","status-publish","format-standard","has-post-thumbnail","hentry","category-economia"],"_links":{"self":[{"href":"https:\/\/corrientesdetarde.com\/index.php\/wp-json\/wp\/v2\/posts\/76656","targetHints":{"allow":["GET"]}}],"collection":[{"href":"https:\/\/corrientesdetarde.com\/index.php\/wp-json\/wp\/v2\/posts"}],"about":[{"href":"https:\/\/corrientesdetarde.com\/index.php\/wp-json\/wp\/v2\/types\/post"}],"author":[{"embeddable":true,"href":"https:\/\/corrientesdetarde.com\/index.php\/wp-json\/wp\/v2\/users\/4"}],"replies":[{"embeddable":true,"href":"https:\/\/corrientesdetarde.com\/index.php\/wp-json\/wp\/v2\/comments?post=76656"}],"version-history":[{"count":1,"href":"https:\/\/corrientesdetarde.com\/index.php\/wp-json\/wp\/v2\/posts\/76656\/revisions"}],"predecessor-version":[{"id":76705,"href":"https:\/\/corrientesdetarde.com\/index.php\/wp-json\/wp\/v2\/posts\/76656\/revisions\/76705"}],"wp:featuredmedia":[{"embeddable":true,"href":"https:\/\/corrientesdetarde.com\/index.php\/wp-json\/wp\/v2\/media\/76704"}],"wp:attachment":[{"href":"https:\/\/corrientesdetarde.com\/index.php\/wp-json\/wp\/v2\/media?parent=76656"}],"wp:term":[{"taxonomy":"category","embeddable":true,"href":"https:\/\/corrientesdetarde.com\/index.php\/wp-json\/wp\/v2\/categories?post=76656"},{"taxonomy":"post_tag","embeddable":true,"href":"https:\/\/corrientesdetarde.com\/index.php\/wp-json\/wp\/v2\/tags?post=76656"}],"curies":[{"name":"wp","href":"https:\/\/api.w.org\/{rel}","templated":true}]}}