{"id":76658,"date":"2023-07-28T20:36:51","date_gmt":"2023-07-28T23:36:51","guid":{"rendered":"https:\/\/corrientesdetarde.com\/?p=76658"},"modified":"2023-07-28T20:36:55","modified_gmt":"2023-07-28T23:36:55","slug":"larreta-yacyreta-tiene-que-ser-manejada-por-los-correntinos","status":"publish","type":"post","link":"https:\/\/corrientesdetarde.com\/index.php\/politica\/larreta-yacyreta-tiene-que-ser-manejada-por-los-correntinos\/","title":{"rendered":"Larreta: &#8220;Yacyret\u00e1 tiene que ser manejada por los correntinos&#8221;"},"content":{"rendered":"\n<p>El precandidato a presidente visit\u00f3 la localidad correntina de Ituzaing\u00f3, en donde estuvo acompa\u00f1ado por el gobernador Gustavo Vald\u00e9s.\u00a0<\/p>\n\n\n\n<p>El precandidato a presidente por parte de Juntos por el Cambio, Horacio Rodr\u00edguez Larreta, visit\u00f3 este viernes nuevamente la provincia de Corrientes. Esta vez se acerc\u00f3 hasta localidad de Ituza\u00edng\u00f3, en donde recorrieron con el gobernador Gustavo Vald\u00e9s las megaobras del puerto y parque industrial de dicho punto de la provincial.<\/p>\n\n\n\n<p>Durante la conferencia de prensa, el jefe porte\u00f1o reiter\u00f3 que en caso de ser presidente el manejo de Yacyeret\u00e1 quedar\u00e1 en manos de los correntinos. Adem\u00e1s, remarc\u00f3 en que &#8220;los ciudadanos de Corrientes son los que deben decidir cu\u00e1les son las obras m\u00e1s importantes&#8221;.&nbsp;<\/p>\n\n\n\n<figure class=\"wp-block-image\"><img decoding=\"async\" src=\"https:\/\/www.radiodos.com.ar\/content\/bucket\/9\/203229w770h362c.jpg.webp\" alt=\"\"\/><\/figure>\n\n\n\n<p>A su vez, remarc\u00f3 que &#8220;el parque industrial es una gran oportunidad para Ituzaing\u00f3 es una gran iniciativa y de los m\u00e1s grande que estoy viendo en construcci\u00f3n de toda la Argentina&#8221;<\/p>\n\n\n\n<p>&#8220;Hay una inequidad por los subsidios que reparte el gobierno nacional que discrimina contra Corrientes, pero eso se acabar\u00e1 cuando lleguemos a la presidencia&#8221;, manifest\u00f3.&nbsp;<\/p>\n","protected":false},"excerpt":{"rendered":"<p>El precandidato a presidente visit\u00f3 la localidad correntina de Ituzaing\u00f3, en donde estuvo acompa\u00f1ado por el gobernador Gustavo Vald\u00e9s.\u00a0 El precandidato a presidente por parte de Juntos por el Cambio,&hellip; <\/p>\n","protected":false},"author":4,"featured_media":76693,"comment_status":"closed","ping_status":"open","sticky":false,"template":"","format":"standard","meta":{"footnotes":""},"categories":[3],"tags":[],"class_list":["post-76658","post","type-post","status-publish","format-standard","has-post-thumbnail","hentry","category-politica"],"_links":{"self":[{"href":"https:\/\/corrientesdetarde.com\/index.php\/wp-json\/wp\/v2\/posts\/76658","targetHints":{"allow":["GET"]}}],"collection":[{"href":"https:\/\/corrientesdetarde.com\/index.php\/wp-json\/wp\/v2\/posts"}],"about":[{"href":"https:\/\/corrientesdetarde.com\/index.php\/wp-json\/wp\/v2\/types\/post"}],"author":[{"embeddable":true,"href":"https:\/\/corrientesdetarde.com\/index.php\/wp-json\/wp\/v2\/users\/4"}],"replies":[{"embeddable":true,"href":"https:\/\/corrientesdetarde.com\/index.php\/wp-json\/wp\/v2\/comments?post=76658"}],"version-history":[{"count":1,"href":"https:\/\/corrientesdetarde.com\/index.php\/wp-json\/wp\/v2\/posts\/76658\/revisions"}],"predecessor-version":[{"id":76694,"href":"https:\/\/corrientesdetarde.com\/index.php\/wp-json\/wp\/v2\/posts\/76658\/revisions\/76694"}],"wp:featuredmedia":[{"embeddable":true,"href":"https:\/\/corrientesdetarde.com\/index.php\/wp-json\/wp\/v2\/media\/76693"}],"wp:attachment":[{"href":"https:\/\/corrientesdetarde.com\/index.php\/wp-json\/wp\/v2\/media?parent=76658"}],"wp:term":[{"taxonomy":"category","embeddable":true,"href":"https:\/\/corrientesdetarde.com\/index.php\/wp-json\/wp\/v2\/categories?post=76658"},{"taxonomy":"post_tag","embeddable":true,"href":"https:\/\/corrientesdetarde.com\/index.php\/wp-json\/wp\/v2\/tags?post=76658"}],"curies":[{"name":"wp","href":"https:\/\/api.w.org\/{rel}","templated":true}]}}