{"id":76659,"date":"2023-07-28T20:23:42","date_gmt":"2023-07-28T23:23:42","guid":{"rendered":"https:\/\/corrientesdetarde.com\/?p=76659"},"modified":"2023-07-29T11:04:52","modified_gmt":"2023-07-29T14:04:52","slug":"gustavo-valdes-y-horacio-larreta-recorrieron-obras-de-ituzaingo","status":"publish","type":"post","link":"https:\/\/corrientesdetarde.com\/index.php\/politica\/gustavo-valdes-y-horacio-larreta-recorrieron-obras-de-ituzaingo\/","title":{"rendered":"Gustavo Vald\u00e9s y Horacio Larreta recorrieron obras de Ituzaing\u00f3"},"content":{"rendered":"\n<p>El precandidato presidencial de JxC se encuentra en Corrientes, donde junto al gobernador recorren distintas obras.&nbsp;<\/p>\n\n\n\n<p>El gobernador Gustavo Vald\u00e9s en su cuenta de Twitter expres\u00f3: &#8220;Junto a Horacio Rodr\u00edguez Larreta recorrimos los avances del puerto y parque industrial de #Ituzaing\u00f3, las obras m\u00e1s importantes del norte del pa\u00eds. Esto es un gran ejemplo de lo que queremos para la Argentina que se viene: desarrollo, generaci\u00f3n de trabajo y progreso para la regi\u00f3n&#8221;.&nbsp;<\/p>\n\n\n\n<figure class=\"wp-block-embed is-type-rich is-provider-twitter wp-block-embed-twitter\"><div class=\"wp-block-embed__wrapper\">\n<blockquote class=\"twitter-tweet\" data-width=\"550\" data-dnt=\"true\"><p lang=\"es\" dir=\"ltr\">Junto a <a href=\"https:\/\/twitter.com\/horaciorlarreta?ref_src=twsrc%5Etfw\">@horaciorlarreta<\/a> recorrimos los avances del puerto y parque industrial de <a href=\"https:\/\/twitter.com\/hashtag\/Ituzaing%C3%B3?src=hash&amp;ref_src=twsrc%5Etfw\">#Ituzaing\u00f3<\/a>, las obras m\u00e1s importantes del norte del pa\u00eds.<br><br>Esto es un gran ejemplo de lo que queremos para la Argentina que se viene: desarrollo, generaci\u00f3n de trabajo y progreso para la regi\u00f3n. <a href=\"https:\/\/t.co\/HITulysnkK\">pic.twitter.com\/HITulysnkK<\/a><\/p>&mdash; Gustavo Vald\u00e9s (@gustavovaldesok) <a href=\"https:\/\/twitter.com\/gustavovaldesok\/status\/1685041739449434112?ref_src=twsrc%5Etfw\">July 28, 2023<\/a><\/blockquote><script async src=\"https:\/\/platform.twitter.com\/widgets.js\" charset=\"utf-8\"><\/script>\n<\/div><\/figure>\n","protected":false},"excerpt":{"rendered":"<p>El precandidato presidencial de JxC se encuentra en Corrientes, donde junto al gobernador recorren distintas obras.&nbsp; El gobernador Gustavo Vald\u00e9s en su cuenta de Twitter expres\u00f3: &#8220;Junto a Horacio Rodr\u00edguez&hellip; <\/p>\n","protected":false},"author":4,"featured_media":76826,"comment_status":"closed","ping_status":"open","sticky":false,"template":"","format":"standard","meta":{"footnotes":""},"categories":[3],"tags":[],"class_list":["post-76659","post","type-post","status-publish","format-standard","has-post-thumbnail","hentry","category-politica"],"_links":{"self":[{"href":"https:\/\/corrientesdetarde.com\/index.php\/wp-json\/wp\/v2\/posts\/76659","targetHints":{"allow":["GET"]}}],"collection":[{"href":"https:\/\/corrientesdetarde.com\/index.php\/wp-json\/wp\/v2\/posts"}],"about":[{"href":"https:\/\/corrientesdetarde.com\/index.php\/wp-json\/wp\/v2\/types\/post"}],"author":[{"embeddable":true,"href":"https:\/\/corrientesdetarde.com\/index.php\/wp-json\/wp\/v2\/users\/4"}],"replies":[{"embeddable":true,"href":"https:\/\/corrientesdetarde.com\/index.php\/wp-json\/wp\/v2\/comments?post=76659"}],"version-history":[{"count":3,"href":"https:\/\/corrientesdetarde.com\/index.php\/wp-json\/wp\/v2\/posts\/76659\/revisions"}],"predecessor-version":[{"id":76835,"href":"https:\/\/corrientesdetarde.com\/index.php\/wp-json\/wp\/v2\/posts\/76659\/revisions\/76835"}],"wp:featuredmedia":[{"embeddable":true,"href":"https:\/\/corrientesdetarde.com\/index.php\/wp-json\/wp\/v2\/media\/76826"}],"wp:attachment":[{"href":"https:\/\/corrientesdetarde.com\/index.php\/wp-json\/wp\/v2\/media?parent=76659"}],"wp:term":[{"taxonomy":"category","embeddable":true,"href":"https:\/\/corrientesdetarde.com\/index.php\/wp-json\/wp\/v2\/categories?post=76659"},{"taxonomy":"post_tag","embeddable":true,"href":"https:\/\/corrientesdetarde.com\/index.php\/wp-json\/wp\/v2\/tags?post=76659"}],"curies":[{"name":"wp","href":"https:\/\/api.w.org\/{rel}","templated":true}]}}