{"id":76698,"date":"2023-07-28T20:56:56","date_gmt":"2023-07-28T23:56:56","guid":{"rendered":"https:\/\/corrientesdetarde.com\/?p=76698"},"modified":"2023-07-28T20:57:07","modified_gmt":"2023-07-28T23:57:07","slug":"argentina-volvera-a-exportar-productos-avicolas-a-vietnam","status":"publish","type":"post","link":"https:\/\/corrientesdetarde.com\/index.php\/economia\/argentina-volvera-a-exportar-productos-avicolas-a-vietnam\/","title":{"rendered":"Argentina volver\u00e1 a exportar productos av\u00edcolas a Vietnam"},"content":{"rendered":"\n<p>El Departamento de Sanidad Animal de ese pa\u00eds acept\u00f3 el criterio de zonificaci\u00f3n para la comercializaci\u00f3n de carnes y harinas de origen aviar, de acuerdo a nuevos protocolos.<\/p>\n\n\n\n<p>La\u00a0<strong>Secretar\u00eda de Agricultura, Ganader\u00eda y Pesca de la Naci\u00f3n<\/strong>\u00a0comunic\u00f3 hoy que\u00a0<strong>Vietnam habilit\u00f3 la exportaci\u00f3n de harina y carne aviar desde nuestro pa\u00eds<\/strong>, al aceptar el criterio de zonificaci\u00f3n que permite la comercializaci\u00f3n en el marco de la actual situaci\u00f3n sanitaria que vive el sector.<\/p>\n\n\n\n<p>De acuerdo con lo informado, el 27 de julio el Departamento de Sanidad Animal del Ministerio de Agricultura y Desarrollo Rural de Vietnam (DAH &#8211; MARD) notific\u00f3 la&nbsp;<strong>aprobaci\u00f3n de los nuevos modelos de certificado veterinario internacional<\/strong>&nbsp;propuestos por Argentina para la exportaci\u00f3n de productos de carne aviar, hidrolizados de v\u00edsceras aviares, harina de plumas y sangre aviar, y harina de v\u00edsceras aviares al pa\u00eds del sudeste asi\u00e1tico.<\/p>\n\n\n\n<p>Cabe recordar que las negociaciones se dieron en el transcurso de los \u00faltimos meses y formaron parte de la agenda del encuentro mantenido entre el secretario de Agricultura, Ganader\u00eda y Pesca,&nbsp;<strong>Juan Jos\u00e9 Bahillo<\/strong>, junto a la secretaria de Relaciones Econ\u00f3micas Internacionales de la Canciller\u00eda,&nbsp;<strong>Cecilia Todesca Bocco<\/strong>, con el viceministro del MARD,&nbsp;<strong>Tran Tanh Nam<\/strong>, y el viceministro de Industria y Comercio vietnamita,&nbsp;<strong>Do Thang Hai<\/strong>.<\/p>\n\n\n\n<p>En este sentido, Bahillo, destac\u00f3 &#8220;<strong>el trabajo del<\/strong>&nbsp;<strong>Senasa<\/strong>&nbsp;para rehabilitar este destino, en el marco de una gesti\u00f3n conjunta con las c\u00e1maras del sector, los equipos t\u00e9cnicos del sector p\u00fablico y la clara&nbsp;<strong>directiva del ministro Massa<\/strong>&nbsp;de seguir impulsando la producci\u00f3n y la exportaci\u00f3n argentina al mundo&#8221;.<\/p>\n\n\n\n<p>Por su parte, el vicepresidente del Senasa,&nbsp;<strong>Rodolfo Acerbi<\/strong>, afirm\u00f3 que &#8220;esto se enmarca en el trabajo que venimos haciendo junto con la Secretar\u00eda de Agricultura, Ganader\u00eda y Pesca de la Naci\u00f3n para lograr la reapertura de mercados a los productos aviares basado en la&nbsp;<strong>estrategia de zonificar \u00e1reas libres de influenza aviar que ya ha sido aceptado por distintos pa\u00edses,<\/strong>&nbsp;como es el caso ahora de Vietnam. En la misma l\u00ednea venimos trabajando con China&#8221;.&nbsp;<\/p>\n\n\n\n<p>Vietnam, que es el&nbsp;<strong>quinto destino de las exportaciones agroindustriales de Argentina<\/strong>&nbsp;con un total de US$ 3.190 millones, era uno de los pa\u00edses que el sector av\u00edcola argentino identific\u00f3 como&nbsp;<strong>prioritarios para la renegociaci\u00f3n de certificados que permitan reactivar el comercio<\/strong>&nbsp;luego del brote de influenza aviar, en particular por ser uno de los principales destinos para la comercializaci\u00f3n de harinas de este origen.<\/p>\n\n\n\n<p><strong>En 2022 se alcanz\u00f3 una producci\u00f3n de 2,45 millones de toneladas,&nbsp;<\/strong>seg\u00fan datos del Centro de Empresas Procesadoras Av\u00edcolas (CEPA), y a pesar del avance de la gripe aviar,&nbsp;<strong>en 2023 esperan producir alrededor de 1.000 millones de pollos y exportar por m\u00e1s de 400 millones de d\u00f3lares.<\/strong><\/p>\n","protected":false},"excerpt":{"rendered":"<p>El Departamento de Sanidad Animal de ese pa\u00eds acept\u00f3 el criterio de zonificaci\u00f3n para la comercializaci\u00f3n de carnes y harinas de origen aviar, de acuerdo a nuevos protocolos. La\u00a0Secretar\u00eda de&hellip; <\/p>\n","protected":false},"author":4,"featured_media":76699,"comment_status":"closed","ping_status":"open","sticky":false,"template":"","format":"standard","meta":{"footnotes":""},"categories":[20],"tags":[],"class_list":["post-76698","post","type-post","status-publish","format-standard","has-post-thumbnail","hentry","category-economia"],"_links":{"self":[{"href":"https:\/\/corrientesdetarde.com\/index.php\/wp-json\/wp\/v2\/posts\/76698","targetHints":{"allow":["GET"]}}],"collection":[{"href":"https:\/\/corrientesdetarde.com\/index.php\/wp-json\/wp\/v2\/posts"}],"about":[{"href":"https:\/\/corrientesdetarde.com\/index.php\/wp-json\/wp\/v2\/types\/post"}],"author":[{"embeddable":true,"href":"https:\/\/corrientesdetarde.com\/index.php\/wp-json\/wp\/v2\/users\/4"}],"replies":[{"embeddable":true,"href":"https:\/\/corrientesdetarde.com\/index.php\/wp-json\/wp\/v2\/comments?post=76698"}],"version-history":[{"count":1,"href":"https:\/\/corrientesdetarde.com\/index.php\/wp-json\/wp\/v2\/posts\/76698\/revisions"}],"predecessor-version":[{"id":76700,"href":"https:\/\/corrientesdetarde.com\/index.php\/wp-json\/wp\/v2\/posts\/76698\/revisions\/76700"}],"wp:featuredmedia":[{"embeddable":true,"href":"https:\/\/corrientesdetarde.com\/index.php\/wp-json\/wp\/v2\/media\/76699"}],"wp:attachment":[{"href":"https:\/\/corrientesdetarde.com\/index.php\/wp-json\/wp\/v2\/media?parent=76698"}],"wp:term":[{"taxonomy":"category","embeddable":true,"href":"https:\/\/corrientesdetarde.com\/index.php\/wp-json\/wp\/v2\/categories?post=76698"},{"taxonomy":"post_tag","embeddable":true,"href":"https:\/\/corrientesdetarde.com\/index.php\/wp-json\/wp\/v2\/tags?post=76698"}],"curies":[{"name":"wp","href":"https:\/\/api.w.org\/{rel}","templated":true}]}}