{"id":76701,"date":"2023-07-28T20:58:52","date_gmt":"2023-07-28T23:58:52","guid":{"rendered":"https:\/\/corrientesdetarde.com\/?p=76701"},"modified":"2023-07-28T20:59:04","modified_gmt":"2023-07-28T23:59:04","slug":"puntos-principales-del-acuerdo-entre-la-argentina-y-el-fmi","status":"publish","type":"post","link":"https:\/\/corrientesdetarde.com\/index.php\/economia\/puntos-principales-del-acuerdo-entre-la-argentina-y-el-fmi\/","title":{"rendered":"Puntos principales del acuerdo entre la Argentina y el FMI"},"content":{"rendered":"\n<p>Contiene metas de pol\u00edtica fiscal y monetaria, gasto p\u00fablico y reservas.<\/p>\n\n\n\n<p>El<strong>\u00a0acuerdo entre la Argentina y el FMI<\/strong>\u00a0est\u00e1 sujeto a la\u00a0<strong>aprobaci\u00f3n del directorio de ese organismo<\/strong>\u00a0y contiene metas de pol\u00edtica fiscal y monetaria, gasto p\u00fablico y reservas.<\/p>\n\n\n\n<p>Estos son los puntos principales del acuerdo anunciado este viernes por el FMI:<\/p>\n\n\n\n<p>&#8212; Es un e<strong>ntendimiento sobre las revisiones quinta y sexta combinadas<\/strong>&nbsp;en el marco del acuerdo del Servicio Ampliado de Fondos (EFF, por sus siglas en ingl\u00e9s) a 30 meses.<\/p>\n\n\n\n<p>&#8212; Una vez finalizadas las revisiones quinta y sexta,&nbsp;<strong>la Argentina tendr\u00e1 acceso a cerca de US$7.500 millones.<\/strong>&nbsp;Se espera que<strong>&nbsp;la pr\u00f3xima revisi\u00f3n tenga lugar en noviembre.<\/strong><\/p>\n\n\n\n<p>&#8212; Pol\u00edtica cambiaria: para&nbsp;<strong>sostener la demanda de pesos y hacer frente a la alta inflaci\u00f3n<\/strong>, las autoridades planean continuar asegurando que las tasas de pol\u00edtica se mantengan suficientemente positivas en t\u00e9rminos reales. Habr\u00e1 intervenciones en los mercados de divisas paralelos y de futuros para abordar las condiciones desordenadas.<\/p>\n\n\n\n<p>&#8212;&nbsp;<strong>Pol\u00edtica fiscal:<\/strong>&nbsp;el objetivo de d\u00e9ficit fiscal primario para 2023 se mantiene sin cambios en 1,9% del PBI. El cumplimiento de la meta requiere un<strong>&nbsp;mayor endurecimiento de la postura fiscal en la segunda mitad de este a\u00f1o<\/strong>.<\/p>\n\n\n\n<p>Para ello, por el lado de los ingresos, se acordaron nuevos impuestos sobre el acceso a divisas para bienes y servicios importados, y las nuevas medidas para movilizar la liquidaci\u00f3n de exportaciones, que ayudar\u00e1n a compensar los impuestos de exportaci\u00f3n m\u00e1s bajos resultantes de la sequ\u00eda.<\/p>\n\n\n\n<p>Por el lado del gasto,&nbsp;<strong>contener el crecimiento de la masa salarial, actualizar las tarifas de energ\u00eda para reflejar mejor los cambios en los costos de producci\u00f3n, asistencia social mejor focalizada y una mayor racionalizaci\u00f3n de las transferencias corrientes a las provincias y empresas estatales.<\/strong><\/p>\n\n\n\n<p>&#8212; Reservas: el objetivo es la&nbsp;<strong>acumulaci\u00f3n de reservas internacionales netas acumulativas de alrededor de US$1.000 millones para fines de 2023<\/strong>&nbsp;(en comparaci\u00f3n con un objetivo de US$8.000 millones en el momento de la cuarta revisi\u00f3n). Tambi\u00e9n se espera que la acumulaci\u00f3n de reservas se vea respaldada por mejoras en el&nbsp;<strong>balance energ\u00e9tico<\/strong>.<\/p>\n","protected":false},"excerpt":{"rendered":"<p>Contiene metas de pol\u00edtica fiscal y monetaria, gasto p\u00fablico y reservas. El\u00a0acuerdo entre la Argentina y el FMI\u00a0est\u00e1 sujeto a la\u00a0aprobaci\u00f3n del directorio de ese organismo\u00a0y contiene metas de pol\u00edtica&hellip; <\/p>\n","protected":false},"author":4,"featured_media":76702,"comment_status":"closed","ping_status":"open","sticky":false,"template":"","format":"standard","meta":{"footnotes":""},"categories":[20],"tags":[],"class_list":["post-76701","post","type-post","status-publish","format-standard","has-post-thumbnail","hentry","category-economia"],"_links":{"self":[{"href":"https:\/\/corrientesdetarde.com\/index.php\/wp-json\/wp\/v2\/posts\/76701","targetHints":{"allow":["GET"]}}],"collection":[{"href":"https:\/\/corrientesdetarde.com\/index.php\/wp-json\/wp\/v2\/posts"}],"about":[{"href":"https:\/\/corrientesdetarde.com\/index.php\/wp-json\/wp\/v2\/types\/post"}],"author":[{"embeddable":true,"href":"https:\/\/corrientesdetarde.com\/index.php\/wp-json\/wp\/v2\/users\/4"}],"replies":[{"embeddable":true,"href":"https:\/\/corrientesdetarde.com\/index.php\/wp-json\/wp\/v2\/comments?post=76701"}],"version-history":[{"count":1,"href":"https:\/\/corrientesdetarde.com\/index.php\/wp-json\/wp\/v2\/posts\/76701\/revisions"}],"predecessor-version":[{"id":76703,"href":"https:\/\/corrientesdetarde.com\/index.php\/wp-json\/wp\/v2\/posts\/76701\/revisions\/76703"}],"wp:featuredmedia":[{"embeddable":true,"href":"https:\/\/corrientesdetarde.com\/index.php\/wp-json\/wp\/v2\/media\/76702"}],"wp:attachment":[{"href":"https:\/\/corrientesdetarde.com\/index.php\/wp-json\/wp\/v2\/media?parent=76701"}],"wp:term":[{"taxonomy":"category","embeddable":true,"href":"https:\/\/corrientesdetarde.com\/index.php\/wp-json\/wp\/v2\/categories?post=76701"},{"taxonomy":"post_tag","embeddable":true,"href":"https:\/\/corrientesdetarde.com\/index.php\/wp-json\/wp\/v2\/tags?post=76701"}],"curies":[{"name":"wp","href":"https:\/\/api.w.org\/{rel}","templated":true}]}}