{"id":76706,"date":"2023-07-28T21:25:05","date_gmt":"2023-07-29T00:25:05","guid":{"rendered":"https:\/\/corrientesdetarde.com\/?p=76706"},"modified":"2023-07-28T21:25:09","modified_gmt":"2023-07-29T00:25:09","slug":"el-lider-norcoreano-kim-jong-un-le-mostro-al-ministro-de-defensa-ruso-sus-misiles-prohibidos","status":"publish","type":"post","link":"https:\/\/corrientesdetarde.com\/index.php\/internacionales\/el-lider-norcoreano-kim-jong-un-le-mostro-al-ministro-de-defensa-ruso-sus-misiles-prohibidos\/","title":{"rendered":"El l\u00edder norcoreano Kim Jong-un le mostr\u00f3 al ministro de Defensa ruso sus misiles prohibidos"},"content":{"rendered":"\n<p>La visita del funcionario del Kremlin se da en el marco del aniversario n\u00famero 70 del final de la Guerra de Corea.<\/p>\n\n\n\n<p>El ministro de Defensa ruso,&nbsp;<strong>Sergu\u00e9i Shoigu<\/strong>, acompa\u00f1\u00f3 al l\u00edder norcoreano,&nbsp;<strong>Kim Jong-un<\/strong>, a una exhibici\u00f3n de defensa en la que&nbsp;<strong>se mostraron los misiles bal\u00edsticos prohibidos de Corea del Norte<\/strong>, mientras los dos pa\u00edses vecinos se compromet\u00edan a estrechar lazos, informaron el jueves los medios estatales norcoreanos.<\/p>\n\n\n\n<p>El ministro ruso, Sergu\u00e9i Shoigu, y&nbsp;<strong>una delegaci\u00f3n china<\/strong>&nbsp;encabezada por un miembro del politbur\u00f3 del Partido Comunista&nbsp;<strong>llegaron a Corea del Norte esta semana con motivo del aniversario n\u00famero 70 del final de la Guerra de Corea<\/strong>, celebrado en Corea del Norte como el &#8220;D\u00eda de la Victoria&#8221;.<\/p>\n\n\n\n<p><strong>Los misiles con capacidad nuclear fueron prohibidos en virtud de resoluciones del Consejo de Seguridad de la ONU adoptadas con el apoyo de Rusia y China<\/strong>, pero esta semana sirvieron de llamativo tel\u00f3n de fondo para una muestra de solidaridad de tres pa\u00edses unidos por su rivalidad con Estados Unidos y un renacimiento de lo que algunos analistas consideran su coalici\u00f3n de la \u00e9poca de la Guerra Fr\u00eda.<\/p>\n\n\n\n<p>Shoigu realiza la&nbsp;<strong>primera visita de un ministro de Defensa ruso a Corea del Norte desde la ca\u00edda de la Uni\u00f3n Sovi\u00e9tica<\/strong>. Para Corea del Norte, la llegada de las delegaciones rusa y china supone su&nbsp;<strong>primera gran apertura al mundo desde la pandemia<\/strong>&nbsp;del COVID-19.<\/p>\n\n\n\n<p><strong>Kim agradeci\u00f3 a Putin el env\u00edo de la delegaci\u00f3n militar<\/strong>&nbsp;encabezada por Shoigu, afirmando que la visita hab\u00eda&nbsp;<strong>profundizado las relaciones &#8220;estrat\u00e9gicas y tradicionales&#8221; entre Corea del Norte y Rusia<\/strong>.<\/p>\n\n\n\n<figure class=\"wp-block-image\"><img decoding=\"async\" src=\"https:\/\/noticiasargentinas.com\/images\/NA\/Contenidos\/Rusia_Corea_del_Norte.jpg\" alt=\"Rusia_Corea_del_Norte.jpg\"\/><\/figure>\n\n\n\n<p>El l\u00edder norcoreano Kim Jong Un y el ministro de Defensa ruso, Sergei Shoigu.<\/p>\n\n\n\n<p><strong>&#8220;(Kim) expres\u00f3 sus puntos de vista sobre las cuestiones de inter\u00e9s mutuo en la lucha por salvaguardar la soberan\u00eda, el desarrollo y los intereses de los dos pa\u00edses de las pr\u00e1cticas prepotentes y arbitrarias de los imperialistas y por hacer realidad la justicia y la paz internacionales&#8221;<\/strong>, dijeron los medios norcoreanos.<\/p>\n\n\n\n<p><strong>&#8220;Expres\u00f3 repetidamente su convicci\u00f3n de que el ej\u00e9rcito y el pueblo rusos lograr\u00edan grandes \u00e9xitos en la lucha por la construcci\u00f3n de un pa\u00eds poderoso&#8221;<\/strong>, a\u00f1adi\u00f3. El ministro de Defensa norcoreano, Kang Sun Nam, declar\u00f3 que&nbsp;<strong>Corea del Norte apoyaba plenamente la &#8220;batalla por la justicia&#8221; de Rusia y la protecci\u00f3n de su soberan\u00eda<\/strong>.<\/p>\n\n\n\n<p>Corea del Norte&nbsp;<strong>ha respaldado al Kremlin en su guerra con Ucrania<\/strong>&nbsp;y ha enviado armas, incluidos cohetes de infanter\u00eda y misiles, en apoyo de la guerra de Rusia, seg\u00fan ha declarado la Casa Blanca.<\/p>\n\n\n\n<p>Corea del Norte y Rusia niegan haber realizado transacciones de armas.<\/p>\n","protected":false},"excerpt":{"rendered":"<p>La visita del funcionario del Kremlin se da en el marco del aniversario n\u00famero 70 del final de la Guerra de Corea. El ministro de Defensa ruso,&nbsp;Sergu\u00e9i Shoigu, acompa\u00f1\u00f3 al&hellip; <\/p>\n","protected":false},"author":4,"featured_media":76707,"comment_status":"closed","ping_status":"open","sticky":false,"template":"","format":"standard","meta":{"footnotes":""},"categories":[11],"tags":[],"class_list":["post-76706","post","type-post","status-publish","format-standard","has-post-thumbnail","hentry","category-internacionales"],"_links":{"self":[{"href":"https:\/\/corrientesdetarde.com\/index.php\/wp-json\/wp\/v2\/posts\/76706","targetHints":{"allow":["GET"]}}],"collection":[{"href":"https:\/\/corrientesdetarde.com\/index.php\/wp-json\/wp\/v2\/posts"}],"about":[{"href":"https:\/\/corrientesdetarde.com\/index.php\/wp-json\/wp\/v2\/types\/post"}],"author":[{"embeddable":true,"href":"https:\/\/corrientesdetarde.com\/index.php\/wp-json\/wp\/v2\/users\/4"}],"replies":[{"embeddable":true,"href":"https:\/\/corrientesdetarde.com\/index.php\/wp-json\/wp\/v2\/comments?post=76706"}],"version-history":[{"count":1,"href":"https:\/\/corrientesdetarde.com\/index.php\/wp-json\/wp\/v2\/posts\/76706\/revisions"}],"predecessor-version":[{"id":76708,"href":"https:\/\/corrientesdetarde.com\/index.php\/wp-json\/wp\/v2\/posts\/76706\/revisions\/76708"}],"wp:featuredmedia":[{"embeddable":true,"href":"https:\/\/corrientesdetarde.com\/index.php\/wp-json\/wp\/v2\/media\/76707"}],"wp:attachment":[{"href":"https:\/\/corrientesdetarde.com\/index.php\/wp-json\/wp\/v2\/media?parent=76706"}],"wp:term":[{"taxonomy":"category","embeddable":true,"href":"https:\/\/corrientesdetarde.com\/index.php\/wp-json\/wp\/v2\/categories?post=76706"},{"taxonomy":"post_tag","embeddable":true,"href":"https:\/\/corrientesdetarde.com\/index.php\/wp-json\/wp\/v2\/tags?post=76706"}],"curies":[{"name":"wp","href":"https:\/\/api.w.org\/{rel}","templated":true}]}}