{"id":76709,"date":"2023-07-28T21:30:47","date_gmt":"2023-07-29T00:30:47","guid":{"rendered":"https:\/\/corrientesdetarde.com\/?p=76709"},"modified":"2023-07-28T21:30:59","modified_gmt":"2023-07-29T00:30:59","slug":"en-uruguay-recurren-al-ingenio-para-llevar-agua","status":"publish","type":"post","link":"https:\/\/corrientesdetarde.com\/index.php\/internacionales\/en-uruguay-recurren-al-ingenio-para-llevar-agua\/","title":{"rendered":"En Uruguay recurren al ingenio para llevar agua"},"content":{"rendered":"\n<p>Instalan un sistema para trasvasar agua de la Argentina y Brasil\u00a0con el fin de enfrentar la crisis h\u00eddrica.<\/p>\n\n\n\n<p>El gobierno uruguayo instal\u00f3&nbsp;<strong>11&nbsp;kil\u00f3metros de tuber\u00edas<\/strong>&nbsp;para trasvasar agua desde la Argentina y Brasil, en un intento por paliar la crisis h\u00eddrica que padece el pa\u00eds sudamericano, seg\u00fan inform\u00f3 un medio internacional.<\/p>\n\n\n\n<p>En&nbsp;<strong>Uruguay<\/strong>&nbsp;piensan que la escasez de agua&nbsp;podr\u00eda ser resuelta gracias al bombeo de 200.000 metros c\u00fabicos&nbsp;por&nbsp;d\u00eda, cantidad que representa cerca del 40 % de la demanda total de&nbsp;Montevideo y sus alrededores.<\/p>\n\n\n\n<p>Para concretar el proyecto, las&nbsp;autoridades invirtieron cerca de 35 millones de d\u00f3lares, seg\u00fan inform\u00f3 el sitio Actualidad RT.<\/p>\n\n\n\n<p><strong>La peor sequ\u00eda en la historia de Uruguay llev\u00f3 a registros&nbsp;<\/strong><strong>m\u00ednimos al embalse de la represa de Paso Severino,<\/strong>&nbsp;fuente de&nbsp;abastecimiento para el l\u00edquido potable de Montevideo y su \u00e1rea&nbsp;metropolitana, lo que oblig\u00f3 el mes pasado a elevar los niveles de&nbsp;sodio y cloruro del recurso.<\/p>\n\n\n\n<p>En el vecino pa\u00eds se declar\u00f3 el 19 de junio la&nbsp;<strong>&#8220;emergencia h\u00eddrica&#8221;<\/strong>&nbsp;para Montevideo y el \u00e1rea metropolitana, as\u00ed como&nbsp;la exoneraci\u00f3n de impuestos al agua embotellada.<\/p>\n\n\n\n<h2 class=\"wp-block-heading\">Colisi\u00f3n con la ONU<\/h2>\n\n\n\n<p>Recientemente, el&nbsp;<strong>Ministerio de Relaciones Exteriores<\/strong>&nbsp;de la Rep\u00fablica Oriental del Uruguay emiti\u00f3 una&nbsp;declaraci\u00f3n en respuesta a un comunicado de la&nbsp;ONU, seg\u00fan el cual la&nbsp;&#8220;continua disminuci\u00f3n de la calidad del agua&#8221; en Uruguay gener\u00f3&nbsp;una situaci\u00f3n &#8220;alarmante&#8221;.<\/p>\n\n\n\n<p>&#8220;El 60% de la poblaci\u00f3n de&nbsp;<strong>Uruguay<\/strong>&nbsp;enfrenta un problema con el&nbsp;agua potable, cuya calidad ha disminuido llegando a niveles&nbsp;alarmantes de salinidad en su composici\u00f3n. Los ni\u00f1os y&nbsp;adolescentes, las mujeres embarazadas y las personas que padecen&nbsp;enfermedades cr\u00f3nicas, al igual que otros grupos vulnerables, son&nbsp;los m\u00e1s afectados&#8221;, indicaba el comunicado de la ONU.<\/p>\n\n\n\n<p>En respuesta,&nbsp;<strong>la Canciller\u00eda del vecino pa\u00eds se\u00f1al\u00f3 que &#8220;ante las inexactitudes&#8221; del&nbsp;comunicado emitido por el relator especial sobre el derecho humano&nbsp;<\/strong><strong>al agua potable y el saneamiento (Pedro Arrojo-Angulo) y el Grupo&nbsp;<\/strong><strong>de Trabajo sobre Empresas y Derechos Humanos, el Gobierno de<\/strong><br><strong>Uruguay reitera<\/strong>: &#8220;Hasta la fecha los valores establecidos en la&nbsp;excepcionalidad no se consideran alarmantes&#8221;.<\/p>\n\n\n\n<p>Se explic\u00f3 en esa respuesta que&nbsp;<strong>&#8220;el incremento&nbsp;autorizado con el fin de asegurar el abastecimiento ha sido&nbsp;evaluado por las autoridades sanitarias y acad\u00e9micas; y se ha&nbsp;considerado que es posible que la gran mayor\u00eda de la poblaci\u00f3n&nbsp;general, a excepci\u00f3n de algunos grupos especiales con mayor&nbsp;vulnerabilidad en el consumo excesivo de sal, pueden seguir&nbsp;consumiendo la misma&#8221;.<\/strong><\/p>\n\n\n\n<p><strong>&#8220;Para respaldar a las personas en situaci\u00f3n de vulnerabilidad, los&nbsp;beneficiarios del Ministerio de Desarrollo Social reciben el apoyo&nbsp;econ\u00f3mico para la compra de 60 litros de agua por mes, equivalente&nbsp;a uno de cada tres habitantes de la zona afectada (2 litros de&nbsp;agua por d\u00eda por&nbsp; persona)&#8221;,<\/strong>&nbsp;a\u00f1adi\u00f3 aquel documento, que public\u00f3 Radio Colonia.<\/p>\n\n\n\n<p>En otros p\u00e1rrafos, el comunicado aclar\u00f3:&nbsp;<strong>&#8220;El Gobierno nunca recomend\u00f3 reducir el consumo humano de agua<\/strong>,&nbsp;sino su disminuci\u00f3n en actividades no esenciales con el prop\u00f3sito&nbsp;de asegurar una mejor calidad de agua por un tiempo m\u00e1s&nbsp;prolongado&#8221;.&nbsp;<\/p>\n\n\n\n<p><strong>En particular, el Gobierno hace hincapi\u00e9 en que se ha mantenido la&nbsp;continuidad en el suministro de agua &#8220;sin la realizaci\u00f3n de<\/strong><br><strong>cortes&#8221;, lo que evita la posibilidad de contaminaci\u00f3n biol\u00f3gica.<\/strong><\/p>\n","protected":false},"excerpt":{"rendered":"<p>Instalan un sistema para trasvasar agua de la Argentina y Brasil\u00a0con el fin de enfrentar la crisis h\u00eddrica. El gobierno uruguayo instal\u00f3&nbsp;11&nbsp;kil\u00f3metros de tuber\u00edas&nbsp;para trasvasar agua desde la Argentina y&hellip; <\/p>\n","protected":false},"author":4,"featured_media":76710,"comment_status":"closed","ping_status":"open","sticky":false,"template":"","format":"standard","meta":{"footnotes":""},"categories":[11],"tags":[],"class_list":["post-76709","post","type-post","status-publish","format-standard","has-post-thumbnail","hentry","category-internacionales"],"_links":{"self":[{"href":"https:\/\/corrientesdetarde.com\/index.php\/wp-json\/wp\/v2\/posts\/76709","targetHints":{"allow":["GET"]}}],"collection":[{"href":"https:\/\/corrientesdetarde.com\/index.php\/wp-json\/wp\/v2\/posts"}],"about":[{"href":"https:\/\/corrientesdetarde.com\/index.php\/wp-json\/wp\/v2\/types\/post"}],"author":[{"embeddable":true,"href":"https:\/\/corrientesdetarde.com\/index.php\/wp-json\/wp\/v2\/users\/4"}],"replies":[{"embeddable":true,"href":"https:\/\/corrientesdetarde.com\/index.php\/wp-json\/wp\/v2\/comments?post=76709"}],"version-history":[{"count":1,"href":"https:\/\/corrientesdetarde.com\/index.php\/wp-json\/wp\/v2\/posts\/76709\/revisions"}],"predecessor-version":[{"id":76711,"href":"https:\/\/corrientesdetarde.com\/index.php\/wp-json\/wp\/v2\/posts\/76709\/revisions\/76711"}],"wp:featuredmedia":[{"embeddable":true,"href":"https:\/\/corrientesdetarde.com\/index.php\/wp-json\/wp\/v2\/media\/76710"}],"wp:attachment":[{"href":"https:\/\/corrientesdetarde.com\/index.php\/wp-json\/wp\/v2\/media?parent=76709"}],"wp:term":[{"taxonomy":"category","embeddable":true,"href":"https:\/\/corrientesdetarde.com\/index.php\/wp-json\/wp\/v2\/categories?post=76709"},{"taxonomy":"post_tag","embeddable":true,"href":"https:\/\/corrientesdetarde.com\/index.php\/wp-json\/wp\/v2\/tags?post=76709"}],"curies":[{"name":"wp","href":"https:\/\/api.w.org\/{rel}","templated":true}]}}