{"id":76712,"date":"2023-07-28T21:34:51","date_gmt":"2023-07-29T00:34:51","guid":{"rendered":"https:\/\/corrientesdetarde.com\/?p=76712"},"modified":"2023-07-28T21:35:02","modified_gmt":"2023-07-29T00:35:02","slug":"putin-reconocio-que-se-intensificaron-las-hostilidades-en-ucrania","status":"publish","type":"post","link":"https:\/\/corrientesdetarde.com\/index.php\/internacionales\/putin-reconocio-que-se-intensificaron-las-hostilidades-en-ucrania\/","title":{"rendered":"Putin reconoci\u00f3 que se intensificaron las hostilidades en Ucrania"},"content":{"rendered":"\n<p>El presidente de Rusia minimiz\u00f3 la contraofensiva de Ucrania, mientras que Zelenski visit\u00f3 el frente de combate.<\/p>\n\n\n\n<p>El presidente de&nbsp;<strong>Rusia, Vladimir&nbsp;Putin<\/strong>&nbsp;reconoci\u00f3 que las hostilidades en Ucrania se intensificaron&nbsp;este jueves, despu\u00e9s de que un funcionario occidental anunciara&nbsp;&#8220;un gran impulso&#8221; de las fuerzas que responden a Kiev.<\/p>\n\n\n\n<p><strong>Putin<\/strong>, quien tiene la intenci\u00f3n de visitar China en octubre,&nbsp;seg\u00fan anunciaron las agencias de noticias Reuters y Tass, elogi\u00f3&nbsp;el &#8220;hero\u00edsmo&#8221; con el que los soldados de su pa\u00eds repelieron los&nbsp;ataques en la regi\u00f3n de Zaporiyia en el sureste de Ucrania.<\/p>\n\n\n\n<p>Agreg\u00f3 que las tropas de&nbsp;<strong>Mosc\u00fa<\/strong>&nbsp;no solo destruyeron el equipo&nbsp;militar de aquel pa\u00eds, sino que tambi\u00e9n infligieron grandes&nbsp;p\u00e9rdidas a las fuerzas de Kiev.<\/p>\n\n\n\n<p>Insisti\u00f3 en que el impulso de<strong>&nbsp;Ucrania<\/strong>&nbsp;en la zona &#8220;no tuvo&nbsp;\u00e9xito&#8221;, aunque no fue posible verificar de forma independiente su&nbsp;informe, seg\u00fan aclar\u00f3 un informe de la agencia Associated Press.&nbsp;<\/p>\n\n\n\n<p>Un video de los comentarios de<strong>&nbsp;Putin<\/strong>, realizado en San&nbsp;Petersburgo en una cumbre de l\u00edderes africanos, fue publicado en&nbsp;Telegram por un&nbsp; reportero de la televisi\u00f3n estatal, Pavel Zarubin,&nbsp;agreg\u00f3 el medio norteamericano.&nbsp;<\/p>\n\n\n\n<p>Los funcionarios ucranianos guardaron silencio sobre los&nbsp;desarrollos del campo de batalla desde que comenzaron las primeras&nbsp;operaciones de contraofensiva, aunque<strong>&nbsp;la viceministra de Defensa, Hanna Maliar, coment\u00f3 que las tropas avanzan hacia la ciudad de&nbsp;Melitopol<\/strong>&nbsp;en la regi\u00f3n de Zaporiyia.<\/p>\n\n\n\n<p>Aunque eso podr\u00eda ser una<strong>&nbsp;finta t\u00e1ctica<\/strong>, y ambos gobiernos&nbsp;usaron la desinformaci\u00f3n para obtener ventajas en el campo de&nbsp;batalla, tal&nbsp; maniobra estar\u00eda en l\u00ednea con lo que algunos&nbsp;analistas hab\u00edan predicho, analiz\u00f3 la AP.<\/p>\n\n\n\n<p>La<strong>&nbsp;contraofensiva<\/strong>&nbsp;se enfrenta a defensas rusas profundamente&nbsp;arraigadas con campos de minas, trincheras y obst\u00e1culos&nbsp;antitanques.&nbsp;<\/p>\n\n\n\n<p>Entretanto,&nbsp;<strong>el presidente de Ucrania, Volod\u00edmir Zelenski,&nbsp;visit\u00f3 a comandantes militares y trabajadores que atienden a los&nbsp;heridos al norte de esa regi\u00f3n.&nbsp;<\/strong><\/p>\n\n\n\n<p>En cuanto a&nbsp;<strong>Putin<\/strong>, el domingo pasado declar\u00f3 que muchos&nbsp;mercenarios extranjeros en Ucrania hab\u00edan sido eliminados durante&nbsp;la operaci\u00f3n especial.&nbsp;<\/p>\n\n\n\n<p>Tambi\u00e9n&nbsp;<strong>inst\u00f3 a la opini\u00f3n p\u00fablica de los pa\u00edses no amigos de&nbsp;Rusia,<\/strong>&nbsp;cuyos gobiernos env\u00edan militares a luchar en la guerra por&nbsp;poderes de la OTAN en Ucrania, a estar atentos a lo que ocurre&nbsp;all\u00ed.<\/p>\n\n\n\n<p>&#8220;En cuanto a los\u00a0<strong>mercenarios extranjeros,<\/strong>\u00a0tambi\u00e9n sufren\u00a0p\u00e9rdidas significativas. Debido a su\u00a0estupidez. En cualquier caso,\u00a0el p\u00fablico de los\u00a0 pa\u00edses cuyos gobiernos env\u00edan gente a la zona de\u00a0guerra, el p\u00fablico de estos pa\u00edses tambi\u00e9n debe saber lo que est\u00e1\u00a0sucediendo all\u00ed. Y<strong>\u00a0lo\u00a0 pondremos en conocimiento de la gente para\u00a0que eval\u00fae las acciones de sus gobernantes&#8221;,<\/strong>\u00a0coment\u00f3 Putin.\u00a0<\/p>\n","protected":false},"excerpt":{"rendered":"<p>El presidente de Rusia minimiz\u00f3 la contraofensiva de Ucrania, mientras que Zelenski visit\u00f3 el frente de combate. El presidente de&nbsp;Rusia, Vladimir&nbsp;Putin&nbsp;reconoci\u00f3 que las hostilidades en Ucrania se intensificaron&nbsp;este jueves, despu\u00e9s&hellip; <\/p>\n","protected":false},"author":4,"featured_media":76713,"comment_status":"closed","ping_status":"open","sticky":false,"template":"","format":"standard","meta":{"footnotes":""},"categories":[11],"tags":[],"class_list":["post-76712","post","type-post","status-publish","format-standard","has-post-thumbnail","hentry","category-internacionales"],"_links":{"self":[{"href":"https:\/\/corrientesdetarde.com\/index.php\/wp-json\/wp\/v2\/posts\/76712","targetHints":{"allow":["GET"]}}],"collection":[{"href":"https:\/\/corrientesdetarde.com\/index.php\/wp-json\/wp\/v2\/posts"}],"about":[{"href":"https:\/\/corrientesdetarde.com\/index.php\/wp-json\/wp\/v2\/types\/post"}],"author":[{"embeddable":true,"href":"https:\/\/corrientesdetarde.com\/index.php\/wp-json\/wp\/v2\/users\/4"}],"replies":[{"embeddable":true,"href":"https:\/\/corrientesdetarde.com\/index.php\/wp-json\/wp\/v2\/comments?post=76712"}],"version-history":[{"count":1,"href":"https:\/\/corrientesdetarde.com\/index.php\/wp-json\/wp\/v2\/posts\/76712\/revisions"}],"predecessor-version":[{"id":76714,"href":"https:\/\/corrientesdetarde.com\/index.php\/wp-json\/wp\/v2\/posts\/76712\/revisions\/76714"}],"wp:featuredmedia":[{"embeddable":true,"href":"https:\/\/corrientesdetarde.com\/index.php\/wp-json\/wp\/v2\/media\/76713"}],"wp:attachment":[{"href":"https:\/\/corrientesdetarde.com\/index.php\/wp-json\/wp\/v2\/media?parent=76712"}],"wp:term":[{"taxonomy":"category","embeddable":true,"href":"https:\/\/corrientesdetarde.com\/index.php\/wp-json\/wp\/v2\/categories?post=76712"},{"taxonomy":"post_tag","embeddable":true,"href":"https:\/\/corrientesdetarde.com\/index.php\/wp-json\/wp\/v2\/tags?post=76712"}],"curies":[{"name":"wp","href":"https:\/\/api.w.org\/{rel}","templated":true}]}}