{"id":76739,"date":"2023-07-28T23:04:15","date_gmt":"2023-07-29T02:04:15","guid":{"rendered":"https:\/\/corrientesdetarde.com\/?p=76739"},"modified":"2023-07-28T23:04:26","modified_gmt":"2023-07-29T02:04:26","slug":"talleres-igualo-ante-newells-y-se-consagro-subcampeon","status":"publish","type":"post","link":"https:\/\/corrientesdetarde.com\/index.php\/deportes\/talleres-igualo-ante-newells-y-se-consagro-subcampeon\/","title":{"rendered":"Talleres igual\u00f3 ante Newell\u00b4s y se consagr\u00f3 subcampe\u00f3n"},"content":{"rendered":"\n<p>Terminaron 1 a 1 en Rosario: Garro abri\u00f3 la cuenta para el equipo cordob\u00e9s, luego empat\u00f3 Reasco, de tiro penal.<\/p>\n\n\n\n<p><strong>Talleres de C\u00f3rdoba se asegur\u00f3 el segundo puesto en la Liga Profesional, tras igualar 1 a 1, como visitante, ante Newell&#8217;s<\/strong>, en el partido correspondiente a la fecha 27 de la Liga Profesional, jugado esta tarde en el Parque de la Independencia de Rosario.&nbsp;<\/p>\n\n\n\n<p>El elenco cordob\u00e9s arranc\u00f3 ganando con gol de tiro libre de<strong>&nbsp;Rodrigo Garro,&nbsp;<\/strong>a los 15 de la parte inicial, y el empate de Newell&#8217;s lleg\u00f3 por intetmedio del ecuatoriano&nbsp;<strong>Djorkaeff Reasco,&nbsp;<\/strong>de tiro penal, sobre los 35 del mismo per\u00edodo.<\/p>\n\n\n\n<p>Con este resultado,<strong>\u00a0Talleres, de muy buena campa\u00f1a con el DT Javier Gandolfi, cerr\u00f3 con 50 puntos como \u00fanico escolta de River, el flamante campe\u00f3n.<\/strong>\u00a0Por la Copa Argentina, el conjunto cordob\u00e9s viene de eliminar al Millonario y pas\u00f3 a los octavos de final.\u00a0<strong>Mientras que Newell&#8221;s cerr\u00f3 con 35 puntos en el torneo local y tiene la cabeza puesta en el partido del martes pr\u00f3ximo como visitante de Corinthians de Brasil<\/strong>, por la ida de los octavos de final de la Copa Sudamericana.<\/p>\n\n\n\n<figure class=\"wp-block-embed is-type-rich is-provider-twitter wp-block-embed-twitter\"><div class=\"wp-block-embed__wrapper\">\n<blockquote class=\"twitter-tweet\" data-width=\"550\" data-dnt=\"true\"><p lang=\"es\" dir=\"ltr\">\u00a1TALLERES SEGUNDO! La T, el primer equipo cordob\u00e9s subcampe\u00f3n en un campeonato de Primera Divisi\u00f3n (Liga) desde 1980, cuando Racing perdi\u00f3 la final del Nacional con Rosario Central. Es su segundo subcampeonato, despu\u00e9s del Nacional del 77, donde cay\u00f3 en la final ante\u2026 <a href=\"https:\/\/t.co\/7rJIzjDiyO\">pic.twitter.com\/7rJIzjDiyO<\/a><\/p>&mdash; SportsCenter (@SC_ESPN) <a href=\"https:\/\/twitter.com\/SC_ESPN\/status\/1685077142042750979?ref_src=twsrc%5Etfw\">July 28, 2023<\/a><\/blockquote><script async src=\"https:\/\/platform.twitter.com\/widgets.js\" charset=\"utf-8\"><\/script>\n<\/div><\/figure>\n\n\n\n<p>En un intenso primer tiempo, Newell\u00b4s fue el primero que gener\u00f3 peligro en el \u00e1rea rival de la mano de Djorkaeff Reasco, quien tuvo una buena chance de marcar con un cabezazo al arco que se fue por muy poco afuera.<\/p>\n\n\n\n<p>Pero Talleres se despert\u00f3 y tras una jugada de tiro libre, a los 15 minutos,&nbsp;<strong>Rodrigo Garro el encargado de ejecutar el tiro, estamp\u00f3 un derechazo que dej\u00f3 sin reacci\u00f3n a Lucas Hoyos, y abri\u00f3 el marcador para el conjunto de Javier Gandolfi.<\/strong><\/p>\n\n\n\n<p>Minutos despu\u00e9s, Ram\u00f3n Sosa remat\u00f3 cruzado y la pelota se pas\u00f3 muy cerca del palo izquierdo, la \u201cT\u201d busc\u00f3 estirar la ventaja.&nbsp;<strong>A los 33 minutos, la pelota le dio en la mano a Rodrigo Garro dentro del \u00e1rea, el \u00e1rbitro no dud\u00f3 en cobrar penal y Djorkaeff Reasco marc\u00f3 el empate<\/strong>&nbsp;en el Marcelo Bielsa.<\/p>\n\n\n\n<p>En el complemento, el conjunto comandado por Gabriel Heinze mejor\u00f3 su juego y avis\u00f3 a los 12 minutos, con llegada de Djorkaeff Reasco, que volvi\u00f3 a tener una gran chance de marcar, pero el palo le neg\u00f3 el gol.<\/p>\n\n\n\n<p>A los 16 minutos, Talleres se qued\u00f3 con diez jugadores por<strong>&nbsp;la expulsi\u00f3n de Lucas Su\u00e1rez por doble amarilla<\/strong>. El local sigui\u00f3 insistiendo y una clara fue de Jerem\u00edas P\u00e9rez Tica, quien remat\u00f3 al arco y la pelota impact\u00f3 en el travesa\u00f1o.&nbsp;<\/p>\n\n\n\n<p>El visitante busc\u00f3 aprovechar los espacios que cedi\u00f3 Newell\u00b4s y Juan Gabriel Rodr\u00edguez lleg\u00f3 con un cabezazo que entr\u00f3 al arco, pero la jugada fue anulada por estar en posici\u00f3n adelantada. Sobre el final,<strong>\u00a0le sacaron tarjeta roja a Leonel Vangioni.<\/strong>\u00a0<\/p>\n\n\n\n<figure class=\"wp-block-embed is-type-video is-provider-youtube wp-block-embed-youtube wp-embed-aspect-16-9 wp-has-aspect-ratio\"><div class=\"wp-block-embed__wrapper\">\n<iframe loading=\"lazy\" title=\"\u00a1EL ESCOLTA CERR\u00d3 LA LIGA PROFESIONAL CON UN EMPATE ANTE NEWELL&#039;S! | Newell&#039;s 1-1 Talleres | RESUMEN\" width=\"1110\" height=\"624\" src=\"https:\/\/www.youtube.com\/embed\/9M_eFzHc4xo?feature=oembed\" frameborder=\"0\" allow=\"accelerometer; autoplay; clipboard-write; encrypted-media; gyroscope; picture-in-picture; web-share\" allowfullscreen><\/iframe>\n<\/div><\/figure>\n\n\n\n<h2 class=\"wp-block-heading\"><strong>Esta es la s\u00edntesis de Newell\u00b4s vs. Talleres por la Liga Profesional 2023:<\/strong><\/h2>\n\n\n\n<p><strong>&nbsp;<\/strong><strong>Liga Profesional 2023<\/strong><\/p>\n\n\n\n<p><strong>Fecha 27<\/strong><\/p>\n\n\n\n<p><strong>Newell\u00b4s (1) vs Talleres (1)<\/strong><\/p>\n\n\n\n<p><strong>Estadio:&nbsp;<\/strong>Coloso Marcelo Bielsa<\/p>\n\n\n\n<p><strong>\u00c1rbitro<\/strong>: Hern\u00e1n Mastr\u00e1ngelo<\/p>\n\n\n\n<p><strong>VAR:&nbsp;<\/strong>Yael Falc\u00f3n P\u00e9rez<\/p>\n\n\n\n<p><strong>Newell&#8217;s<\/strong>: Lucas Hoyos, Armando M\u00e9ndez, V\u00edctor Vel\u00e1zquez, &nbsp;Ian Glavinovich, Facundo Mansilla, Leonel Vangioni, Iv\u00e1n G\u00f3mez, David Sotelo, Lisandro Montenegro, Guillermo Balzi y Djorkaeff Reasco. DT: Gabriel Heinze.<\/p>\n\n\n\n<p><strong>Talleres<\/strong>: Guido Herrera; Tom\u00e1s Olmos, Mat\u00edas Catal\u00e1n, Juan Gabriel Rodr\u00edguez y Lucas Su\u00e1rez, Christian Oliva y Ulises Ortegoza, Ram\u00f3n Sosa, Rodrigo Garro y Valent\u00edn Depietri; y Nahuel Bustos. DT: Javier Gandolfi.<\/p>\n\n\n\n<p><strong>Goles en el primer tiempo<\/strong>: 15m Rodrigo Garro (T), 35m Djorkaeff Reasco de penal (N).<\/p>\n\n\n\n<p><strong>Cambios en el segundo tiempo:<\/strong>&nbsp;(Inicio) F. Pizzini por V. Depietri (T), 10m M. Portillo por I. Gomez (N), 18m T. Palacios por N. Bustos (T), 22m J. Contrera por G. Velazquez y J.P. Tica por D. Sotelo (N), 31m J. Recalde por L. Montenegro (N), J. Romero por R. Sosa y&#8217; L. Sequeira por D. Ortegoza (T).<\/p>\n\n\n\n<p><strong>Incidencias en el segundo tiempo:<\/strong>&nbsp;16m Expulsado Lucas Su\u00e1rez por doble amarilla (T), Expulsado Leonel Vangioni (N)<\/p>\n","protected":false},"excerpt":{"rendered":"<p>Terminaron 1 a 1 en Rosario: Garro abri\u00f3 la cuenta para el equipo cordob\u00e9s, luego empat\u00f3 Reasco, de tiro penal. Talleres de C\u00f3rdoba se asegur\u00f3 el segundo puesto en la&hellip; <\/p>\n","protected":false},"author":4,"featured_media":76740,"comment_status":"closed","ping_status":"open","sticky":false,"template":"","format":"standard","meta":{"footnotes":""},"categories":[4],"tags":[],"class_list":["post-76739","post","type-post","status-publish","format-standard","has-post-thumbnail","hentry","category-deportes"],"_links":{"self":[{"href":"https:\/\/corrientesdetarde.com\/index.php\/wp-json\/wp\/v2\/posts\/76739","targetHints":{"allow":["GET"]}}],"collection":[{"href":"https:\/\/corrientesdetarde.com\/index.php\/wp-json\/wp\/v2\/posts"}],"about":[{"href":"https:\/\/corrientesdetarde.com\/index.php\/wp-json\/wp\/v2\/types\/post"}],"author":[{"embeddable":true,"href":"https:\/\/corrientesdetarde.com\/index.php\/wp-json\/wp\/v2\/users\/4"}],"replies":[{"embeddable":true,"href":"https:\/\/corrientesdetarde.com\/index.php\/wp-json\/wp\/v2\/comments?post=76739"}],"version-history":[{"count":1,"href":"https:\/\/corrientesdetarde.com\/index.php\/wp-json\/wp\/v2\/posts\/76739\/revisions"}],"predecessor-version":[{"id":76741,"href":"https:\/\/corrientesdetarde.com\/index.php\/wp-json\/wp\/v2\/posts\/76739\/revisions\/76741"}],"wp:featuredmedia":[{"embeddable":true,"href":"https:\/\/corrientesdetarde.com\/index.php\/wp-json\/wp\/v2\/media\/76740"}],"wp:attachment":[{"href":"https:\/\/corrientesdetarde.com\/index.php\/wp-json\/wp\/v2\/media?parent=76739"}],"wp:term":[{"taxonomy":"category","embeddable":true,"href":"https:\/\/corrientesdetarde.com\/index.php\/wp-json\/wp\/v2\/categories?post=76739"},{"taxonomy":"post_tag","embeddable":true,"href":"https:\/\/corrientesdetarde.com\/index.php\/wp-json\/wp\/v2\/tags?post=76739"}],"curies":[{"name":"wp","href":"https:\/\/api.w.org\/{rel}","templated":true}]}}