{"id":76858,"date":"2023-07-29T20:20:18","date_gmt":"2023-07-29T23:20:18","guid":{"rendered":"https:\/\/corrientesdetarde.com\/?p=76858"},"modified":"2023-07-29T20:24:14","modified_gmt":"2023-07-29T23:24:14","slug":"homenajes-y-presentacion-de-esculturas-en-el-dia-del-escritor-correntino","status":"publish","type":"post","link":"https:\/\/corrientesdetarde.com\/index.php\/cultura\/homenajes-y-presentacion-de-esculturas-en-el-dia-del-escritor-correntino\/","title":{"rendered":"Homenajes y presentaci\u00f3n de esculturas en el D\u00eda del Escritor Correntino"},"content":{"rendered":"\n<p><em>El paseo de los escritores, ubicado en la plaza Vera fue el lugar elegido para homenajear a escritores honorarios de la Sociedad Argentina de Escritores (SADE) y fallecidos en el D\u00eda del Escritor Correntino. En la oportunidad, miembros del Departamento de Arte P\u00fablico Municipal presentaron dos esculturas que acompa\u00f1ar\u00e1n el emblem\u00e1tico espacio.<\/em><br>&nbsp;<\/p>\n\n\n\n<figure class=\"wp-block-embed is-type-video is-provider-youtube wp-block-embed-youtube wp-embed-aspect-16-9 wp-has-aspect-ratio\"><div class=\"wp-block-embed__wrapper\">\n<iframe loading=\"lazy\" title=\"Homenajes y presentaci\u00f3n de esculturas en el D\u00eda del Escritor Correntino\" width=\"1110\" height=\"624\" src=\"https:\/\/www.youtube.com\/embed\/eOgTKucQPBQ?feature=oembed\" frameborder=\"0\" allow=\"accelerometer; autoplay; clipboard-write; encrypted-media; gyroscope; picture-in-picture; web-share\" allowfullscreen><\/iframe>\n<\/div><\/figure>\n\n\n\n<p>Cada 28 de julio se conmemora el D\u00eda del Escritor Correntino en honor al natalicio del poeta David Mart\u00ednez, escritor, periodista y ensayista nacido en Ca\u00e1 Cat\u00ed.<br><br>Por tal motivo, se realiz\u00f3 un Encuentro literario en el Paseo de los Escritores de la plaza Vera en el que se rindi\u00f3 honores a escritores honorarios de la Sociedad Argentina de Escritores (SADE) y fallecidos como Girala Yampey, &nbsp;Alejandro Mauri\u00f1o, Jorge S\u00e1nchez Aguilar, Darwy Berti, Ernesto Veragua, Berta Bergna de Plano, Arturo Esp\u00edndola, Martha Ayala, Tony Zalazar, Froilan Blanco, Olga Pi\u00f1eyro, entre otros.<br><br>Formaron parte de este acto de reconocimiento, el presidente del Instituto de Cultura de la provincia de Corrientes, Gabriel Romero, el secretario de Cultura y Educaci\u00f3n del municipio, Jos\u00e9 Sand y el presidente de la Sociedad Argentina de Escritores (SADE), Avelino Nu\u00f1ez entre reconocidos autores y familiares de escritores locales ya fallecidos.<br><br>El secretario de Cultura y Educaci\u00f3n del municipio, Jos\u00e9 Sand indic\u00f3: \u201cEstamos muy contentos de poder llevar adelante esta actividad junto a la SADE que sirve no solamente para homenajear a escritores que nos acompa\u00f1an, sino a aquellos que han dejado su obra de arte para siempre entre nosotros y que forman parte del gran recurso humano que tenemos los correntinos\u201d.<br><br>Destacando que por primera vez se lleva adelante este tipo de reconocimiento en el emblem\u00e1tico paseo, se\u00f1al\u00f3 que se sigue embelleciendo el lugar y, en esta oportunidad, ser\u00e1n emplazadas dos obras especialmente pensadas en la tem\u00e1tica de la lectura.<br><br>&nbsp;\u201cEstas esculturas fueron hechas por el Departamento de Arte P\u00fablico Municipal, por artistas tambi\u00e9n correntinos de nuestros elencos estables que durante los d\u00edas de la Feria del Libro las realizaron en vivo, frente al p\u00fablico y muy pronto la gente podr\u00e1 verlas emplazadas aqu\u00ed\u201d, explic\u00f3.<\/p>\n\n\n\n<figure class=\"wp-block-image size-large\"><img loading=\"lazy\" decoding=\"async\" width=\"1024\" height=\"681\" src=\"https:\/\/corrientesdetarde.com\/wp-content\/uploads\/2023\/07\/Captura-de-pantalla-2023-07-29-201509-1024x681.png\" alt=\"\" class=\"wp-image-76860\" srcset=\"https:\/\/corrientesdetarde.com\/wp-content\/uploads\/2023\/07\/Captura-de-pantalla-2023-07-29-201509-1024x681.png 1024w, https:\/\/corrientesdetarde.com\/wp-content\/uploads\/2023\/07\/Captura-de-pantalla-2023-07-29-201509-300x199.png 300w, https:\/\/corrientesdetarde.com\/wp-content\/uploads\/2023\/07\/Captura-de-pantalla-2023-07-29-201509-768x510.png 768w, https:\/\/corrientesdetarde.com\/wp-content\/uploads\/2023\/07\/Captura-de-pantalla-2023-07-29-201509.png 1267w\" sizes=\"auto, (max-width: 1024px) 100vw, 1024px\" \/><\/figure>\n\n\n\n<p><br><br>Por su parte, el presidente del Instituto de Cultura, Gabriel Romero reconoci\u00f3 que, \u201cm\u00e1s all\u00e1 de lo que significa revalorizar los aspectos culturales este acto afianza fundamentalmente nuestra identidad. Corrientes hist\u00f3ricamente y actualmente tiene a grandes escritores que cuentan historias locales y universales y aqu\u00ed tenemos la posibilidad de poder acercarnos a ellos, saber sus necesidades, acompa\u00f1ar y sobre todo seguir forjando una historia de la literatura correntina, que es tan importante que marc\u00f3 tambi\u00e9n de alguna manera o aport\u00f3 a la historia de la literatura argentina\u201d.<br><br><br>UNA CARICIA AL ALMA PARA LA FAMILIA<br><br>Form\u00f3 parte del extenso listado, el reconocido y querido Girala Yampey quien, obligado a huir del r\u00e9gimen del dictador paraguayo Higinio Morinigo, lleg\u00f3 a Corrientes y en 1947 se estableci\u00f3 en la localidad de Chavarr\u00eda. Escribi\u00f3 varios libros y form\u00f3 parte del grupo de escritores llamado &#8220;Los Dinosaurios&#8221; que conformaba la bohemia correntina, hace muchos a\u00f1os atr\u00e1s.<br><br>Quien recibi\u00f3 el reconocimiento en su nombre fue su hija Graciela Yampey y record\u00f3: \u201cEn realidad, \u00e9l empez\u00f3 a escribir desde muy joven, pero despu\u00e9s, cuando tuvo que mantener la familia dej\u00f3 un poco esta pasi\u00f3n de escribir y cuando se jubil\u00f3, durante sus \u00faltimos 20 a\u00f1os, &nbsp;empez\u00f3 con su producci\u00f3n literaria como \u00e9l dec\u00eda, su pasi\u00f3n. La verdad que recibir este reconocimiento es una caricia al alma para toda la familia\u201d.<br><br>&nbsp;<br>ESCULTURAS HECHAS CON MATERIAL \u00cdNTEGRAMENTE RECICLABLE<br><br>Germ\u00e1n de los Reyes Vidal, Hugo G\u00f3mez y Marcelino Gauna pertenecen al Departamento de Arte P\u00fablico Municipal y explicaron que las dos esculturas est\u00e1n hechas de material reciclado, de hierro, cemento, metal, sulfato de cobre, entre otras. \u201cCon esto queremos incentivar a la gente a cuidar el medio ambiente\u201d, se\u00f1alaron.<\/p>\n\n\n\n<figure class=\"wp-block-image size-large\"><img loading=\"lazy\" decoding=\"async\" width=\"1024\" height=\"674\" src=\"https:\/\/corrientesdetarde.com\/wp-content\/uploads\/2023\/07\/Captura-de-pantalla-2023-07-29-201651-1024x674.png\" alt=\"\" class=\"wp-image-76861\" srcset=\"https:\/\/corrientesdetarde.com\/wp-content\/uploads\/2023\/07\/Captura-de-pantalla-2023-07-29-201651-1024x674.png 1024w, https:\/\/corrientesdetarde.com\/wp-content\/uploads\/2023\/07\/Captura-de-pantalla-2023-07-29-201651-300x197.png 300w, https:\/\/corrientesdetarde.com\/wp-content\/uploads\/2023\/07\/Captura-de-pantalla-2023-07-29-201651-768x505.png 768w, https:\/\/corrientesdetarde.com\/wp-content\/uploads\/2023\/07\/Captura-de-pantalla-2023-07-29-201651.png 1272w\" sizes=\"auto, (max-width: 1024px) 100vw, 1024px\" \/><\/figure>\n\n\n\n<p><br><br>\u201cEs lindo que nos tengan en cuenta, estamos &nbsp;muy agradecidos por eso, porque cuesta un poco que tengan en cuenta a los artistas y la verdad que estamos agradecidos con la Municipalidad. Invitamos a la gente a que vengan a apreciar las obras\u201d, agreg\u00f3 Germ\u00e1n de los Reyes Vidal.<\/p>\n\n\n\n<figure class=\"wp-block-image size-large\"><img loading=\"lazy\" decoding=\"async\" width=\"1024\" height=\"667\" src=\"https:\/\/corrientesdetarde.com\/wp-content\/uploads\/2023\/07\/Captura-de-pantalla-2023-07-29-201452-1024x667.png\" alt=\"\" class=\"wp-image-76862\" srcset=\"https:\/\/corrientesdetarde.com\/wp-content\/uploads\/2023\/07\/Captura-de-pantalla-2023-07-29-201452-1024x667.png 1024w, https:\/\/corrientesdetarde.com\/wp-content\/uploads\/2023\/07\/Captura-de-pantalla-2023-07-29-201452-300x195.png 300w, https:\/\/corrientesdetarde.com\/wp-content\/uploads\/2023\/07\/Captura-de-pantalla-2023-07-29-201452-768x500.png 768w, https:\/\/corrientesdetarde.com\/wp-content\/uploads\/2023\/07\/Captura-de-pantalla-2023-07-29-201452.png 1259w\" sizes=\"auto, (max-width: 1024px) 100vw, 1024px\" \/><\/figure>\n","protected":false},"excerpt":{"rendered":"<p>El paseo de los escritores, ubicado en la plaza Vera fue el lugar elegido para homenajear a escritores honorarios de la Sociedad Argentina de Escritores (SADE) y fallecidos en el&hellip; <\/p>\n","protected":false},"author":4,"featured_media":76859,"comment_status":"closed","ping_status":"open","sticky":false,"template":"","format":"standard","meta":{"footnotes":""},"categories":[15],"tags":[],"class_list":["post-76858","post","type-post","status-publish","format-standard","has-post-thumbnail","hentry","category-cultura"],"_links":{"self":[{"href":"https:\/\/corrientesdetarde.com\/index.php\/wp-json\/wp\/v2\/posts\/76858","targetHints":{"allow":["GET"]}}],"collection":[{"href":"https:\/\/corrientesdetarde.com\/index.php\/wp-json\/wp\/v2\/posts"}],"about":[{"href":"https:\/\/corrientesdetarde.com\/index.php\/wp-json\/wp\/v2\/types\/post"}],"author":[{"embeddable":true,"href":"https:\/\/corrientesdetarde.com\/index.php\/wp-json\/wp\/v2\/users\/4"}],"replies":[{"embeddable":true,"href":"https:\/\/corrientesdetarde.com\/index.php\/wp-json\/wp\/v2\/comments?post=76858"}],"version-history":[{"count":2,"href":"https:\/\/corrientesdetarde.com\/index.php\/wp-json\/wp\/v2\/posts\/76858\/revisions"}],"predecessor-version":[{"id":76864,"href":"https:\/\/corrientesdetarde.com\/index.php\/wp-json\/wp\/v2\/posts\/76858\/revisions\/76864"}],"wp:featuredmedia":[{"embeddable":true,"href":"https:\/\/corrientesdetarde.com\/index.php\/wp-json\/wp\/v2\/media\/76859"}],"wp:attachment":[{"href":"https:\/\/corrientesdetarde.com\/index.php\/wp-json\/wp\/v2\/media?parent=76858"}],"wp:term":[{"taxonomy":"category","embeddable":true,"href":"https:\/\/corrientesdetarde.com\/index.php\/wp-json\/wp\/v2\/categories?post=76858"},{"taxonomy":"post_tag","embeddable":true,"href":"https:\/\/corrientesdetarde.com\/index.php\/wp-json\/wp\/v2\/tags?post=76858"}],"curies":[{"name":"wp","href":"https:\/\/api.w.org\/{rel}","templated":true}]}}