{"id":76983,"date":"2023-07-30T09:47:32","date_gmt":"2023-07-30T12:47:32","guid":{"rendered":"https:\/\/corrientesdetarde.com\/?p=76983"},"modified":"2023-07-30T09:47:43","modified_gmt":"2023-07-30T12:47:43","slug":"aceite-de-cannabis-medicinal-correntino-quienes-seran-los-primeros-pacientes-en-usarlo","status":"publish","type":"post","link":"https:\/\/corrientesdetarde.com\/index.php\/locales\/aceite-de-cannabis-medicinal-correntino-quienes-seran-los-primeros-pacientes-en-usarlo\/","title":{"rendered":"Aceite de cannabis medicinal correntino: qui\u00e9nes ser\u00e1n los primeros pacientes en usarlo"},"content":{"rendered":"\n<p>La apuesta provincial para la fabricaci\u00f3n de aceite de cannabis medicinal y otros derivados, estar\u00e1 al alcance de un grupo seleccionado de pacientes en el marco de una ensayo cl\u00ednico del que participar\u00e1 la Facultad de Medicina de la UNNE.\u00a0<\/p>\n\n\n\n<p>Valentino M\u00f3rtola, gerente de la iniciativa provincial Ca\u00e1 Cannabis habl\u00f3 desde el predio de La Rural en Palermo en el marco de la exposici\u00f3n de la que forma parte Corrientes.<\/p>\n\n\n\n<p>&#8220;Hay mucho inter\u00e9s y demanda por parte de la gente y estamos pensando en la producci\u00f3n de aceite de cannabis y derivados de esos productos para los que hay mucha demanda de pacientes particularmente adultos mayores&#8221;, explic\u00f3.<\/p>\n\n\n\n<p>&#8220;Ahora estamos esperando la reglamentaci\u00f3n nacional para poder empezar a comercializar la producci\u00f3n que tenemos a trav\u00e9s de nuestro laboratorio piloto&#8221;, dijo M\u00f3rtola quien adelant\u00f3 que los primeros aceites llegar\u00e1n a los pacientes &#8220;a trav\u00e9s de un ensayo cl\u00ednico con la Facultad de Medicina de la UNNE&#8221;.<\/p>\n\n\n\n<p>&nbsp;&#8220;Cada patolog\u00eda necesita una cantidad de concentraci\u00f3n de principios activos que son recetados por el m\u00e9dico cuando ve al paciente y en ese marco y seg\u00fan los pacientes, estamos trabajando en los protocolos y en la cantidad&#8221; que se va a producir.<\/p>\n\n\n\n<p>Al momento, la plantaci\u00f3n de cannabis en Corrientes &#8220;y se desarrolla bien en la provincia dentro de lo que fue un an\u00e1lisis controlado con manejo de la temperatura, con un mejor desarrollo en zonas de terrenos arenosos&#8221;.<\/p>\n\n\n\n<p>&#8220;Si bien estamos en la fase de desarrollo, lo que buscamos es que vaya escalando a trav\u00e9s de un laboratorio industrial en Goya&#8221;, concluy\u00f3.&nbsp;<\/p>\n","protected":false},"excerpt":{"rendered":"<p>La apuesta provincial para la fabricaci\u00f3n de aceite de cannabis medicinal y otros derivados, estar\u00e1 al alcance de un grupo seleccionado de pacientes en el marco de una ensayo cl\u00ednico&hellip; <\/p>\n","protected":false},"author":4,"featured_media":76984,"comment_status":"closed","ping_status":"open","sticky":false,"template":"","format":"standard","meta":{"footnotes":""},"categories":[8],"tags":[],"class_list":["post-76983","post","type-post","status-publish","format-standard","has-post-thumbnail","hentry","category-locales"],"_links":{"self":[{"href":"https:\/\/corrientesdetarde.com\/index.php\/wp-json\/wp\/v2\/posts\/76983","targetHints":{"allow":["GET"]}}],"collection":[{"href":"https:\/\/corrientesdetarde.com\/index.php\/wp-json\/wp\/v2\/posts"}],"about":[{"href":"https:\/\/corrientesdetarde.com\/index.php\/wp-json\/wp\/v2\/types\/post"}],"author":[{"embeddable":true,"href":"https:\/\/corrientesdetarde.com\/index.php\/wp-json\/wp\/v2\/users\/4"}],"replies":[{"embeddable":true,"href":"https:\/\/corrientesdetarde.com\/index.php\/wp-json\/wp\/v2\/comments?post=76983"}],"version-history":[{"count":1,"href":"https:\/\/corrientesdetarde.com\/index.php\/wp-json\/wp\/v2\/posts\/76983\/revisions"}],"predecessor-version":[{"id":76985,"href":"https:\/\/corrientesdetarde.com\/index.php\/wp-json\/wp\/v2\/posts\/76983\/revisions\/76985"}],"wp:featuredmedia":[{"embeddable":true,"href":"https:\/\/corrientesdetarde.com\/index.php\/wp-json\/wp\/v2\/media\/76984"}],"wp:attachment":[{"href":"https:\/\/corrientesdetarde.com\/index.php\/wp-json\/wp\/v2\/media?parent=76983"}],"wp:term":[{"taxonomy":"category","embeddable":true,"href":"https:\/\/corrientesdetarde.com\/index.php\/wp-json\/wp\/v2\/categories?post=76983"},{"taxonomy":"post_tag","embeddable":true,"href":"https:\/\/corrientesdetarde.com\/index.php\/wp-json\/wp\/v2\/tags?post=76983"}],"curies":[{"name":"wp","href":"https:\/\/api.w.org\/{rel}","templated":true}]}}