{"id":77007,"date":"2023-07-30T10:59:48","date_gmt":"2023-07-30T13:59:48","guid":{"rendered":"https:\/\/corrientesdetarde.com\/?p=77007"},"modified":"2023-07-30T10:59:52","modified_gmt":"2023-07-30T13:59:52","slug":"nequi-galotti-se-separo-de-su-novio-tras-un-viaje-juntos-a-europa-que-paso","status":"publish","type":"post","link":"https:\/\/corrientesdetarde.com\/index.php\/espectaculos\/nequi-galotti-se-separo-de-su-novio-tras-un-viaje-juntos-a-europa-que-paso\/","title":{"rendered":"Nequi Galotti se separ\u00f3 de su novio tras un viaje juntos a Europa: \u00bfqu\u00e9 pas\u00f3?"},"content":{"rendered":"\n<p>La ex modelo y viuda de Bartolom\u00e9 Mitre sali\u00f3 con Pablo Hern\u00e1ndez durante ocho meses.<\/p>\n\n\n\n<p>\u201cEstaban en Europa de vacaciones juntos y el viernes decidieron tomar vuelos distintos. \u00c9l se fue con sus hijos y Nequi se fue a visitar a uno de sus hijos a Espa\u00f1a\u201d, revel\u00f3&nbsp;<strong>\u00c1ngel de Brito al confirmar la separaci\u00f3n de Nequi Galotti y Pablo Hern\u00e1ndez, tras ocho meses de relaci\u00f3n.<\/strong><\/p>\n\n\n\n<p>\u201cHoy habl\u00e9 con Nequi y me dijo \u2018\u00c1ngel,&nbsp;<strong>la decisi\u00f3n de terminar fue de los dos<\/strong>, terminamos bien,&nbsp;<strong>se nos acab\u00f3 la magia&nbsp;<\/strong>a los dos. Decidimos juntos tomar cada uno su camino, juntos tomamos la decisi\u00f3n\u201d, cont\u00f3 el conductor de&nbsp;<em>LAM<\/em>.<\/p>\n\n\n\n<figure class=\"wp-block-image\"><img decoding=\"async\" src=\"https:\/\/noticiasargentinas.com\/images\/NA\/Contenidos\/nequi_1.webp\" alt=\"nequi_1.jpg\"\/><\/figure>\n\n\n\n<p>Pero la panelista&nbsp;<strong>Fernanda Iglesias<\/strong>&nbsp;ten\u00eda otra informaci\u00f3n. Seg\u00fan le informaron el empresario&nbsp;<strong>\u201cera muy mujeriego\u201d<\/strong>: \u201cEstaban juntos en Italia y \u00e9l quiso seguir viaje solo con sus hijos, y ella quer\u00eda seguir con \u00e9l, y \u00e9l le dijo que no, que quer\u00eda ir solo con los hijos;&nbsp;<strong>por eso ella se fue a Madrid, donde ni siquiera est\u00e1 su hijo. Est\u00e1 sola y en un hotel medio pelo\u201d.<\/strong><\/p>\n\n\n\n<p>Lo cierto es que Nequi decidi\u00f3 borrar todas las fotos que ten\u00eda junto a Pablo en su cuenta de Instagram, dejando atr\u00e1s esta relaci\u00f3n que, justamente, comenz\u00f3 en redes sociales, tras la insistencia de sus amigas de que se animara a salir con un seguidor.<\/p>\n\n\n\n<p>\u201c<strong>Conocerse a trav\u00e9s de las conversaciones es algo muy lindo<\/strong>&nbsp;y cuando nos vimos por primera vez nos abrazamos.&nbsp;<strong>Yo no pensaba en formar una pareja, me pas\u00f3 esto: le\u00ed un mensaje que me despert\u00f3 inter\u00e9s y naci\u00f3 algo.<\/strong>&nbsp;Lo primero que me puso fue, quiero que ves qui\u00e9n soy y c\u00f3mo soy. Todo fue creciendo de una manera lenta y rom\u00e1ntica\u201d, hab\u00eda contado Nequi, tras iniciar la relaci\u00f3n en noviembre de 2022.<\/p>\n\n\n\n<p>Su hijo Santos le hab\u00eda dado el visto bueno, tras tres a\u00f1os de haber enviudado del due\u00f1o de&nbsp;<em>La Naci\u00f3n<\/em>,&nbsp;<strong>Bartolom\u00e9 Mitre<\/strong>:<strong>&nbsp;&#8216;Mam\u00e1, yo quiero que seas feliz, y nunca me voy a poner celoso ni a estar en contra, siempre voy a estar a favor tuyo. S\u00e9 que sab\u00e9s elegir a las personas que te rodean. Cont\u00e1 conmigo&#8217;<\/strong>&#8220;.<\/p>\n\n\n\n<figure class=\"wp-block-image\"><img decoding=\"async\" src=\"https:\/\/noticiasargentinas.com\/images\/NA\/Contenidos\/nequi_2.webp\" alt=\"nequi_2.jpg\"\/><\/figure>\n","protected":false},"excerpt":{"rendered":"<p>La ex modelo y viuda de Bartolom\u00e9 Mitre sali\u00f3 con Pablo Hern\u00e1ndez durante ocho meses. \u201cEstaban en Europa de vacaciones juntos y el viernes decidieron tomar vuelos distintos. \u00c9l se&hellip; <\/p>\n","protected":false},"author":4,"featured_media":77018,"comment_status":"closed","ping_status":"open","sticky":false,"template":"","format":"standard","meta":{"footnotes":""},"categories":[19],"tags":[],"class_list":["post-77007","post","type-post","status-publish","format-standard","has-post-thumbnail","hentry","category-espectaculos"],"_links":{"self":[{"href":"https:\/\/corrientesdetarde.com\/index.php\/wp-json\/wp\/v2\/posts\/77007","targetHints":{"allow":["GET"]}}],"collection":[{"href":"https:\/\/corrientesdetarde.com\/index.php\/wp-json\/wp\/v2\/posts"}],"about":[{"href":"https:\/\/corrientesdetarde.com\/index.php\/wp-json\/wp\/v2\/types\/post"}],"author":[{"embeddable":true,"href":"https:\/\/corrientesdetarde.com\/index.php\/wp-json\/wp\/v2\/users\/4"}],"replies":[{"embeddable":true,"href":"https:\/\/corrientesdetarde.com\/index.php\/wp-json\/wp\/v2\/comments?post=77007"}],"version-history":[{"count":1,"href":"https:\/\/corrientesdetarde.com\/index.php\/wp-json\/wp\/v2\/posts\/77007\/revisions"}],"predecessor-version":[{"id":77019,"href":"https:\/\/corrientesdetarde.com\/index.php\/wp-json\/wp\/v2\/posts\/77007\/revisions\/77019"}],"wp:featuredmedia":[{"embeddable":true,"href":"https:\/\/corrientesdetarde.com\/index.php\/wp-json\/wp\/v2\/media\/77018"}],"wp:attachment":[{"href":"https:\/\/corrientesdetarde.com\/index.php\/wp-json\/wp\/v2\/media?parent=77007"}],"wp:term":[{"taxonomy":"category","embeddable":true,"href":"https:\/\/corrientesdetarde.com\/index.php\/wp-json\/wp\/v2\/categories?post=77007"},{"taxonomy":"post_tag","embeddable":true,"href":"https:\/\/corrientesdetarde.com\/index.php\/wp-json\/wp\/v2\/tags?post=77007"}],"curies":[{"name":"wp","href":"https:\/\/api.w.org\/{rel}","templated":true}]}}