{"id":77038,"date":"2023-07-30T14:53:52","date_gmt":"2023-07-30T17:53:52","guid":{"rendered":"https:\/\/corrientesdetarde.com\/?p=77038"},"modified":"2023-07-30T14:53:56","modified_gmt":"2023-07-30T17:53:56","slug":"bajo-alerta-amarilla-por-fuertes-vientos-chubut-elige-gobernador","status":"publish","type":"post","link":"https:\/\/corrientesdetarde.com\/index.php\/nacionales\/bajo-alerta-amarilla-por-fuertes-vientos-chubut-elige-gobernador\/","title":{"rendered":"Bajo alerta amarilla por fuertes vientos, Chubut elige gobernador"},"content":{"rendered":"\n<p>(TELAM) -&#8220;Arriba Chubut&#8221;, con eje en el peronismo que lleva como candidato a la gobernaci\u00f3n al intendente de Comodoro Rivadavia, Juan Pablo Luque, y la coalici\u00f3n de Juntos por el Cambio, que postula como mandatario al senador nacional, Ignacio Torres, son los principales contendientes para estas elecciones.<\/p>\n\n\n\n<p>La provincia de Chubut concurre a las urnas este domingo para elegir gobernador, vice, diputados provinciales, intendentes, concejales y representantes populares al Consejo de la Magistratura de la provincia, en unos comicios en los cuales estar\u00e1n habilitados para sufragar m\u00e1s de 470 mil ciudadanos.<\/p>\n\n\n\n<p>La jornada electoral se desarrolla bajo alerta meteorol\u00f3gico amarillo por vientos con r\u00e1fagas de hasta 100 km\/h que rige este domingo para diferentes zonas de la provincia.<\/p>\n\n\n\n<p>El aviso del Servicio Meteorol\u00f3gico Nacional (SMN) indica que &#8220;el \u00e1rea ser\u00e1 afectada por vientos del sector oeste con velocidades entre 45 y 60 km\/h, con r\u00e1fagas de 75 a 100 km\/h que pueden ser superadas de manera local&#8221;.<\/p>\n\n\n\n<p>El parte, emitido poco antes de las 6, abarca Gastre, este y oeste de M\u00e1rtires, este y oeste de Telsen, Gaiman, Paso de Indios, meseta de Biedma, meseta de Florentino Ameghino, meseta de Rawson, costa de Florentino Ameghino, costa de Rawson, meseta de Escalante, Sarmiento y sudoeste de Florentino Ameghino.<\/p>\n\n\n\n<figure class=\"wp-block-image\"><a href=\"javascript:void(0);\"><img decoding=\"async\" src=\"https:\/\/www.telam.com.ar\/thumbs\/bluesteel\/advf\/imagenes\/2023\/07\/64c6487ddd707_1200.jpg\" alt=\"Foto Twitter\"\/><\/a><figcaption>Foto: Twitter.<\/figcaption><\/figure>\n\n\n\n<p>El alerta a\u00f1ade que &#8220;entre la tarde y la noche&#8221; del lunes &#8220;en las zonas costeras de Chubut y Santa Cruz la direcci\u00f3n del viento ser\u00e1 predominante del sector norte&#8221;.<\/p>\n\n\n\n<p>Este s\u00e1bado un temporal de viento, con r\u00e1fagas que superaron los 120 kil\u00f3metros por hora, azot\u00f3 a la ciudad chubutense de Comodoro Rivadavia, causando da\u00f1os en las calles, voladuras de techos y ca\u00eddas de cables que derivaron en cortes de luz.<\/p>\n\n\n\n<figure class=\"wp-block-image\"><a href=\"javascript:void(0);\"><img decoding=\"async\" src=\"https:\/\/www.telam.com.ar\/thumbs\/bluesteel\/advf\/imagenes\/2023\/07\/64c55dcdbf181_1200.jpg\" alt=\"Telam SE\"\/><\/a><\/figure>\n\n\n\n<h2 class=\"wp-block-heading\">Los candidatos<\/h2>\n\n\n\n<p>Los principales contendientes son el frente<strong>&nbsp;&#8220;Arriba Chubut&#8221;<\/strong>, un frente con eje en el peronismo provincial que lleva como candidato a la gobernaci\u00f3n al intendente de Comodoro Rivadavia, Juan Pablo Luque, y la coalici\u00f3n de&nbsp;<strong>Juntos por el Cambio<\/strong>&nbsp;(JxC), que postula como mandatario al senador nacional, Ignacio Torres.<\/p>\n\n\n\n<p>La dispar composici\u00f3n demogr\u00e1fica de Chubut -que presenta la inusual caracter\u00edstica de que su capital, Rawson, est\u00e1 quinta en cantidad de habitantes- ilusiona a los dirigentes del peronismo con la obtenci\u00f3n de que un triunfo es posible si se obtiene una diferencia importante de votos en las ciudades de Comodoro Rivadavia y Puerto Madryn.<\/p>\n\n\n\n<p>La f\u00f3rmula que integran Luque y el actual vicegobernador y exintendente de Puerto Madryn, Ricardo Sastre, puede tambi\u00e9n robustecer sus chances si consigue resultados competitivos en el resto de las localidades de la provincia, seg\u00fan las estimaciones que por estas horas se realizan en &#8220;Arriba Chubut&#8221;.<\/p>\n\n\n\n<figure class=\"wp-block-image\"><a href=\"javascript:void(0);\"><img decoding=\"async\" src=\"https:\/\/www.telam.com.ar\/thumbs\/bluesteel\/advf\/imagenes\/2023\/07\/64c2a1238f61f_1200.jpg\" alt=\"Juan Pablo Luque Foto Maxi Jonas\"\/><\/a><figcaption>Juan Pablo Luque \/ Foto: Maxi Jonas.<\/figcaption><\/figure>\n\n\n\n<h3 class=\"wp-block-heading\">LUQUE, EL INTENDENTE PERONISTA DE COMODORO RIVADAVIA QUE BUSCA LLEGAR A LA GOBERNACI\u00d3N<\/h3>\n\n\n\n<p>El intendente de Comodoro Rivadavia y dirigente justicialista Juan Pablo Luque, de 45 a\u00f1os, es el candidato a gobernador por &#8220;Arriba Chubut&#8221; para las elecciones del pr\u00f3ximo domingo, acompa\u00f1ado en la f\u00f3rmula por el actual vicegobernador y ex intendente de Puerto Madryn, Ricardo Sastre, con quien desplegaron una campa\u00f1a basada en mostrar los logros de su gesti\u00f3n y la posibilidad de ser replicados en la administraci\u00f3n provincial.<br><br>&#8220;Lo que proponemos para Chubut ya lo hicimos en Comodoro Rivadavia, no es una construcci\u00f3n ret\u00f3rica del &#8216;vamos a hacer&#8217; sino que intentamos proyectar lo que ya hicimos y que est\u00e1 a la vista, lo que nos convierte en el \u00fanico proyecto con experiencia&#8221;, remarc\u00f3 Luque durante la presente campa\u00f1a electoral.<br><br>Luque fue asesor letrado de la direcci\u00f3n de defensa al consumidor, concejal, vice intendente y es actualmente intendente de Comodoro Rivadavia, la ciudad m\u00e1s importante del Chubut en cantidad de habitantes y por su porte econ\u00f3mico, cabecera de la cuenca petrolera del Golfo San Jorge.<br><br>Luque tambi\u00e9n fue presidente del Club Gimnasia y Esgrima de esa ciudad durante 14 a\u00f1os, per\u00edodo tras el cual le quedaron &#8220;lazos muy fuertes con los clubes&#8221; y una conciencia de la &#8220;importancia que tiene la actividad deportiva en la formaci\u00f3n de ni\u00f1os y j\u00f3venes&#8221;, seg\u00fan cont\u00f3 durante la campa\u00f1a.<br><br>&#8220;Les pido a los chubutenses que no se dejen seducir por los cantos de sirena de quienes dicen que los conducir\u00e1n a buen puerto, porque para eso hace falta experiencia&#8221;, es otra de las afirmaciones que el postulante pronunci\u00f3 en varias de las actividades proselitistas que desarroll\u00f3.<br><br>Luque asegur\u00f3 que, de llegar a la gobernaci\u00f3n del Chubut, encarar\u00e1 un fuerte plan de obras p\u00fablicas para mejorar la trama vial y el tendido el\u00e9ctrico.<br><br>&#8220;Chubut es una provincia con una enorme capacidad de producci\u00f3n, pero necesita de caminos y rutas para vincularse con el mundo y conectar a los sectores que no est\u00e1n incluidos en el sistema el\u00e9ctrico, que es una vasta parte de la geograf\u00eda de nuestra provincia&#8221; sostuvo.<br><br>En la actualidad, gran parte del interior de este distrito patag\u00f3nico tiene generaci\u00f3n aislada que se hace a trav\u00e9s de motores diesel que consumen combustible, son caros y dif\u00edciles de reparar cuando salen de servicio.<br><br>Para el jefe comunal de Comodoro Rivadavia, &#8220;el tema de la infraestructura al servicio de la poblaci\u00f3n y la producci\u00f3n es central porque eso atraer\u00e1 inversiones y generar\u00e1 fuentes de trabajo, que es el c\u00edrculo virtuoso que se debe consolidar para aprovechar las enormes potencialidades que tiene esta provincia&#8221;.<br><br>&#8220;Hace 60 a\u00f1os que Chubut vive del petr\u00f3leo, el gas, el aluminio, la pesca y algo de turismo, con una provincia que crece por el empuje de sus pueblos y eso genera una demanda hacia el Estado cada vez m\u00e1s importante. Necesitamos m\u00e1s escuelas, brindar un mejor servicio de salud y mejores conectividades para lograr que las industrias y los productores prosperen&#8221; , enumer\u00f3 en un di\u00e1logo que mantuvo con T\u00e9lam.<br><br>&#8220;Lo hemos demostrado en gesti\u00f3n&#8221;, dijo y agreg\u00f3 que cree &#8220;firmemente en los armados colectivos&#8221; y por eso apuesta a la conformaci\u00f3n de &#8220;equipos de trabajo&#8221;.<br><br>&#8220;Creo firmemente en los armados colectivos para la soluci\u00f3n de los problemas y la consolidaci\u00f3n de proyectos pol\u00edticos&#8221;, dijo en esa oportunidad a T\u00e9lam.<br><br>Consultado sobre su orientaci\u00f3n pol\u00edtica, se define como &#8220;un peronista comprometido con el armado nacional de Juntos por la Patria&#8221; y suelta un recuerdo que involucra al expresidente N\u00e9stor Kirchner quien, dijo, &#8220;siempre nos mostr\u00f3 a los chubutenses en general y a los comodorenses en particular un especial afecto&#8221;.<br><br>El frente electoral &#8220;Arriba Chubut&#8221;, que impulsa su candidatura, est\u00e1 integrado por ocho espacios con eje en el PJ.<br><br>En referencia a la conformaci\u00f3n de la f\u00f3rmula de origen justicialista, Luque no tiene dudas en asegurar que son &#8220;el \u00fanico proyecto pol\u00edtico con experiencia para saber resolver conflictos y enfrentar crisis&#8221; y &#8220;no&#8221; porque lo digan &#8220;en un micr\u00f3fono&#8221;, sino porque lo hacen &#8220;todos los d\u00edas&#8221; en las cuestiones de gobierno.<br><br>En cambio, desde el entorno de Torres (35) consideran que el postulante de JxC tiene que ampliar posibilidades de imponerse por un amplio margen en Trelew -localidad de donde es oriundo el legislador nacional-, en funci\u00f3n del triunfo que el espacio obtuvo en las elecciones municipales que se celebraron el pasado 16 de abril en esa ciudad.<\/p>\n\n\n\n<h3 class=\"wp-block-heading\">TORRES, EL CANDIDATO DE JXC QUE QUIERE &#8220;DAR VUELTA LA P\u00c1GINA&#8221;<\/h3>\n\n\n\n<p>El senador nacional Ignacio Torres, de 35 a\u00f1os, es el candidato a la gobernaci\u00f3n de Juntos por el Cambio, la alianza que se constituy\u00f3 en Chubut entre la Uni\u00f3n C\u00edvica Radical y Propuesta Republicana con adhesiones de partidos municipales que se propone &#8220;dar vuelta la p\u00e1gina de 20 a\u00f1os de gobiernos que nos llevaron a la bancarrota a la provincias&#8221;.<br><br>Torres es administrador de empresas, oriundo de Trelew (la segunda ciudad en cantidad de habitantes de Chubut) y proviene de una familia de inversores vinculados al transporte, distribuci\u00f3n y venta de combustible en varias estaciones de servicios.<br><br>&#8220;Despierta Chubut&#8221;, es el eslogan de su campa\u00f1a, que apunta a modificar una realidad que &#8211;al entender del candidato&#8211; que se inici\u00f3 en la provincia desde que Mario Das Neves asumi\u00f3 como gobernador en diciembre del 2003.<br><br>&#8220;Mario Das Neves, Mart\u00edn Buzzi y ahora Mariano Arcioni son lo mismo, tienen los mismos funcionarios que van rotando y claramente Juan Pablo Luque (su principal rival del justicialismo) ser\u00eda la continuidad&#8221; asegur\u00f3 en di\u00e1logo con T\u00e9lam.<br><br>El candidato a la gobernaci\u00f3n del Chubut por JxC no defini\u00f3 una postura frente a la confrontaci\u00f3n nacional dentro de su espacio que protagonizan el jefe de Gobierno porte\u00f1o, Horacio Rodr\u00edguez Larreta y la exministra de Seguridad, Patricia Bullrich, y se define como &#8220;amigo de ambos&#8221;<br><br>&#8220;Los dos vinieron varias veces a la provincia y a los dos respetamos y valoramos mucho, pero estamos enfocados en la elecci\u00f3n local y necesitamos de todos&#8221;, asegur\u00f3.<br><br>En caso de ser electo, Torres promete &#8220;poner el acento en la ejecuci\u00f3n presupuestaria&#8221; para ordenar los n\u00fameros y calcula que &#8220;eliminando los gastos superfluos que genera la propia dirigencia pol\u00edtica vamos a obtener recursos por ejemplo, para reparar las escuelas que se vienen abajo por falta de inversi\u00f3n&#8221;.<br><br>Agreg\u00f3 que &#8220;en vista de ello hemos firmado un compromiso con quien ser\u00e1 el futuro vicegobernador (en referencia a su compa\u00f1ero de f\u00f3rmula Gustavo Menna) y los pr\u00f3ximos diputados, para crear un fondo que recaude todos esos gastos superfluos y sean destinados a la educaci\u00f3n, lo cual tambi\u00e9n servir\u00e1 de ejemplo de austeridad que tanta falta le hace a la ciudadan\u00eda&#8221;.<br><br>Torres lleg\u00f3 a la banca del Senado tras ser diputado nacional, aunque ya hab\u00eda tenido experiencia previa en la funci\u00f3n p\u00fablica como director ejecutivo del PAMI de la provincia de Chubut y coordinador de la Mesa Patag\u00f3nica de Desarrollo durante la presidencia de Mauricio Macri.<br><br>Su compa\u00f1ero de f\u00f3rmula, el abogado Gustavo Menna (58), es un reconocido dirigente de la Uni\u00f3n C\u00edvica Radical que fue diputado provincial, funcionario del poder ejecutivo chubutense, convencional constituyente y m\u00e1s cercano en el tiempo diputado nacional por Chubut.<br><br>Adem\u00e1s de &#8220;Arriba Chubut&#8221; y &#8220;Juntos por el Cambio&#8221;, se presenta la alianza<strong>&nbsp;&#8220;Por la Libertad Independiente Chubutense&#8221;<\/strong>, que en el orden nacional se referencia con el diputado nacional Javier Milei, y postula a gobernador al empresario C\u00e9sar Treffinger, que estar\u00e1 acompa\u00f1ado en el binomio por la comisaria Laura Mirantes.<\/p>\n\n\n\n<p>Tambi\u00e9n participa el&nbsp;<strong>Frente de Izquierda<\/strong>, integrado por el &#8220;Movimiento Socialista de los Trabajadores y el&nbsp;<strong>FIT-Unidad&#8221;&nbsp;<\/strong>que lleva a Emilse Saavedra y Julieta Rusconi como candidatas a gobernadora y vice.<\/p>\n\n\n\n<p>Y completa la oferta electoral el \u00fanico partido pol\u00edtico que present\u00f3 f\u00f3rmula por fuera de las alianzas que es<strong>&nbsp;&#8220;Generaci\u00f3n para un Encuentro Nacional&#8221;<\/strong>&nbsp;(GEN), que encabeza Oscar Petersen para la gobernaci\u00f3n, acompa\u00f1ado de Nancy Lobos.<\/p>\n\n\n\n<figure class=\"wp-block-image\"><a href=\"javascript:void(0);\"><img decoding=\"async\" src=\"https:\/\/www.telam.com.ar\/thumbs\/bluesteel\/advf\/imagenes\/2023\/07\/64c2b29d6f045_1200.jpg\" alt=\"Ignacio Torres Foto Maxi Jonas\"\/><\/a><figcaption>Ignacio Torres \/ Foto: Maxi Jonas.<\/figcaption><\/figure>\n\n\n\n<h2 class=\"wp-block-heading\">M\u00e1s categor\u00edas de las elecciones<\/h2>\n\n\n\n<p>Adem\u00e1s de las categor\u00edas gobernador y vice, en las elecciones de este domingo 30 de julio, se elegir\u00e1n los 27 diputados provinciales que integran la legislatura unicameral del Chubut.<\/p>\n\n\n\n<p>En este distrito<strong>&nbsp;est\u00e1n habilitados para votar 474.242 ciudadanos en 1.416 mesas electorales distribuidas en 248 escuelas<\/strong>, sin contar el padr\u00f3n de extranjeros que elabora cada una de las municipalidades para las categor\u00edas locales.<\/p>\n\n\n\n<p>Tambi\u00e9n habr\u00e1 elecciones para intendente y concejales en la<strong>&nbsp;mayor\u00eda de las localidades, excepto Trelew&nbsp;<\/strong>que ya tuvo comicios municipales el 16 de abril.<\/p>\n\n\n\n<p>Tampoco votar\u00e1n este domingo a intendente y concejales los vecinos de las localidades de Corcovado y R\u00edo Mayo, ya que no adhirieron al turno electoral provincial y votar\u00e1n con las nacionales.<\/p>\n\n\n\n<p>Se elegir\u00e1 adem\u00e1s el 30 de julio a los representantes populares para el consejo de la magistratura en 3 circunscripciones judiciales y el vocal para el tribunal de cuentas de Comodoro Rivadavia.<\/p>\n\n\n\n<p>De las listas presentadas hay<strong>&nbsp;dos espacios que inscribieron los mismos candidatos en la justicia federal&nbsp;<\/strong>para ser diputados nacionales por si no son elegidos a nivel provincial.<\/p>\n\n\n\n<p>Se trata del GEN y Libertad Avanza, que inscribieron a Oscar Petersen y Nancy Lobos y a C\u00e9sar Treffinger y Laura Haydee Mirantes, respectivamente, tanto para gobernador y vice en las elecciones provinciales del 30 de julio como para diputados nacionales en las PASO del 13 de agosto.<\/p>\n","protected":false},"excerpt":{"rendered":"<p>(TELAM) -&#8220;Arriba Chubut&#8221;, con eje en el peronismo que lleva como candidato a la gobernaci\u00f3n al intendente de Comodoro Rivadavia, Juan Pablo Luque, y la coalici\u00f3n de Juntos por el&hellip; <\/p>\n","protected":false},"author":11,"featured_media":77039,"comment_status":"closed","ping_status":"open","sticky":false,"template":"","format":"standard","meta":{"footnotes":""},"categories":[10],"tags":[920,378],"class_list":["post-77038","post","type-post","status-publish","format-standard","has-post-thumbnail","hentry","category-nacionales","tag-chubut","tag-elecciones"],"_links":{"self":[{"href":"https:\/\/corrientesdetarde.com\/index.php\/wp-json\/wp\/v2\/posts\/77038","targetHints":{"allow":["GET"]}}],"collection":[{"href":"https:\/\/corrientesdetarde.com\/index.php\/wp-json\/wp\/v2\/posts"}],"about":[{"href":"https:\/\/corrientesdetarde.com\/index.php\/wp-json\/wp\/v2\/types\/post"}],"author":[{"embeddable":true,"href":"https:\/\/corrientesdetarde.com\/index.php\/wp-json\/wp\/v2\/users\/11"}],"replies":[{"embeddable":true,"href":"https:\/\/corrientesdetarde.com\/index.php\/wp-json\/wp\/v2\/comments?post=77038"}],"version-history":[{"count":1,"href":"https:\/\/corrientesdetarde.com\/index.php\/wp-json\/wp\/v2\/posts\/77038\/revisions"}],"predecessor-version":[{"id":77040,"href":"https:\/\/corrientesdetarde.com\/index.php\/wp-json\/wp\/v2\/posts\/77038\/revisions\/77040"}],"wp:featuredmedia":[{"embeddable":true,"href":"https:\/\/corrientesdetarde.com\/index.php\/wp-json\/wp\/v2\/media\/77039"}],"wp:attachment":[{"href":"https:\/\/corrientesdetarde.com\/index.php\/wp-json\/wp\/v2\/media?parent=77038"}],"wp:term":[{"taxonomy":"category","embeddable":true,"href":"https:\/\/corrientesdetarde.com\/index.php\/wp-json\/wp\/v2\/categories?post=77038"},{"taxonomy":"post_tag","embeddable":true,"href":"https:\/\/corrientesdetarde.com\/index.php\/wp-json\/wp\/v2\/tags?post=77038"}],"curies":[{"name":"wp","href":"https:\/\/api.w.org\/{rel}","templated":true}]}}