{"id":77042,"date":"2023-07-30T18:38:58","date_gmt":"2023-07-30T21:38:58","guid":{"rendered":"https:\/\/corrientesdetarde.com\/?p=77042"},"modified":"2023-07-30T18:39:02","modified_gmt":"2023-07-30T21:39:02","slug":"la-guerra-llego-a-moscu-rusia-acuso-a-ucrania-de-lanzar-ataques-con-drones","status":"publish","type":"post","link":"https:\/\/corrientesdetarde.com\/index.php\/internacionales\/la-guerra-llego-a-moscu-rusia-acuso-a-ucrania-de-lanzar-ataques-con-drones\/","title":{"rendered":"La guerra lleg\u00f3 a Mosc\u00fa: Rusia acus\u00f3 a Ucrania de lanzar ataques con drones."},"content":{"rendered":"\n<h2 class=\"wp-block-heading\">Las autoridades rusas reportaron da\u00f1os en dos edificios del centro de la ciudad. No hubo v\u00edctimas.<\/h2>\n\n\n\n<p>En un nuevo cap\u00edtulo de la guerra que ya lleva 17 meses, Rusia denunci\u00f3 un ataque ucraniano con drones contra\u00a0Mosc\u00fa\u00a0y la pen\u00ednsula de Crimea, anexada por el Kremlin en 2014.<\/p>\n\n\n\n<p>\u201cDrones ucranianos nos atacaron esta noche. Las fachadas de dos torres de oficinas de la ciudad resultaron levemente da\u00f1adas. No hay v\u00edctimas ni heridos\u201d, escribi\u00f3 el alcalde de la capital rusa,\u00a0<strong>Sergu\u00e9i Sobianin<\/strong>.<\/p>\n\n\n\n<p>Tras el ataque, el presidente ucraniano,&nbsp;<strong>Volodimir Zelensk<\/strong>i, advirti\u00f3 que la guerra estaba llegando a Mosc\u00fa.<\/p>\n\n\n\n<h2 class=\"wp-block-heading\">C\u00f3mo fue el ataque con drones en el centro de Mosc\u00fa<\/h2>\n\n\n\n<p>El Ministerio de Defensa de Rusia precis\u00f3 que los drones impactaron este domingo en los edificios del conjunto de rascacielos del centro financiero y de negocios conocido como la City de Mosc\u00fa despu\u00e9s de haber sido inhibidos con medios de guerra electr\u00f3nica.<\/p>\n\n\n\n<p>Uno de los aparatos da\u00f1\u00f3 un complejo de oficinas en Mosc\u00fa, donde los cristales de varias ventanas estallaron. En tanto, el aeropuerto internacional de la capital rusa cerr\u00f3 brevemente por el ataque.<\/p>\n\n\n\n<figure class=\"wp-block-image\"><img decoding=\"async\" src=\"https:\/\/tn.com.ar\/resizer\/x3cYQTTTAhvWLXohr6kWaXMFVSw=\/767x0\/smart\/filters:format(webp)\/cloudfront-us-east-1.images.arcpublishing.com\/artear\/DVWZICA2IFFLRKCTUNSNGQOHEQ.jpg\" alt=\"El ataque con drones caus\u00f3 da\u00f1os en un edificio de Mosc\u00fa (Foto: EFE)\"\/><figcaption>El ataque con drones caus\u00f3 da\u00f1os en un edificio de Mosc\u00fa (Foto: EFE)<\/figcaption><\/figure>\n\n\n\n<p>Seg\u00fan el Ministerio ruso de Defensa, tres drones fueron responsables del ataque en Mosc\u00fa. Uno de ellos fue derribado y los dos otros fueron \u201cneutralizados mediante guerra electr\u00f3nica\u201d.<\/p>\n\n\n\n<p>Seg\u00fan un comunicado de esa cartera, Ucrania lanz\u00f3 adem\u00e1s 25 drones de ala fija contra la pen\u00ednsula de Crimea. Seg\u00fan afirm\u00f3, todos fueron derribados por las fuerzas de defensa antia\u00e9rea.<\/p>\n\n\n\n<p>Los militares rusos indicaron que 16 drones fueron destruidos por el fuego de la artiller\u00eda antia\u00e9rea y los otros nueve cayeron al mar, inhibidos con medios de guerra electr\u00f3nica.<\/p>\n\n\n\n<h2 class=\"wp-block-heading\">Kiev advirti\u00f3 que la guerra se est\u00e1 trasladando a Mosc\u00fa<\/h2>\n\n\n\n<p>Zelenski habl\u00f3 despu\u00e9s del ataque. \u201cLa guerra est\u00e1 volviendo gradualmente al territorio de Rusia, a sus centros simb\u00f3licos y bases militares. Este es un proceso inevitable, natural y absolutamente justo\u201d, dijo el mandatario, al margen de una visita a Ivano-Frankivsk, en el oeste del pa\u00eds.<\/p>\n\n\n\n<p>\u201cUcrania se est\u00e1 volviendo m\u00e1s fuerte\u201d, subray\u00f3, aunque advirti\u00f3 que su pa\u00eds deb\u00eda prepararse para nuevos ataques contra infraestructuras energ\u00e9ticas el pr\u00f3ximo invierno.<\/p>\n\n\n\n<p>No es la primera vez que Rusia denuncia ataques con drones ucranianos contra su territorio. En febrero asegur\u00f3 que Kiev lanz\u00f3\u00a0un ataque con aparatos no tripulados contra varias ciudades del centro y sur\u00a0del pa\u00eds, a 100 kil\u00f3metros de la capital.<\/p>\n\n\n\n<p>El 30 de mayo, el Kremlin denunci\u00f3\u00a0un ataque masivo de drones en Mosc\u00fa. En esa ocasi\u00f3n, las autoridades rusas dijeron que el ataque fue repelido por la defensa antia\u00e9rea rusa.<\/p>\n\n\n\n<p><\/p>\n\n\n\n<p>Fuente: Todo Noticias.<\/p>\n","protected":false},"excerpt":{"rendered":"<p>Las autoridades rusas reportaron da\u00f1os en dos edificios del centro de la ciudad. No hubo v\u00edctimas. En un nuevo cap\u00edtulo de la guerra que ya lleva 17 meses, Rusia denunci\u00f3&hellip; <\/p>\n","protected":false},"author":6,"featured_media":77043,"comment_status":"closed","ping_status":"open","sticky":false,"template":"","format":"standard","meta":{"footnotes":""},"categories":[11],"tags":[],"class_list":["post-77042","post","type-post","status-publish","format-standard","has-post-thumbnail","hentry","category-internacionales"],"_links":{"self":[{"href":"https:\/\/corrientesdetarde.com\/index.php\/wp-json\/wp\/v2\/posts\/77042","targetHints":{"allow":["GET"]}}],"collection":[{"href":"https:\/\/corrientesdetarde.com\/index.php\/wp-json\/wp\/v2\/posts"}],"about":[{"href":"https:\/\/corrientesdetarde.com\/index.php\/wp-json\/wp\/v2\/types\/post"}],"author":[{"embeddable":true,"href":"https:\/\/corrientesdetarde.com\/index.php\/wp-json\/wp\/v2\/users\/6"}],"replies":[{"embeddable":true,"href":"https:\/\/corrientesdetarde.com\/index.php\/wp-json\/wp\/v2\/comments?post=77042"}],"version-history":[{"count":1,"href":"https:\/\/corrientesdetarde.com\/index.php\/wp-json\/wp\/v2\/posts\/77042\/revisions"}],"predecessor-version":[{"id":77044,"href":"https:\/\/corrientesdetarde.com\/index.php\/wp-json\/wp\/v2\/posts\/77042\/revisions\/77044"}],"wp:featuredmedia":[{"embeddable":true,"href":"https:\/\/corrientesdetarde.com\/index.php\/wp-json\/wp\/v2\/media\/77043"}],"wp:attachment":[{"href":"https:\/\/corrientesdetarde.com\/index.php\/wp-json\/wp\/v2\/media?parent=77042"}],"wp:term":[{"taxonomy":"category","embeddable":true,"href":"https:\/\/corrientesdetarde.com\/index.php\/wp-json\/wp\/v2\/categories?post=77042"},{"taxonomy":"post_tag","embeddable":true,"href":"https:\/\/corrientesdetarde.com\/index.php\/wp-json\/wp\/v2\/tags?post=77042"}],"curies":[{"name":"wp","href":"https:\/\/api.w.org\/{rel}","templated":true}]}}