{"id":77045,"date":"2023-07-30T18:50:41","date_gmt":"2023-07-30T21:50:41","guid":{"rendered":"https:\/\/corrientesdetarde.com\/?p=77045"},"modified":"2023-07-30T18:50:45","modified_gmt":"2023-07-30T21:50:45","slug":"independiente-hablo-sobre-los-incidentes-en-el-estadio","status":"publish","type":"post","link":"https:\/\/corrientesdetarde.com\/index.php\/deportes\/independiente-hablo-sobre-los-incidentes-en-el-estadio\/","title":{"rendered":"Independiente habl\u00f3 sobre los incidentes en el estadio."},"content":{"rendered":"\n<h2 class=\"wp-block-heading\">Luego de la derrota ante Boca y la mala campa\u00f1a en el torneo, los simpatizantes se mostraron en contra de la dirigencia que se pronunci\u00f3 un d\u00eda despu\u00e9s de la tensi\u00f3n que se vivi\u00f3 un Avellaneda.<\/h2>\n\n\n\n<p>Arde\u00a0<strong>Independiente<\/strong>. El Rojo perdi\u00f3 ante\u00a0Boca por la \u00faltima fecha de la Liga Profesional\u00a0y se hunde en la zona baja del torneo. Por eso, los hinchas cantaron todo el partido contra varios dirigentes y a la salida hubo incidentes con la\u00a0polic\u00eda que lanz\u00f3 balas de goma.\u00a0Un d\u00eda despu\u00e9s de los hechos, el club lanz\u00f3 un comunicado.<\/p>\n\n\n\n<p>\u201c<strong>La Comisi\u00f3n Directiva del Club Atl\u00e9tico Independiente repudia los hechos ocurridos tras el encuentro ante el Club Atl\u00e9tico Boca Juniors<\/strong>\u201d, comienza el comunicado. Y agrega: \u201c<strong>Seguimos sosteniendo que la violencia nunca es el camino y que las socias y los socios tienen que poder venir con tranquilidad a disfrutar un espect\u00e1culo deportivo<\/strong>\u201d.<\/p>\n\n\n\n<figure class=\"wp-block-image\"><img decoding=\"async\" src=\"https:\/\/tn.com.ar\/resizer\/1NXy4iVNHd2x_g_craGQhS6D1kM=\/767x0\/smart\/filters:format(webp)\/cloudfront-us-east-1.images.arcpublishing.com\/artear\/7JSDPRROWFGLRBXMOXB4YJIGC4.jfif\" alt=\"Comunicado de Independiente luego de los incidentes.\"\/><figcaption>Comunicado de Independiente luego de los incidentes.<\/figcaption><\/figure>\n\n\n\n<p>La informaci\u00f3n fue confirmada por el periodista de&nbsp;<strong>TN&nbsp;<\/strong>Santiago Martella, quien estuvo en el lugar y fue testigo directo de lo que ocurri\u00f3. Los hinchas estallaron tras la derrota y<strong>&nbsp;cantaron sobre todo en contra de los directivos y del manager del Rojo, Pablo Cavallero.<\/strong><\/p>\n\n\n\n<p>Algunos tambi\u00e9n pusieron la mirada en el entrenador del equipo,\u00a0<strong>Ricardo Zielinski<\/strong>, y el plantel, pero el principal foco de reclamo estuvo en los dirigentes de la instituci\u00f3n.\u00a0<strong>Los hinchas piden que se arme un buen equipo para la Copa de la Liga<\/strong>, con el objetivo de poder salir de la zona baja.<\/p>\n\n\n\n<h2 class=\"wp-block-heading\">El comunicado completo de Independiente<\/h2>\n\n\n\n<p><em>La Comisi\u00f3n Directiva del Club Atl\u00e9tico Independiente repudia los hechos ocurridos tras el encuentro ante el Club Atl\u00e9tico Boca Juniors.<\/em><\/p>\n\n\n\n<p><em>Es por ello, que estamos trabajando junto con la A.Pre.Vi.De. para investigar la injustificada represi\u00f3n policial ocurrida en el Play\u00f3n Erico a nuestras socias y socios que se encontraban all\u00ed presentes.<\/em><\/p>\n\n\n\n<p><em>Desde ya, nos encontramos a disposici\u00f3n de la Fiscal\u00eda interviniente para entregar todas las im\u00e1genes obtenidas de nuestras c\u00e1maras de vigilancia con la intenci\u00f3n de esclarecer lo acontecido.<\/em><\/p>\n\n\n\n<p><em>De esta manera, se ha tomado la decisi\u00f3n de que la seguridad dentro del estadio Libertadores de Am\u00e9rica \u2013 Ricardo Enrique Bochini quede a cargo de la seguridad privada contratada por la instituci\u00f3n para estos efectos.<\/em><\/p>\n\n\n\n<p><em>A su vez, seguimos sosteniendo que la violencia nunca es el camino y que las socias y los socios tienen que poder venir con tranquilidad a disfrutar un espect\u00e1culo deportivo.<\/em><\/p>\n\n\n\n<p><em>Finalmente, expresamos nuestras m\u00e1s sinceras disculpas y nos ponemos a disposici\u00f3n de los damnificados por este evitable incidente.<\/em><\/p>\n\n\n\n<p><\/p>\n\n\n\n<p><em>Fuente: Todo Noticias.<\/em><\/p>\n","protected":false},"excerpt":{"rendered":"<p>Luego de la derrota ante Boca y la mala campa\u00f1a en el torneo, los simpatizantes se mostraron en contra de la dirigencia que se pronunci\u00f3 un d\u00eda despu\u00e9s de la&hellip; <\/p>\n","protected":false},"author":6,"featured_media":77052,"comment_status":"closed","ping_status":"open","sticky":false,"template":"","format":"standard","meta":{"footnotes":""},"categories":[4],"tags":[],"class_list":["post-77045","post","type-post","status-publish","format-standard","has-post-thumbnail","hentry","category-deportes"],"_links":{"self":[{"href":"https:\/\/corrientesdetarde.com\/index.php\/wp-json\/wp\/v2\/posts\/77045","targetHints":{"allow":["GET"]}}],"collection":[{"href":"https:\/\/corrientesdetarde.com\/index.php\/wp-json\/wp\/v2\/posts"}],"about":[{"href":"https:\/\/corrientesdetarde.com\/index.php\/wp-json\/wp\/v2\/types\/post"}],"author":[{"embeddable":true,"href":"https:\/\/corrientesdetarde.com\/index.php\/wp-json\/wp\/v2\/users\/6"}],"replies":[{"embeddable":true,"href":"https:\/\/corrientesdetarde.com\/index.php\/wp-json\/wp\/v2\/comments?post=77045"}],"version-history":[{"count":1,"href":"https:\/\/corrientesdetarde.com\/index.php\/wp-json\/wp\/v2\/posts\/77045\/revisions"}],"predecessor-version":[{"id":77053,"href":"https:\/\/corrientesdetarde.com\/index.php\/wp-json\/wp\/v2\/posts\/77045\/revisions\/77053"}],"wp:featuredmedia":[{"embeddable":true,"href":"https:\/\/corrientesdetarde.com\/index.php\/wp-json\/wp\/v2\/media\/77052"}],"wp:attachment":[{"href":"https:\/\/corrientesdetarde.com\/index.php\/wp-json\/wp\/v2\/media?parent=77045"}],"wp:term":[{"taxonomy":"category","embeddable":true,"href":"https:\/\/corrientesdetarde.com\/index.php\/wp-json\/wp\/v2\/categories?post=77045"},{"taxonomy":"post_tag","embeddable":true,"href":"https:\/\/corrientesdetarde.com\/index.php\/wp-json\/wp\/v2\/tags?post=77045"}],"curies":[{"name":"wp","href":"https:\/\/api.w.org\/{rel}","templated":true}]}}