{"id":77047,"date":"2023-07-30T18:48:51","date_gmt":"2023-07-30T21:48:51","guid":{"rendered":"https:\/\/corrientesdetarde.com\/?p=77047"},"modified":"2023-07-30T20:26:15","modified_gmt":"2023-07-30T23:26:15","slug":"a-pesar-del-mal-clima-y-el-alerta-amarillo-chubut-tuvo-alta-participacion-en-las-urnas","status":"publish","type":"post","link":"https:\/\/corrientesdetarde.com\/index.php\/nacionales\/a-pesar-del-mal-clima-y-el-alerta-amarillo-chubut-tuvo-alta-participacion-en-las-urnas\/","title":{"rendered":"A PESAR DEL MAL CLIMA Y EL ALERTA AMARILLO CHUBUT TUVO ALTA PARTICIPACION EN LAS URNAS"},"content":{"rendered":"\n<p>(Propias y TELAM) &#8211; En un tiempo electoral signado por el desencanto y lo sm\u00e1s bajos niveles de participaci\u00f3n en las elecciones provinciales que se fueron llevando a cabo en este a\u00f1o, Chubut demostr\u00f3 un significativo inter\u00e9s ya que a finalizar el sufragio hab\u00eda votado el 65% del padr\u00f3n habilitado para sufragar.<\/p>\n\n\n\n<p>Adem\u00e1s el Tribunal Electoral del Chubut (TEP) destac\u00f3 esta tarde que las elecciones a gobernador se desarrollan &#8220;con absoluta normalidad&#8221; con todas las escuelas habilitadas y sin contingencias clim\u00e1ticas que entorpezcan la llegada de los ciudadanos a los centros de votaci\u00f3n.<\/p>\n\n\n\n<p>La demora que se registr\u00f3 en la apertura de algunas mesas a las 8 de hoy fueron &#8220;episodios m\u00ednimos&#8221; para el TEP, sobre lo cual &#8220;se actu\u00f3 r\u00e1pidamente y antes de las 10 se pudieron habilitar las 1.416 mesas en las 248 escuelas.<\/p>\n\n\n\n<p>A las 15 el promedio de votantes en toda la provincia era del 47%, por lo que desde los centros electorales de las principales fuerzas pol\u00edticas se esperaba que al final de la jornada se supere el 60% de participaci\u00f3n.<\/p>\n\n\n\n<p>La provincia permanece en &#8220;alerta amarillo&#8221; por fuertes vientos, que no alcanzaron la fuerza de ayer s\u00e1bado pero se hacen sentir con velocidades entre 45 y 60 km\/h y r\u00e1fagas de 75 a 100 km\/h en distintos puntos de la extensa geograf\u00eda chubutense.<\/p>\n\n\n\n<p>El parte del Servicio Meteorol\u00f3gico Nacional abarca los departamentos de Gastre, M\u00e1rtires, Telsen, Gaiman, Paso de Indios, Biedma, Rawson, costa de Florentino Ameghino, y Escalante (donde se asienta Comodoro Rivadavia).<\/p>\n\n\n\n<p>Los principales candidatos a gobernador hab\u00edan votado al mediod\u00eda y llamaron a la sociedad a participar de los comicios, en los que tambi\u00e9n se eligen diputados provinciales, intendentes y concejales.<\/p>\n\n\n\n<p>Los principales contendientes son &#8220;Arriba Chubut&#8221;, un frente con eje en el peronismo provincial que lleva como candidato a la gobernaci\u00f3n al intendente de Comodoro Rivadavia, Juan Pablo Luque, y la coalici\u00f3n de Juntos por el Cambio (JxC), que postula como mandatario al senador nacional Ignacio Torres.<\/p>\n\n\n\n<p>Adem\u00e1s de &#8220;Arriba Chubut&#8221; y &#8220;Juntos por el Cambio&#8221;, se presenta la alianza &#8220;Por la Libertad Independiente Chubutense&#8221;, que en el orden nacional se referencia con el diputado Javier Milei, y postula a gobernador al empresario C\u00e9sar Treffinger, que estar\u00e1 acompa\u00f1ado en el binomio por la comisaria Laura Mirantes.<\/p>\n\n\n\n<p>El gobernador Mariano Arcioni valor\u00f3 al momento de votar el &#8220;enorme esfuerzo&#8221; que realizaron los agentes p\u00fablicos para restablecer el servicio el\u00e9ctrico.<\/p>\n\n\n\n<p>Arcioni, tras emitir su voto en la escuela 1 de Comodoro Rivadavia, indic\u00f3 que &#8220;el proceso electoral se desarrolla con normalidad&#8221; y felicit\u00f3 a &#8220;todos&#8221; por el &#8220;enorme esfuerzo que desplegaron para que hoy votemos los chubutenses&#8221;.<\/p>\n\n\n\n<p>En Comodoro Rivadavia tambi\u00e9n vot\u00f3 Luque, que desde la escuela 39 calific\u00f3 a la jornada como &#8220;muy especial&#8221; porque &#8220;se hace luego de un temporal de viento que lleg\u00f3 a tener r\u00e1fagas de 157 kil\u00f3metros y gracias a un buen operativo de contenci\u00f3n que se mont\u00f3 no se produjeron da\u00f1os personales porque la gente acat\u00f3 la recomendaci\u00f3n de permanecer en sus hogares&#8221;.<\/p>\n\n\n\n<p>Tambi\u00e9n aprovech\u00f3 el postulante para efectuar un &#8220;agradecimiento a los 300 operarios en los distintos niveles que trabajaron para limpiar y que la ciudad vuelva a la normalidad, cosa que lo logramos, como en otras oportunidades porque los comodorenses hemos tenido muchos golpes de la naturaleza&#8221;.<\/p>\n\n\n\n<p>Ante los medios presentes,  envi\u00f3 un &#8220;mensaje a los porte\u00f1os para advertirles que con sus impuestos se financi\u00f3 la campa\u00f1a de JxC con cifras inimaginables&#8221;.<\/p>\n\n\n\n<p>Por su parte, Torres emiti\u00f3 su sufragio en la escuela 5 de Trelew donde exhort\u00f3 a &#8220;concurrir a votar porque es un momento \u00fanico en el que el voto del m\u00e1s humilde vale igual que el del m\u00e1s poderoso y no hay algo m\u00e1s igualador que eso&#8221;.<\/p>\n\n\n\n<p>Torres asegur\u00f3 que &#8220;por la informaci\u00f3n que tenemos la elecci\u00f3n se desarrolla con normalidad y estuvimos en contacto permanentemente con la candidata nuestra en Comodoro Rivadavia, donde tanto afect\u00f3 el viento, que nos manifest\u00f3 tranquilidad&#8221;.<\/p>\n\n\n\n<p>Tambi\u00e9n compiten el Frente de Izquierda, integrado por el &#8220;Movimiento Socialista de los Trabajadores y el FIT-Unidad&#8221;, que lleva a Emilse Saavedra y Julieta Rusconi como candidatas a gobernadora y vice.<\/p>\n\n\n\n<p>Y completa la oferta electoral el \u00fanico partido pol\u00edtico que present\u00f3 f\u00f3rmula por fuera de las alianzas que es &#8220;Generaci\u00f3n para un Encuentro Nacional&#8221; (GEN), con Oscar Petersen para la gobernaci\u00f3n, acompa\u00f1ado de Nancy Lobos.<\/p>\n\n\n\n<p>En este distrito est\u00e1n habilitados para votar 474.242 ciudadanos en 1.416 mesas electorales distribuidas en 248 escuelas, sin contar el padr\u00f3n de extranjeros que elabora cada una de las municipalidades para las categor\u00edas locales.<\/p>\n\n\n\n<p>Tambi\u00e9n hay elecciones de intendentes y concejales en la mayor\u00eda de las localidades, excepto Trelew, que ya tuvo comicios municipales el 16 de abril.<\/p>\n\n\n\n<p>Tampoco votan hoy para intendente y concejales los vecinos de las localidades de Corcovado y R\u00edo Mayo, ya que no adhirieron al turno electoral provincial y votar\u00e1n con las nacionales.<\/p>\n\n\n\n<p>La situaci\u00f3n de mayor complejidad en cuanto al clima se vivi\u00f3 en Comodoro Rivadavia, donde el temporal de viento sopl\u00f3 el s\u00e1bado con r\u00e1fagas superiores a los 130 kil\u00f3metros horarios, provoc\u00f3 voladuras de techos, cortes de energ\u00eda y la interrupci\u00f3n del servicio de transporte urbano de pasajeros tras declararse una alerta naranja por parte de las autoridades de Defensa Civil.<\/p>\n\n\n\n<p><\/p>\n","protected":false},"excerpt":{"rendered":"<p>(Propias y TELAM) &#8211; En un tiempo electoral signado por el desencanto y lo sm\u00e1s bajos niveles de participaci\u00f3n en las elecciones provinciales que se fueron llevando a cabo en&hellip; <\/p>\n","protected":false},"author":11,"featured_media":77050,"comment_status":"closed","ping_status":"open","sticky":false,"template":"","format":"standard","meta":{"footnotes":""},"categories":[10],"tags":[920,378,921],"class_list":["post-77047","post","type-post","status-publish","format-standard","has-post-thumbnail","hentry","category-nacionales","tag-chubut","tag-elecciones","tag-padron"],"_links":{"self":[{"href":"https:\/\/corrientesdetarde.com\/index.php\/wp-json\/wp\/v2\/posts\/77047","targetHints":{"allow":["GET"]}}],"collection":[{"href":"https:\/\/corrientesdetarde.com\/index.php\/wp-json\/wp\/v2\/posts"}],"about":[{"href":"https:\/\/corrientesdetarde.com\/index.php\/wp-json\/wp\/v2\/types\/post"}],"author":[{"embeddable":true,"href":"https:\/\/corrientesdetarde.com\/index.php\/wp-json\/wp\/v2\/users\/11"}],"replies":[{"embeddable":true,"href":"https:\/\/corrientesdetarde.com\/index.php\/wp-json\/wp\/v2\/comments?post=77047"}],"version-history":[{"count":2,"href":"https:\/\/corrientesdetarde.com\/index.php\/wp-json\/wp\/v2\/posts\/77047\/revisions"}],"predecessor-version":[{"id":77080,"href":"https:\/\/corrientesdetarde.com\/index.php\/wp-json\/wp\/v2\/posts\/77047\/revisions\/77080"}],"wp:featuredmedia":[{"embeddable":true,"href":"https:\/\/corrientesdetarde.com\/index.php\/wp-json\/wp\/v2\/media\/77050"}],"wp:attachment":[{"href":"https:\/\/corrientesdetarde.com\/index.php\/wp-json\/wp\/v2\/media?parent=77047"}],"wp:term":[{"taxonomy":"category","embeddable":true,"href":"https:\/\/corrientesdetarde.com\/index.php\/wp-json\/wp\/v2\/categories?post=77047"},{"taxonomy":"post_tag","embeddable":true,"href":"https:\/\/corrientesdetarde.com\/index.php\/wp-json\/wp\/v2\/tags?post=77047"}],"curies":[{"name":"wp","href":"https:\/\/api.w.org\/{rel}","templated":true}]}}