{"id":7705,"date":"2022-10-01T18:44:29","date_gmt":"2022-10-01T21:44:29","guid":{"rendered":"https:\/\/corrientesdetarde.com\/?p=7705"},"modified":"2022-10-01T18:44:33","modified_gmt":"2022-10-01T21:44:33","slug":"obispo-de-corrientes-pidio-acciones-urgentes-para-combatir-la-extrema-pobreza","status":"publish","type":"post","link":"https:\/\/corrientesdetarde.com\/index.php\/informacion-general\/obispo-de-corrientes-pidio-acciones-urgentes-para-combatir-la-extrema-pobreza\/","title":{"rendered":"<strong>Obispo de Corrientes pidi\u00f3 &#8220;acciones urgentes&#8221; para combatir la extrema pobreza<\/strong>"},"content":{"rendered":"\n<p><strong>El obispo auxiliar de Corrientes, Jos\u00e9 Adolfo Larregain, analiz\u00f3 los n\u00fameros del INDEC que reflejan la realidad socioecon\u00f3mica del pa\u00eds, de la regi\u00f3n y de esta capital. Pidi\u00f3 acciones urgentes.<\/strong><\/p>\n\n\n\n<p><strong>La tasa de pobreza se ubic\u00f3 en 36,5% en Argentina al cierre del primer semestre de 2022, equivalente a 17,3 millones de personas, seg\u00fan inform\u00f3, esta semana, el Instituto Nacional de Estad\u00edstica y Censos (INDEC).<\/strong><\/p>\n\n\n\n<p><strong>&nbsp;Ese guarismo representa una baja de 4,1 puntos respecto al 40,6% que se hab\u00eda registrado en el mismo per\u00edodo de 2021, cuando la pandemia hab\u00eda paralizado la actividad econ\u00f3mica.<\/strong><\/p>\n\n\n\n<p><strong>A su vez, descendi\u00f3 1,8 puntos con relaci\u00f3n al segundo semestre del a\u00f1o pasado. Las cifras oficiales muestran que el 27,7% de los hogares del pa\u00eds es pobre y la indigencia afecta al 6,8%.<\/strong><\/p>\n\n\n\n<p><strong>Siempre de acuerdo al reporte del INDEC, en la ciudad de Corrientes, teniendo en cuenta a una poblaci\u00f3n estimada en 385.704 personas, la tasa de pobreza registrada fue del 38,5% (148.676 personas) y la de la indigencia del 7,6% (29.188 ciudadanos).<\/strong><\/p>\n\n\n\n<p><strong>El obispo auxiliar de Corrientes, Jos\u00e9 Adolfo Larregain, analiz\u00f3 esos indicadores junto a \u00e9poca y sostuvo &#8220;con las estad\u00edsticas en mano se habla de que baj\u00f3 la pobreza pero subi\u00f3 la indigencia&#8221;.<\/strong><\/p>\n\n\n\n<p><strong>En esa tesitura ampli\u00f3 que &#8220;son valores muy altos, esto tiene que ver con los aumentos de la Canasta B\u00e1sica, con incrementos que superan incluso el \u00edndice de la inflaci\u00f3n. Esto nos habla de un cierto desfasaje o desconexi\u00f3n entre la realidad y los informes que se dan oficialmente&#8221;.<\/strong><\/p>\n\n\n\n<p><strong>FUENTE: DIARIO \u00c9POCA<\/strong><\/p>\n","protected":false},"excerpt":{"rendered":"<p>El obispo auxiliar de Corrientes, Jos\u00e9 Adolfo Larregain, analiz\u00f3 los n\u00fameros del INDEC que reflejan la realidad socioecon\u00f3mica del pa\u00eds, de la regi\u00f3n y de esta capital. Pidi\u00f3 acciones urgentes.&hellip; <\/p>\n","protected":false},"author":1,"featured_media":7706,"comment_status":"closed","ping_status":"open","sticky":false,"template":"","format":"standard","meta":{"footnotes":""},"categories":[1],"tags":[],"class_list":["post-7705","post","type-post","status-publish","format-standard","has-post-thumbnail","hentry","category-informacion-general"],"_links":{"self":[{"href":"https:\/\/corrientesdetarde.com\/index.php\/wp-json\/wp\/v2\/posts\/7705","targetHints":{"allow":["GET"]}}],"collection":[{"href":"https:\/\/corrientesdetarde.com\/index.php\/wp-json\/wp\/v2\/posts"}],"about":[{"href":"https:\/\/corrientesdetarde.com\/index.php\/wp-json\/wp\/v2\/types\/post"}],"author":[{"embeddable":true,"href":"https:\/\/corrientesdetarde.com\/index.php\/wp-json\/wp\/v2\/users\/1"}],"replies":[{"embeddable":true,"href":"https:\/\/corrientesdetarde.com\/index.php\/wp-json\/wp\/v2\/comments?post=7705"}],"version-history":[{"count":1,"href":"https:\/\/corrientesdetarde.com\/index.php\/wp-json\/wp\/v2\/posts\/7705\/revisions"}],"predecessor-version":[{"id":7707,"href":"https:\/\/corrientesdetarde.com\/index.php\/wp-json\/wp\/v2\/posts\/7705\/revisions\/7707"}],"wp:featuredmedia":[{"embeddable":true,"href":"https:\/\/corrientesdetarde.com\/index.php\/wp-json\/wp\/v2\/media\/7706"}],"wp:attachment":[{"href":"https:\/\/corrientesdetarde.com\/index.php\/wp-json\/wp\/v2\/media?parent=7705"}],"wp:term":[{"taxonomy":"category","embeddable":true,"href":"https:\/\/corrientesdetarde.com\/index.php\/wp-json\/wp\/v2\/categories?post=7705"},{"taxonomy":"post_tag","embeddable":true,"href":"https:\/\/corrientesdetarde.com\/index.php\/wp-json\/wp\/v2\/tags?post=7705"}],"curies":[{"name":"wp","href":"https:\/\/api.w.org\/{rel}","templated":true}]}}