{"id":77054,"date":"2023-07-30T19:05:48","date_gmt":"2023-07-30T22:05:48","guid":{"rendered":"https:\/\/corrientesdetarde.com\/?p=77054"},"modified":"2023-07-30T19:06:00","modified_gmt":"2023-07-30T22:06:00","slug":"morena-rial-llevara-a-la-justicia-a-angel-de-brito-por-el-robo-en-lam","status":"publish","type":"post","link":"https:\/\/corrientesdetarde.com\/index.php\/espectaculos\/morena-rial-llevara-a-la-justicia-a-angel-de-brito-por-el-robo-en-lam\/","title":{"rendered":"Morena Rial llevar\u00e1 a la Justicia a \u00c1ngel de Brito por el robo en LAM."},"content":{"rendered":"\n<h2 class=\"wp-block-heading\"><strong>Alejandro Cipolla<\/strong>, abogado de la hija de\u00a0<strong>Jorge Rial<\/strong>, adelant\u00f3 que iniciar\u00e1 acciones legales contra el periodista.<\/h2>\n\n\n\n<p>Aunque el\u00a0robo en los camarines de\u00a0<strong>Am\u00e9rica\u00a0<\/strong>se resolvi\u00f3 cuando\u00a0una amiga y ni\u00f1era de<strong>\u00a0Morena Rial\u00a0<\/strong>confes\u00f3 haber sido la autora de los hurtos, la hija de\u00a0<strong>Jorge Rial<\/strong>\u00a0planea una contraofensiva e ir\u00e1 contra\u00a0<strong>\u00c1ngel de Brito<\/strong>.<\/p>\n\n\n\n<p>\u201cMorena me dijo que accione contra De Brito\u201d, adelant\u00f3&nbsp;<strong>Alejandro Cipolla<\/strong>, el abogado de la medi\u00e1tica en&nbsp;<strong>El run run del espect\u00e1culo<\/strong>. \u201cNo s\u00e9 si la contuvieron, pero en LAM hicieron un reality del robo. Lo tendr\u00edan que haber denunciado\u201d, asever\u00f3.<\/p>\n\n\n\n<p>\u201cYo creo que cualquier televidente la acus\u00f3 de eso. Incluso pusieron las c\u00e1maras, no hubo un cuidado. Si lo hubieran hecho, no se hablaba del tema\u201d, cuestion\u00f3 al ciclo. A trav\u00e9s de Twitter, el conductor no se qued\u00f3 callado.<\/p>\n\n\n\n<figure class=\"wp-block-image\"><img decoding=\"async\" src=\"https:\/\/www.ciudad.com.ar\/sites\/default\/files\/styles\/nota_especiales_contenido\/public\/angel_de_brito_3.jpg?itok=DdHdgNrj\" alt=\"Morena Rial llevar\u00e1 a la Justicia a \u00c1ngel de Brito por el robo en LAM: la reacci\u00f3n del conductor\" title=\"Morena Rial llevar\u00e1 a la Justicia a \u00c1ngel de Brito por el robo en LAM: la reacci\u00f3n del conductor\"\/><\/figure>\n\n\n\n<p>Foto: Twitter<\/p>\n\n\n\n<h2 class=\"wp-block-heading\"><strong>LA PALABRA DE \u00c1NGEL DE BRITO DESPU\u00c9S DE QUE MORENA RIAL ANUNCI\u00d3 QUE LO LLEVAR\u00c1 A LA JUSTICIA<\/strong><\/h2>\n\n\n\n<p>\u201cMir\u00e1, Angelito. Tanto defenderla y la cabeza de termo act\u00faa as\u00ed\u201d, fue el comentario de una usuaria de red social, junto a una imagen del programa de\u00a0<strong>Cr\u00f3nica T<\/strong>V, al que reaccion\u00f3 el periodista.<\/p>\n\n\n\n<p>\u201cVamos a denunciar a \u00c1ngel de Brito\u201d, aparec\u00eda en un graph, que vali\u00f3 una contundente frase del animador.<\/p>\n\n\n\n<p>\u201cEstoy acostumbrado\u201d, se despach\u00f3 \u00c1ngel, muy filoso. \u00a1La que se viene!<\/p>\n\n\n\n<p><\/p>\n","protected":false},"excerpt":{"rendered":"<p>Alejandro Cipolla, abogado de la hija de\u00a0Jorge Rial, adelant\u00f3 que iniciar\u00e1 acciones legales contra el periodista. Aunque el\u00a0robo en los camarines de\u00a0Am\u00e9rica\u00a0se resolvi\u00f3 cuando\u00a0una amiga y ni\u00f1era de\u00a0Morena Rial\u00a0confes\u00f3 haber&hellip; <\/p>\n","protected":false},"author":6,"featured_media":77061,"comment_status":"closed","ping_status":"open","sticky":false,"template":"","format":"standard","meta":{"footnotes":""},"categories":[19],"tags":[],"class_list":["post-77054","post","type-post","status-publish","format-standard","has-post-thumbnail","hentry","category-espectaculos"],"_links":{"self":[{"href":"https:\/\/corrientesdetarde.com\/index.php\/wp-json\/wp\/v2\/posts\/77054","targetHints":{"allow":["GET"]}}],"collection":[{"href":"https:\/\/corrientesdetarde.com\/index.php\/wp-json\/wp\/v2\/posts"}],"about":[{"href":"https:\/\/corrientesdetarde.com\/index.php\/wp-json\/wp\/v2\/types\/post"}],"author":[{"embeddable":true,"href":"https:\/\/corrientesdetarde.com\/index.php\/wp-json\/wp\/v2\/users\/6"}],"replies":[{"embeddable":true,"href":"https:\/\/corrientesdetarde.com\/index.php\/wp-json\/wp\/v2\/comments?post=77054"}],"version-history":[{"count":1,"href":"https:\/\/corrientesdetarde.com\/index.php\/wp-json\/wp\/v2\/posts\/77054\/revisions"}],"predecessor-version":[{"id":77062,"href":"https:\/\/corrientesdetarde.com\/index.php\/wp-json\/wp\/v2\/posts\/77054\/revisions\/77062"}],"wp:featuredmedia":[{"embeddable":true,"href":"https:\/\/corrientesdetarde.com\/index.php\/wp-json\/wp\/v2\/media\/77061"}],"wp:attachment":[{"href":"https:\/\/corrientesdetarde.com\/index.php\/wp-json\/wp\/v2\/media?parent=77054"}],"wp:term":[{"taxonomy":"category","embeddable":true,"href":"https:\/\/corrientesdetarde.com\/index.php\/wp-json\/wp\/v2\/categories?post=77054"},{"taxonomy":"post_tag","embeddable":true,"href":"https:\/\/corrientesdetarde.com\/index.php\/wp-json\/wp\/v2\/tags?post=77054"}],"curies":[{"name":"wp","href":"https:\/\/api.w.org\/{rel}","templated":true}]}}